{"id":17923,"date":"2025-10-19T10:43:40","date_gmt":"2025-10-19T08:43:40","guid":{"rendered":"https:\/\/monde25.info\/index.php\/2025\/10\/19\/prison-de-noumea-50-detenus-denoncent-des-conditions-de-detention-inhumaines-rt-en-francais\/"},"modified":"2025-10-19T10:43:40","modified_gmt":"2025-10-19T08:43:40","slug":"prison-de-noumea-50-detenus-denoncent-des-conditions-de-detention-inhumaines-rt-en-francais","status":"publish","type":"post","link":"https:\/\/monde25.info\/index.php\/2025\/10\/19\/prison-de-noumea-50-detenus-denoncent-des-conditions-de-detention-inhumaines-rt-en-francais\/","title":{"rendered":"Prison de Noum\u00e9a, 50 d\u00e9tenus d\u00e9noncent des conditions de d\u00e9tention \u00ab\u202finhumaines\u202f\u00bb \u2014 RT en fran\u00e7ais"},"content":{"rendered":"<p> <br \/>\n<br \/><img decoding=\"async\" src=\"https:\/\/mf.b37mrtl.ru\/french\/images\/2025.10\/thumbnail\/68f48f4b6f7ccc12381019d2.jpg\" \/><\/p>\n<div>\n<p class=\"text__summary\">\n                                        \u00c0 Noum\u00e9a, 50 d\u00e9tenus du Camp-Est d\u00e9posent un r\u00e9f\u00e9r\u00e9-libert\u00e9 pour d\u00e9noncer leurs conditions de d\u00e9tention inhumaines : surpopulation, insalubrit\u00e9, chaleur extr\u00eame et manque d\u2019acc\u00e8s aux soins. Malgr\u00e9 des alertes r\u00e9p\u00e9t\u00e9es, la situation reste inchang\u00e9e. Ils exigent des mesures imm\u00e9diates.\n                                    <\/p>\n<p data-start=\"123\" data-end=\"566\">\u00c0 Noum\u00e9a, cinquante d\u00e9tenus du Camp-Est, principale prison de Nouvelle-Cal\u00e9donie, ont d\u00e9cid\u00e9 de faire entendre leur voix. Sans gr\u00e8ve ni mutinerie, mais en d\u00e9posant, le 17 octobre, un r\u00e9f\u00e9r\u00e9-libert\u00e9 devant le tribunal administratif. Leur objectif : d\u00e9noncer, dans une requ\u00eate collective in\u00e9dite, des conditions de d\u00e9tention jug\u00e9es \u00ab indignes \u00bb et obtenir des mesures urgentes contre ce qu\u2019ils qualifient de \u00ab traitement inhumain et d\u00e9gradant \u00bb.<\/p>\n<p data-start=\"568\" data-end=\"1107\">Construit en partie avec d\u2019anciens conteneurs maritimes, mal isol\u00e9s et surchauff\u00e9s pendant l\u2019\u00e9t\u00e9 austral, le Camp-Est h\u00e9berge 569 d\u00e9tenus pour seulement 414 places, soit une surpopulation de 140 %. Dans des cellules de 12 m\u00b2 pr\u00e9vues pour deux personnes, ils sont souvent \u00e0 quatre ou cinq, sans aucune intimit\u00e9.<\/p>\n<h2 data-start=\"568\" data-end=\"1107\">Des travaux pr\u00e9vus pour &#8230; 2032<\/h2>\n<p data-start=\"568\" data-end=\"1107\">Les sanitaires sont d\u00e9fectueux, les fen\u00eatres obstru\u00e9es, et les nuisibles, cafards, rats, moustiques, sont omnipr\u00e9sents. Un de ces d\u00e9tenus a t\u00e9moign\u00e9 en d\u00e9crivant cette promiscuit\u00e9, o\u00f9 les lits s&rsquo;entassent jusqu&rsquo;\u00e0 ne laisser aucun espace de vie.<\/p>\n<p data-start=\"1109\" data-end=\"1651\">Mais au-del\u00e0 de l\u2019insalubrit\u00e9, les d\u00e9tenus d\u00e9noncent aussi des carences m\u00e9dicales graves : acc\u00e8s difficile aux soins, m\u00e9dicaments mal prescrits, et m\u00eame un cas de contamination \u00e0 la tuberculose. L\u2019un d\u2019eux raconte dans une lettre bouleversante ses craintes d\u2019avoir contamin\u00e9 ses proches, re\u00e7us au parloir. Tous \u00e9voquent une souffrance psychologique profonde, aggrav\u00e9e par la chaleur \u00e9touffante et l\u2019isolement de 23 heures par jour. \u00ab On est oblig\u00e9s d\u2019inonder le sol avec l\u2019eau des toilettes pour rafra\u00eechir l\u2019air \u00bb, a t\u00e9moign\u00e9 un ancien d\u00e9tenu.<\/p>\n<p data-start=\"1653\" data-end=\"2100\">Malgr\u00e9 plusieurs alertes officielles depuis plus de dix ans, dont un rapport accablant en 2011 et une condamnation de l\u2019\u00c9tat en 2024 pour son inaction, les conditions de vie au Camp-Est n\u2019ont cess\u00e9 de se d\u00e9grader. Les travaux de r\u00e9novation ne sont pas pr\u00e9vus avant 2028, pour une livraison estim\u00e9e \u00e0\u2026 2032. Une attente insoutenable pour les d\u00e9tenus, comme pour les surveillants p\u00e9nitentiaires eux-m\u00eames, qui d\u00e9noncent une \u00ab prison de la honte \u00bb.<\/p>\n<p data-start=\"2102\" data-end=\"2336\">Face \u00e0 l\u2019indiff\u00e9rence g\u00e9n\u00e9rale, ces 50 d\u00e9tenus ont choisi la voie du droit pour exiger, enfin, un traitement digne. Leur audience est pr\u00e9vue ce lundi 20 octobre. Pour eux, c\u2019est peut-\u00eatre la derni\u00e8re chance de faire bouger les lignes.<\/p>\n<\/div>\n<p><br \/>\n<br \/><a href=\"https:\/\/francais.rt.com\/france\/126493-prison-noumea-50-detenus-denoncent-conditions-detention-inhumaines\" target=\"_blank\"\">Source link <\/a><\/p>\n","protected":false},"excerpt":{"rendered":"<p>\u00c0 Noum\u00e9a, 50 d\u00e9tenus du Camp-Est d\u00e9posent un r\u00e9f\u00e9r\u00e9-libert\u00e9 pour d\u00e9noncer leurs conditions de d\u00e9tention inhumaines : surpopulation, insalubrit\u00e9, chaleur extr\u00eame et manque d\u2019acc\u00e8s aux soins. Malgr\u00e9 des alertes r\u00e9p\u00e9t\u00e9es,&hellip; <\/p>\n","protected":false},"author":1,"featured_media":17924,"comment_status":"open","ping_status":"open","sticky":false,"template":"","format":"standard","meta":{"footnotes":""},"categories":[1],"tags":[],"class_list":["post-17923","post","type-post","status-publish","format-standard","has-post-thumbnail","hentry","category-non-classe"],"_links":{"self":[{"href":"https:\/\/monde25.info\/index.php\/wp-json\/wp\/v2\/posts\/17923","targetHints":{"allow":["GET"]}}],"collection":[{"href":"https:\/\/monde25.info\/index.php\/wp-json\/wp\/v2\/posts"}],"about":[{"href":"https:\/\/monde25.info\/index.php\/wp-json\/wp\/v2\/types\/post"}],"author":[{"embeddable":true,"href":"https:\/\/monde25.info\/index.php\/wp-json\/wp\/v2\/users\/1"}],"replies":[{"embeddable":true,"href":"https:\/\/monde25.info\/index.php\/wp-json\/wp\/v2\/comments?post=17923"}],"version-history":[{"count":0,"href":"https:\/\/monde25.info\/index.php\/wp-json\/wp\/v2\/posts\/17923\/revisions"}],"wp:featuredmedia":[{"embeddable":true,"href":"https:\/\/monde25.info\/index.php\/wp-json\/wp\/v2\/media\/17924"}],"wp:attachment":[{"href":"https:\/\/monde25.info\/index.php\/wp-json\/wp\/v2\/media?parent=17923"}],"wp:term":[{"taxonomy":"category","embeddable":true,"href":"https:\/\/monde25.info\/index.php\/wp-json\/wp\/v2\/categories?post=17923"},{"taxonomy":"post_tag","embeddable":true,"href":"https:\/\/monde25.info\/index.php\/wp-json\/wp\/v2\/tags?post=17923"}],"curies":[{"name":"wp","href":"https:\/\/api.w.org\/{rel}","templated":true}]}}