{"id":17929,"date":"2025-10-19T14:01:37","date_gmt":"2025-10-19T12:01:37","guid":{"rendered":"https:\/\/monde25.info\/index.php\/2025\/10\/19\/epr2-a-gravelines-edf-face-a-un-terrain-trop-meuble-pour-ses-reacteurs-nucleaires\/"},"modified":"2025-10-19T14:01:37","modified_gmt":"2025-10-19T12:01:37","slug":"epr2-a-gravelines-edf-face-a-un-terrain-trop-meuble-pour-ses-reacteurs-nucleaires","status":"publish","type":"post","link":"https:\/\/monde25.info\/index.php\/2025\/10\/19\/epr2-a-gravelines-edf-face-a-un-terrain-trop-meuble-pour-ses-reacteurs-nucleaires\/","title":{"rendered":"EPR2 \u00e0 Gravelines\u00a0: EDF face \u00e0 un terrain trop meuble pour ses r\u00e9acteurs nucl\u00e9aires"},"content":{"rendered":"<p> <br \/>\n<br \/><img loading=\"lazy\" decoding=\"async\" src=\"https:\/\/reporterre.net\/local\/cache-vignettes\/L700xH467\/gravelines_-b8ec0.jpg?1760705397\" class=\"spip_logo\" width=\"700\" height=\"467\" alt=\"\" \/><\/p>\n<p><span class=\"caps\">EDF<\/span> va devoir revoir sa copie concernant son projet d&rsquo;<span class=\"caps\">EPR2<\/span> \u00e0 Gravelines (Nord). Dans un avis dat\u00e9 du 23\u00a0juillet rendu public le 16\u00a0octobre, l&rsquo;Autorit\u00e9 de s\u00fbret\u00e9 nucl\u00e9aire et de radioprotection\u00a0(<span class=\"caps\">ASNR<\/span>) alerte que le projet de renforcement du sol du site de Gravelines, indispensable pour accueillir les deux r\u00e9acteurs, n&rsquo;est pour l&rsquo;heure \u00ab<small class=\"fine d-inline\">\u00a0<\/small>pas satisfaisant<small class=\"fine d-inline\">\u00a0<\/small>\u00bb. <br class=\"autobr\" \/><br \/>\nPour l&rsquo;<span class=\"caps\">ONG<\/span> Greenpeace, cet avis \u00ab<small class=\"fine d-inline\">\u00a0<\/small>accablant<small class=\"fine d-inline\">\u00a0<\/small>\u00bb \u00ab<small class=\"fine d-inline\">\u00a0<\/small>remet en cause les <span class=\"caps\">EPR2<\/span><small class=\"fine d-inline\">\u00a0<\/small>\u00bb. En\u00a02024, elle avait d\u00e9j\u00e0 publi\u00e9 un rapport alertant sur le\u00a0(\u2026)<\/p>\n<p>                    <a target=\"_blank\" href=\"https:\/\/reporterre.net\/EPR2-a-Gravelines-EDF-face-a-un-terrain-trop-meuble-pour-ses-reacteurs-nucleaires?utm_source=RSS&amp;utm_medium=RSS\">Lire la suite<\/a><\/p>\n<p>                    &#8211;<br \/>\n                        <a target=\"_blank\" href=\"https:\/\/reporterre.net\/Breves-20\" rel=\"directory\">En bref<\/a><\/p>\n<p>                    \/<br \/>\n                        <a target=\"_blank\" href=\"https:\/\/reporterre.net\/Nucleaire\" rel=\"tag\">Nucl\u00e9aire<\/a><br \/>\n<br \/><br \/>\n<br \/><a href=\"https:\/\/reporterre.net\/EPR2-a-Gravelines-EDF-face-a-un-terrain-trop-meuble-pour-ses-reacteurs-nucleaires\" target=\"_blank\"\">Source link <\/a><\/p>\n","protected":false},"excerpt":{"rendered":"<p>EDF va devoir revoir sa copie concernant son projet d&rsquo;EPR2 \u00e0 Gravelines (Nord). Dans un avis dat\u00e9 du 23\u00a0juillet rendu public le 16\u00a0octobre, l&rsquo;Autorit\u00e9 de s\u00fbret\u00e9 nucl\u00e9aire et de radioprotection\u00a0(ASNR)&hellip; <\/p>\n","protected":false},"author":1,"featured_media":0,"comment_status":"open","ping_status":"open","sticky":false,"template":"","format":"standard","meta":{"footnotes":""},"categories":[1],"tags":[],"class_list":["post-17929","post","type-post","status-publish","format-standard","hentry","category-non-classe"],"_links":{"self":[{"href":"https:\/\/monde25.info\/index.php\/wp-json\/wp\/v2\/posts\/17929","targetHints":{"allow":["GET"]}}],"collection":[{"href":"https:\/\/monde25.info\/index.php\/wp-json\/wp\/v2\/posts"}],"about":[{"href":"https:\/\/monde25.info\/index.php\/wp-json\/wp\/v2\/types\/post"}],"author":[{"embeddable":true,"href":"https:\/\/monde25.info\/index.php\/wp-json\/wp\/v2\/users\/1"}],"replies":[{"embeddable":true,"href":"https:\/\/monde25.info\/index.php\/wp-json\/wp\/v2\/comments?post=17929"}],"version-history":[{"count":0,"href":"https:\/\/monde25.info\/index.php\/wp-json\/wp\/v2\/posts\/17929\/revisions"}],"wp:attachment":[{"href":"https:\/\/monde25.info\/index.php\/wp-json\/wp\/v2\/media?parent=17929"}],"wp:term":[{"taxonomy":"category","embeddable":true,"href":"https:\/\/monde25.info\/index.php\/wp-json\/wp\/v2\/categories?post=17929"},{"taxonomy":"post_tag","embeddable":true,"href":"https:\/\/monde25.info\/index.php\/wp-json\/wp\/v2\/tags?post=17929"}],"curies":[{"name":"wp","href":"https:\/\/api.w.org\/{rel}","templated":true}]}}