{"id":1793,"date":"2024-12-09T01:33:41","date_gmt":"2024-12-09T00:33:41","guid":{"rendered":"https:\/\/monde25.info\/index.php\/2024\/12\/09\/les-deputes-de-gauche-atterres-devant-lallocution-demmanuel-macron\/"},"modified":"2024-12-09T01:33:41","modified_gmt":"2024-12-09T00:33:41","slug":"les-deputes-de-gauche-atterres-devant-lallocution-demmanuel-macron","status":"publish","type":"post","link":"https:\/\/monde25.info\/index.php\/2024\/12\/09\/les-deputes-de-gauche-atterres-devant-lallocution-demmanuel-macron\/","title":{"rendered":"les d\u00e9put\u00e9s de gauche atterr\u00e9s devant l\u2019allocution d\u2019Emmanuel Macron"},"content":{"rendered":"<p> <br \/>\n<\/p>\n<div>\n<p class=\"indication_lieu\">Paris, reportage<\/p>\n<p><i>\u00ab<small class=\"fine d-inline\">\u00a0<\/small>Le mec nous fait la le\u00e7on, alors que c\u2019est lui qui a foutu le bordel\u2026<small class=\"fine d-inline\">\u00a0<\/small>\u00bb<\/i> Concentr\u00e9 sur son ordinateur \u2014 coinc\u00e9 sur une \u00e9tag\u00e8re entre un vid\u00e9oprojecteur et une bouteille d\u2019eau \u2014 Arnaud Le Gall, d\u00e9put\u00e9 La France insoumise (<span class=\"caps\">LFI<\/span>) dans le Val-d\u2019Oise, ne peut s\u2019emp\u00eacher de commenter le discours pr\u00e9sidentiel. \u00c0 20\u00a0heures jeudi 5\u00a0d\u00e9cembre, Emmanuel Macron s\u2019est exprim\u00e9 en direct sur <span class=\"caps\">TF1<\/span> apr\u00e8s le <a target=\"_blank\" href=\"https:\/\/reporterre.net\/Sans-cap-comment-avancer-L-angoisse-des-ONG-ecologistes-apres-la-chute-du-gouvernement\">renversement du gouvernement de Michel Barnier<\/a>. La veille, une motion de censure avait \u00e9t\u00e9 vot\u00e9e par les d\u00e9put\u00e9s de gauche et d\u2019extr\u00eame droite en r\u00e9ponse au 49.3 du Premier ministre \u2014 d\u00e9sormais le plus \u00e9ph\u00e9m\u00e8re de la V<sup class=\"typo_exposants\">e<\/sup>\u00a0R\u00e9publique, avec moins de trois mois en poste \u2014 pour faire passer le projet de budget de la S\u00e9curit\u00e9 sociale.<\/p>\n<p>Pendant une dizaine de minutes, le pr\u00e9sident a d\u00e9plor\u00e9 la <i>\u00ab<small class=\"fine d-inline\">\u00a0<\/small>censure du gouvernement<small class=\"fine d-inline\">\u00a0<\/small>\u00bb<\/i> malgr\u00e9 les <i>\u00ab<small class=\"fine d-inline\">\u00a0<\/small>concessions faites \u00e0 l\u2019ensemble des groupes parlementaires<small class=\"fine d-inline\">\u00a0<\/small>\u00bb<\/i>. Il a ensuite exclu de d\u00e9missionner et accus\u00e9 <i>\u00ab<small class=\"fine d-inline\">\u00a0<\/small>l\u2019extr\u00eame droite et l\u2019extr\u00eame gauche<small class=\"fine d-inline\">\u00a0<\/small>\u00bb<\/i> de s\u2019\u00eatre unies <i>\u00ab<small class=\"fine d-inline\">\u00a0<\/small>dans un front antir\u00e9publicain<small class=\"fine d-inline\">\u00a0<\/small>\u00bb<\/i>. <i>\u00ab<small class=\"fine d-inline\">\u00a0<\/small>Il est gonfl\u00e9<small class=\"fine d-inline\">\u00a0<\/small>! Et de quelles concessions parle-t-il<small class=\"fine d-inline\">\u00a0<\/small>?<small class=\"fine d-inline\">\u00a0<\/small>\u00bb<\/i> s\u2019agace devant l\u2019\u00e9cran Arnaud Le Gall, qui, pour l\u2019occasion, a accueilli <i>Reporterre<\/i> dans son salon. Le parlementaire se dit tout de m\u00eame surpris que le locataire de l\u2019\u00c9lys\u00e9e n\u2019ait pas annonc\u00e9 le successeur ou la successeuse de Michel Barnier \u2014 ce qui est <i>\u00ab<small class=\"fine d-inline\">\u00a0<\/small>contraire \u00e0 la Constitution<small class=\"fine d-inline\">\u00a0<\/small>\u00bb<\/i>, rappelle-t-il.<\/p>\n<div class=\"spip_document_86919 spip_document spip_documents spip_document_image spip_documents_center spip_document_center spip_document_avec_legende\" data-legende-len=\"150\" data-legende-lenx=\"xxx\">\n<figure class=\"spip_doc_inner\">\n      <picture><source type=\"image\/webp\" srcset=\"https:\/\/reporterre.net\/local\/cache-vignettes\/L1050xH700\/05122024_dscf0049-_portraits_arnaud_legall_carrot-0869e.jpg@.webp?1733473752\"><img decoding=\"async\" src=\"https:\/\/reporterre.net\/IMG\/jpg\/05122024_dscf0049-_portraits_arnaud_legall_carrot.jpg\" width=\"1200\" height=\"800\" loading=\"lazy\" alt=\"\"\/><br \/>\n    <\/source><\/picture><figcaption class=\"spip_doc_legende\">\n<p>Au domicile du d\u00e9put\u00e9 La France insoumise (<span class=\"caps\"><span class=\"caps\">LFI<\/span><\/span>) du Val-d\u2019Oise Arnaud Le Gall, pendant l\u2019allocution d\u2019Emmanuel Macron.<br \/>\n<i>\u00a9 Benjamin Carrot \/ Reporterre<\/i><\/p>\n<\/figcaption><\/figure>\n<\/p><\/div>\n<p>Enfin, le chef de l\u2019\u00c9tat a pr\u00e9cis\u00e9 qu\u2019il nommerait un nouveau Premier ministre dans les prochains jours. Celui-ci repr\u00e9sentera <i>\u00ab<small class=\"fine d-inline\">\u00a0<\/small>toutes les forces politiques d\u2019un arc de gouvernement qui puisse y participer ou \u00e0 tout le moins s\u2019engage \u00e0 ne pas le censurer<small class=\"fine d-inline\">\u00a0<\/small>\u00bb<\/i>, a-t-il assur\u00e9.<\/p>\n<p>Les ministres d\u00e9missionnaires S\u00e9bastien Lecornu et Bruno Retailleau, le pr\u00e9sident du MoDem, Fran\u00e7ois Bayrou, ou encore le socialiste Bernard Cazeneuve font partie des noms qui circulent. <i>\u00ab<small class=\"fine d-inline\">\u00a0<\/small>Ce sera un clone quelconque<small class=\"fine d-inline\">\u00a0<\/small>\u00bb<\/i> de Michel Barnier, r\u00e9sume, pour sa part, Arnaud Le Gall, sa fille de 2 ans gigotant sur ses genoux. Devant lui, la table est couverte de feutres \u00e9parpill\u00e9s et de feuilles gribouill\u00e9es.<\/p>\n<div class=\"spip_document_86916 spip_document spip_documents spip_document_image spip_documents_center spip_document_center spip_document_avec_legende\" data-legende-len=\"121\" data-legende-lenx=\"xx\">\n<figure class=\"spip_doc_inner\">\n      <picture><source type=\"image\/webp\" srcset=\"https:\/\/reporterre.net\/local\/cache-vignettes\/L1050xH700\/05122024_dscf9915-_portraits_arnaud_legall_carrot-a2cb0.jpg@.webp?1733470384\"><img decoding=\"async\" src=\"https:\/\/reporterre.net\/IMG\/jpg\/05122024_dscf9915-_portraits_arnaud_legall_carrot.jpg\" width=\"1200\" height=\"800\" loading=\"lazy\" alt=\"\"\/><br \/>\n    <\/source><\/picture><figcaption class=\"spip_doc_legende\">\n<p>Pour Arnaud Le Gall, la d\u00e9mission du pr\u00e9sident ou sa destitution est la \u00ab<small class=\"fine d-inline\">\u00a0<\/small><small class=\"fine d-inline\">\u00a0<\/small>seule issue<small class=\"fine d-inline\">\u00a0<\/small><small class=\"fine d-inline\">\u00a0<\/small>\u00bb.<br \/>\n<i>\u00a9 Benjamin Carrot \/ Reporterre<\/i><\/p>\n<\/figcaption><\/figure>\n<\/p><\/div>\n<h2 class=\"spip\">\u00ab<small class=\"fine d-inline\">\u00a0<\/small>Le pr\u00e9sident doit d\u00e9missionner ou \u00eatre destitu\u00e9<small class=\"fine d-inline\">\u00a0<\/small>\u00bb<small class=\"fine d-inline\">\u00a0<\/small>\u00bb<\/h2>\n<p>Pour son coll\u00e8gue parlementaire Maxime Laisney, d\u00e9put\u00e9 <span class=\"caps\">LFI<\/span> de Seine-et-Marne joint par t\u00e9l\u00e9phone, la prise de parole d\u2019Emmanuel Macron est <i>\u00ab<small class=\"fine d-inline\">\u00a0<\/small>lunaire, inutile et provocatrice. Le probl\u00e8me reste entier\u00a0: le pr\u00e9sident doit d\u00e9missionner ou \u00eatre destitu\u00e9<small class=\"fine d-inline\">\u00a0<\/small>\u00bb<\/i>, insiste-t-il, r\u00e9p\u00e9tant ce que leur parti politique r\u00e9clame depuis des mois.<\/p>\n<p>C\u2019est la <i>\u00ab<small class=\"fine d-inline\">\u00a0<\/small>seule issue<small class=\"fine d-inline\">\u00a0<\/small>\u00bb<\/i>, affirme Arnaud Le Gall, qui estime que le repr\u00e9sentant de la nation <i>\u00ab<small class=\"fine d-inline\">\u00a0<\/small>n\u2019est plus capable d\u2019assumer politiquement son mandat<small class=\"fine d-inline\">\u00a0<\/small>\u00bb<\/i>. Une ligne directrice que les Insoumis tiendront co\u00fbte que co\u00fbte, en esp\u00e9rant acc\u00e9der aux responsabilit\u00e9s et appliquer leur programme. <i>\u00ab<small class=\"fine d-inline\">\u00a0<\/small>Le pays va mal, les in\u00e9galit\u00e9s explosent, les gens sont \u00e0 bout<small class=\"fine d-inline\">\u00a0<\/small>\u00bb<\/i>, dit Arnaud Le Gall.<\/p>\n<div class=\"spip_document_86913 spip_document spip_documents spip_document_image spip_documents_center spip_document_center spip_document_avec_legende\" data-legende-len=\"103\" data-legende-lenx=\"xx\">\n<figure class=\"spip_doc_inner\">\n      <picture><source type=\"image\/webp\" srcset=\"https:\/\/reporterre.net\/local\/cache-vignettes\/L1050xH700\/05122024_dscf0115-_portraits_arnaud_legall_carrot-2-212ee.jpg@.webp?1733470384\"><img decoding=\"async\" src=\"https:\/\/reporterre.net\/IMG\/jpg\/05122024_dscf0115-_portraits_arnaud_legall_carrot-2.jpg\" width=\"1200\" height=\"800\" loading=\"lazy\" alt=\"\"\/><br \/>\n    <\/source><\/picture><figcaption class=\"spip_doc_legende\">\n<p>Sur <span class=\"caps\"><span class=\"caps\">TF1<\/span><\/span>, Jean-Luc M\u00e9lenchon commente l\u2019intervention d\u2019Emmanuel Macron.<br \/>\n<i>\u00a9 Benjamin Carrot \/ Reporterre<\/i><\/p>\n<\/figcaption><\/figure>\n<\/p><\/div>\n<p>D\u2019ailleurs, le 5\u00a0d\u00e9cembre apr\u00e8s-midi, nombreux \u00e9taient les d\u00e9put\u00e9s <span class=\"caps\">LFI<\/span> \u00e0 avoir rejoint le cort\u00e8ge des fonctionnaires en gr\u00e8ve dans les rues de Paris, avant de rejoindre leur circonscription ou de courir les plateaux t\u00e9l\u00e9. Mais la fragile alliance de la gauche et des \u00e9cologistes survivra-t-elle \u00e0 cette situation politique jamais vue<small class=\"fine d-inline\">\u00a0<\/small>? D\u00e9j\u00e0, de grandes fractures apparaissent. Alors que socialistes, communistes et \u00e9cologistes avancent la possibilit\u00e9 d\u2019un accord avec la macronie, les Insoumis ne jurent que par la d\u00e9mission d\u2019Emmanuel Macron ou l\u2019application des id\u00e9es du Nouveau Front populaire via la nomination de <a target=\"_blank\" href=\"https:\/\/reporterre.net\/Qui-est-Lucie-Castets-la-candidate-de-la-gauche-pour-Matignon-refusee-par-Macron\">Lucie Castets<\/a>, leur candidate pour Matignon.<\/p>\n<p><i>\u00ab<small class=\"fine d-inline\">\u00a0<\/small>Je suis un peu d\u00e9\u00e7u [du jeu des socialistes], mais pas \u00e9tonn\u00e9<\/i>, r\u00e9agit Arnaud Le Gall. <i>Il faut aller au bout de la logique\u00a0: nous n\u2019avons rien de commun avec les macronistes. S\u2019ils font des compromis avec eux, c\u2019est s\u00fbr qu\u2019ils se prendront une banane \u00e9lectorale<small class=\"fine d-inline\">\u00a0<\/small>\u00bb<\/i> aux prochaines \u00e9lections, affirme le p\u00e8re de famille. Et d\u2019ajouter, tout de m\u00eame, que <i>\u00ab<small class=\"fine d-inline\">\u00a0<\/small>l\u2019id\u00e9al, ce serait qu\u2019on reste uni<small class=\"fine d-inline\">\u00a0<\/small>\u00bb<\/i>.<\/p>\n<p>Une conclusion que rejoint le d\u00e9put\u00e9 Les \u00c9cologistes, Nicolas Thierry, joint par t\u00e9l\u00e9phone. Pour l\u2019\u00e9lu de Gironde, <i>\u00ab<small class=\"fine d-inline\">\u00a0<\/small>en s\u2019enfon\u00e7ant dans le d\u00e9ni, Emmanuel Macron est en train de cr\u00e9er les conditions qui le contraindront \u00e0 d\u00e9missionner<small class=\"fine d-inline\">\u00a0<\/small>\u00bb<\/i>. Aussi, <i>\u00ab<small class=\"fine d-inline\">\u00a0<\/small>le <span class=\"caps\">NFP<\/span> doit cultiver son unit\u00e9. C\u2019est ce que nous avons de plus pr\u00e9cieux pour r\u00e9sister aux temp\u00eates \u00e0 venir et \u00e0 \u00eatre \u00e0 la hauteur des aspirations de celles et ceux qui ont plac\u00e9 leurs espoirs en nous<small class=\"fine d-inline\">\u00a0<\/small>\u00bb<\/i>, dit le parlementaire.<\/p>\n<p><center><br \/>\n  <\/p>\n<p><\/center><\/p>\n<aside class=\"boite_encarts\">\n<div class=\"encart encart_gris noprint\">\n<p><strong>Il est de retour.<\/strong><\/p>\n<p>Dans quelques semaines, Donald Trump se r\u00e9-installera \u00e0 la Maison Blanche.<\/p>\n<p>Un milliardaire, pour qui le r\u00e9chauffement climatique est \u00ab<small class=\"fine d-inline\">\u00a0<\/small>un canular<small class=\"fine d-inline\">\u00a0<\/small>\u00bb, sera \u00e0 la t\u00eate de la plus grande puissance mondiale.<\/p>\n<p>Dans une d\u00e9cennie cruciale pour l\u2019\u00e9cologie, nous ne pouvons pas nous permettre de perdre plus de temps.<\/p>\n<p>La soci\u00e9t\u00e9 civile doit continuer de se soulever, de se mobiliser et de faire pression sur les puissants.<\/p>\n<p>Mais pour agir, il faut savoir.<\/p>\n<p><strong>Depuis 11 ans, nous publions des articles de qualit\u00e9 sur l\u2019\u00e9cologie, en acc\u00e8s libre et sans publicit\u00e9, pour tous.<\/strong><\/p>\n<p>Nous avons la conviction que l\u2019urgence \u00e9cologique est l\u2019enjeu majeur de notre \u00e9poque.<br class=\"autobr\"\/><br \/>\n Et comme plus de 2 millions de lectrices et lecteurs chaque mois, vous partagez sans doute cette conviction&#8230;<\/p>\n<p>Alors si vous en avez les moyens, sachez qu\u2019un don, m\u00eame d\u20191\u20ac, est un acte de soutien fort pour l\u2019\u00e9cologie et le journalisme ind\u00e9pendant.<br class=\"autobr\"\/><br \/>\n (Et \u00e7a vous prendra moins de temps que la lecture de ce texte).<\/p>\n<p><strong>Si vous le pouvez, choisissez un soutien mensuel. Merci.<\/strong><\/p>\n<p><a target=\"_blank\" href=\"https:\/\/reporterre.net\/dons\" class=\"bt_soutenir\">Je soutiens <i>Reporterre<\/i><\/a><\/p>\n<\/p><\/div>\n<div class=\"encart encart_vert noprint montre_1023\">\n<div class=\"infolettre-form-container noprint\">\n<p>Abonnez-vous \u00e0 la lettre d\u2019info de Reporterre<\/p>\n<\/div><\/div>\n<\/aside>\n<aside class=\"boite_apresarticle encart_note\">\n<h4>Apr\u00e8s cet article<\/h4>\n<p>      <a target=\"_blank\" href=\"https:\/\/reporterre.net\/Sans-cap-comment-avancer-L-angoisse-des-ONG-ecologistes-apres-la-chute-du-gouvernement\" class=\"lien_article\">\n      <picture class=\"vignette_gauche\"><source type=\"image\/webp\" srcset=\"https:\/\/reporterre.net\/https:\/\/reporterre.net\/local\/cache-gd2\/fc\/872805c27524c8e700952a0b29a0bb.jpg@.webp?1733332210\"><img decoding=\"async\" src=\"https:\/\/reporterre.net\/local\/cache-gd2\/fc\/872805c27524c8e700952a0b29a0bb.jpg?1733332210\" width=\"450\" height=\"300\" alt=\"\" class=\"marge12\" loading=\"lazy\"\/><br \/>\n<\/source><\/picture>\n<p class=\"libelle\">\n<p>      Politique\n    <\/p>\n<p class=\"titre pol20\">\u00ab<small class=\"fine d-inline\">\u00a0<\/small>Sans cap, comment avancer<small class=\"fine d-inline\">\u00a0<\/small>?<small class=\"fine d-inline\">\u00a0<\/small>\u00bb L\u2019angoisse des <span class=\"caps\">ONG<\/span> \u00e9cologistes apr\u00e8s la chute du gouvernement<\/p>\n<p>      <\/a><br \/>\n    <\/aside>\n<aside class=\"boite_complement texte\">\n<p>      <!-- zone_forum --><br \/>\n          <\/aside>\n<aside class=\"boite_lireaussi noprint\">\n<\/aside>\n<aside class=\"colonne\">\n<div class=\"article_info cache_1023 noprint\">\n<p>    <span class=\"date\">6 d\u00e9cembre 2024  \u00e0 09h31<\/span><\/p>\n<p>    <span class=\"date_modif\">Mis \u00e0 jour le 7 d\u00e9cembre 2024 \u00e0 09h49<\/span>      <\/p>\n<p class=\"duree_lecture\">\n        Dur\u00e9e de lecture : 4 minutes\n      <\/p>\n<\/p><\/div>\n<div class=\"bloc_infolettre\">\n<div class=\"infolettre-form-container noprint\">\n<p>Abonnez-vous \u00e0 la lettre d\u2019info de Reporterre<\/p>\n<\/div><\/div>\n<\/aside>\n<div id=\"galerie\">\n  <img decoding=\"async\" src=\"\" class=\"principale\" id=\"principale\"\/><\/p>\n<p id=\"legende\">legende<\/p>\n<\/div>\n<footer class=\"noprint\">\n<\/footer>\n<\/div>\n<p><br \/>\n<br \/><a href=\"https:\/\/reporterre.net\/Lunaire-inutile-les-deputes-de-gauche-atterres-devant-l-allocution-d-Emmanuel-Macron\" target=\"_blank\"\">Source link <\/a><\/p>\n","protected":false},"excerpt":{"rendered":"<p>Paris, reportage \u00ab\u00a0Le mec nous fait la le\u00e7on, alors que c\u2019est lui qui a foutu le bordel\u2026\u00a0\u00bb Concentr\u00e9 sur son ordinateur \u2014 coinc\u00e9 sur une \u00e9tag\u00e8re entre un vid\u00e9oprojecteur et&hellip; <\/p>\n","protected":false},"author":1,"featured_media":1794,"comment_status":"open","ping_status":"open","sticky":false,"template":"","format":"standard","meta":{"footnotes":""},"categories":[1],"tags":[],"class_list":["post-1793","post","type-post","status-publish","format-standard","has-post-thumbnail","hentry","category-non-classe"],"_links":{"self":[{"href":"https:\/\/monde25.info\/index.php\/wp-json\/wp\/v2\/posts\/1793","targetHints":{"allow":["GET"]}}],"collection":[{"href":"https:\/\/monde25.info\/index.php\/wp-json\/wp\/v2\/posts"}],"about":[{"href":"https:\/\/monde25.info\/index.php\/wp-json\/wp\/v2\/types\/post"}],"author":[{"embeddable":true,"href":"https:\/\/monde25.info\/index.php\/wp-json\/wp\/v2\/users\/1"}],"replies":[{"embeddable":true,"href":"https:\/\/monde25.info\/index.php\/wp-json\/wp\/v2\/comments?post=1793"}],"version-history":[{"count":0,"href":"https:\/\/monde25.info\/index.php\/wp-json\/wp\/v2\/posts\/1793\/revisions"}],"wp:featuredmedia":[{"embeddable":true,"href":"https:\/\/monde25.info\/index.php\/wp-json\/wp\/v2\/media\/1794"}],"wp:attachment":[{"href":"https:\/\/monde25.info\/index.php\/wp-json\/wp\/v2\/media?parent=1793"}],"wp:term":[{"taxonomy":"category","embeddable":true,"href":"https:\/\/monde25.info\/index.php\/wp-json\/wp\/v2\/categories?post=1793"},{"taxonomy":"post_tag","embeddable":true,"href":"https:\/\/monde25.info\/index.php\/wp-json\/wp\/v2\/tags?post=1793"}],"curies":[{"name":"wp","href":"https:\/\/api.w.org\/{rel}","templated":true}]}}