{"id":17930,"date":"2025-10-19T14:34:46","date_gmt":"2025-10-19T12:34:46","guid":{"rendered":"https:\/\/monde25.info\/index.php\/2025\/10\/19\/les-10-bonnes-nouvelles-de-la-semaine-14\/"},"modified":"2025-10-19T14:34:46","modified_gmt":"2025-10-19T12:34:46","slug":"les-10-bonnes-nouvelles-de-la-semaine-14","status":"publish","type":"post","link":"https:\/\/monde25.info\/index.php\/2025\/10\/19\/les-10-bonnes-nouvelles-de-la-semaine-14\/","title":{"rendered":"les 10 bonnes nouvelles de la semaine"},"content":{"rendered":"<p> <br \/>\n<\/p>\n<div>\n<h4><strong>Vous n\u2019avez pas le temps de lire l\u2019actualit\u00e9 ? Voici les 10 bonnes nouvelles \u00e0 ne surtout pas manquer.<\/strong><\/h4>\n<h2 class=\"mb-2 mt-4 font-display font-semimedium text-base first:mt-0\">1. Premi\u00e8re naissance pour Claverina, l\u2019ourse des Pyr\u00e9n\u00e9es<\/h2>\n<p class=\"my-2 [&amp;+p]:mt-4 [&amp;_strong:has(+br)]:inline-block [&amp;_strong:has(+br)]:pb-2\">R\u00e9introduite en 2018 en B\u00e9arn, <strong>l\u2019ourse Claverina a donn\u00e9 naissance \u00e0 son premier ourson au printemps, selon des images captur\u00e9es par un photographe.<\/strong> Une premi\u00e8re pour une ourse rel\u00e2ch\u00e9e dans les Pyr\u00e9n\u00e9es. <a target=\"_blank\" href=\"https:\/\/paysdelours.com\/fr\/exclusivite-pays-de-lours-adet-les-premieres-images-en-france-du-premier-ourson-de-claverina\/\">Les images publi\u00e9es par Pays de l\u2019Ours-Adet<\/a> confirment une population d\u00e9sormais sup\u00e9rieure \u00e0 90 individus. <span style=\"font-weight: 400;\">(<\/span><a target=\"_blank\" href=\"https:\/\/www.lasemainedespyrenees.fr\/pyrenees-claverina-lourse-lachee-en-2018-a-donne-naissance-a-son-premier-ourson-des-photos-devoilees-par-pays-de-lours-adet\/?utm_source=substack&amp;utm_medium=email\"><span style=\"font-weight: 400;\">la semaine des Pyr\u00e9n\u00e9es<\/span><\/a>)<\/p>\n<p><iframe loading=\"lazy\" title=\"Claverina et son ourson de nouveau d\u00e9tect\u00e9s en Aragon en septembre !\ud83d\ude0a\" width=\"1110\" height=\"624\" src=\"https:\/\/www.youtube.com\/embed\/yHBICd2hUK8?feature=oembed\" frameborder=\"0\" allow=\"accelerometer; autoplay; clipboard-write; encrypted-media; gyroscope; picture-in-picture; web-share\" referrerpolicy=\"strict-origin-when-cross-origin\" allowfullscreen><\/iframe><\/p>\n<h2 class=\"mb-2 mt-4 font-display font-semimedium text-base first:mt-0\">2. L\u2019\u00e9lectricit\u00e9 des vagues : le pari landais du futur<\/h2>\n<p class=\"my-2 [&amp;+p]:mt-4 [&amp;_strong:has(+br)]:inline-block [&amp;_strong:has(+br)]:pb-2\">Au large de Capbreton, le projet <em>\u00ab\u00a0Courant Porteur\u00a0\u00bb<\/em> compte <strong>transformer la houle en \u00e9nergie propre.<\/strong> Des bou\u00e9es exp\u00e9rimentales fourniront jusqu\u2019\u00e0 3 MW, <strong>de quoi alimenter 5 000 foyers.<\/strong> Soutenu par l\u2019ADEME et la R\u00e9gion, ce prototype positionne les Landes comme pionni\u00e8res de l\u2019\u00e9nergie marine fran\u00e7aise. <span style=\"font-weight: 400;\">(<\/span><a target=\"_blank\" href=\"https:\/\/presselib.com\/article\/courant-porteur-landes-surfent-electricite-marine?\"><span style=\"font-weight: 400;\">presslib<\/span><\/a><span style=\"font-weight: 400;\">)<\/span><\/p>\n<h2 class=\"mb-2 mt-4 font-display font-semimedium text-base first:mt-0\">3. Les eaux us\u00e9es pour nettoyer les villes<\/h2>\n<p class=\"my-2 [&amp;+p]:mt-4 [&amp;_strong:has(+br)]:inline-block [&amp;_strong:has(+br)]:pb-2\">Un arr\u00eat\u00e9 autorise l\u2019utilisation d\u2019eaux us\u00e9es trait\u00e9es pour les voiries, quais et bennes \u00e0 ordures. Pr\u00e8s de 100 stations d\u2019\u00e9puration participent \u00e0 la phase pilote. Pourtant, <strong>en mars 2023, Emmanuel Macron a fix\u00e9 l\u2019objectif de porter la r\u00e9utilisation des eaux us\u00e9es \u00e0 10 % d\u2019ici 2030, <\/strong>alors que la <strong>France n\u2019en r\u00e9emploie aujourd\u2019hui que moins de 1 %<\/strong>, contre environ 15 % dans plusieurs autres pays europ\u00e9ens. <span style=\"font-weight: 400;\">(<\/span><a target=\"_blank\" href=\"https:\/\/www.lemonde.fr\/planete\/article\/2025\/10\/05\/les-eaux-usees-traitees-pourront-etre-utilisees-pour-le-nettoyage-des-voiries-des-quais-de-dechetterie-ou-des-bennes-a-ordures-selon-un-arrete_6644557_3244.html\"><span style=\"font-weight: 400;\">Le Monde<\/span><\/a><span style=\"font-weight: 400;\">)<\/span><\/p>\n<h2 class=\"mb-2 mt-4 font-display font-semimedium text-base first:mt-0\">4. Wyoming : une victoire historique pour les chevaux sauvages<\/h2>\n<p class=\"my-2 [&amp;+p]:mt-4 [&amp;_strong:has(+br)]:inline-block [&amp;_strong:has(+br)]:pb-2\">Un tribunal f\u00e9d\u00e9ral bloque un<strong> vaste projet de r\u00e9duction des troupeaux de chevaux libres, o\u00f9 4 000 animaux \u00e9chappent \u00e0 la st\u00e9rilisation forc\u00e9e.<\/strong> Les associations saluent une d\u00e9cision majeure pour la pr\u00e9servation de la faune du Midwest des \u00c9tats-Unis. Le Bureau of Land Management devra ainsi revoir sa politique. <span style=\"font-weight: 400;\">(<\/span><a target=\"_blank\" href=\"https:\/\/happyeconews.com\/wyoming-wild-horse-habitat-protection\/\"><span style=\"font-weight: 400;\">Happyeconews<\/span><\/a><span style=\"font-weight: 400;\">)<\/span><\/p>\n<h2 class=\"mb-2 mt-4 font-display font-semimedium text-base first:mt-0\">5. Les Europ\u00e9ens plus mobilis\u00e9s que jamais pour les droits humains et l\u2019environnement<\/h2>\n<p class=\"my-2 [&amp;+p]:mt-4 [&amp;_strong:has(+br)]:inline-block [&amp;_strong:has(+br)]:pb-2\">Malgr\u00e9 le recul sur ces terrains dans l\u2019Union europ\u00e9enne, <strong>83 % des citoyens de l\u2019UE placent la d\u00e9fense des droits humains au sommet de leurs priorit\u00e9s.<\/strong> <strong>Plus de 70 % soutiennent des sanctions contre les pays fautifs.<\/strong> L\u2019enqu\u00eate souligne un lien de plus en plus fort entre justice sociale et climat. <span style=\"font-weight: 400;\">(<\/span><a target=\"_blank\" href=\"https:\/\/www.amnesty.fr\/presse\/une-nouvelle-enqute-indique-que-la-majorit-des-eur\"><span style=\"font-weight: 400;\">Amnesty<\/span><\/a><span style=\"font-weight: 400;\">)<\/span><\/p>\n<h2 class=\"mb-2 mt-4 font-display font-semimedium text-base first:mt-0\">6. Le solaire, roi incontest\u00e9 de l\u2019\u00e9nergie mondiale<\/h2>\n<p class=\"my-2 [&amp;+p]:mt-4 [&amp;_strong:has(+br)]:inline-block [&amp;_strong:has(+br)]:pb-2\"><a target=\"_blank\" href=\"https:\/\/www.authorea.com\/users\/960972\/articles\/1329770-solar-energy-in-2025-global-deployment-cost-trends-and-the-role-of-energy-storage-in-enabling-a-resilient-smart-energy-infrastructure?utm_source=substack&amp;utm_medium=email\">Une \u00e9tude de l\u2019Universit\u00e9 de Surrey<\/a> r\u00e9v\u00e8le que le solaire est d\u00e9sormais la source d\u2019\u00e9nergie la plus comp\u00e9titive au monde. <strong>Son co\u00fbt de production tombe \u00e0 0,023 \u20ac par kWh, 40% moins cher que le charbon.<\/strong> Les investissements dans le solaire d\u00e9passent 400 milliards d\u2019euros, un record absolu. <span style=\"font-weight: 400;\">(<\/span><a target=\"_blank\" href=\"https:\/\/techxplore.com\/news\/2025-10-solar-energy-world-cheapest-source.html\"><span style=\"font-weight: 400;\">Texplore<\/span><\/a><span style=\"font-weight: 400;\">)<\/span><\/p>\n<h2 class=\"mb-2 mt-4 font-display font-semimedium text-base first:mt-0\">7. Un vaccin redonne espoir aux \u00e9l\u00e9phants d\u2019Asie<\/h2>\n<p class=\"my-2 [&amp;+p]:mt-4 [&amp;_strong:has(+br)]:inline-block [&amp;_strong:has(+br)]:pb-2\">Des chercheurs annoncent <strong>un vaccin prometteur contre le virus EEHV, responsable de la mort de milliers d\u2019\u00e9l\u00e9phanteaux.<\/strong> Les essais affichent <strong>un taux de protection sup\u00e9rieur \u00e0 80 %.<\/strong> Test\u00e9 dans trois r\u00e9serves, il pourrait sauver un quart des jeunes \u00e9l\u00e9phants touch\u00e9s chaque ann\u00e9e. <span style=\"font-weight: 400;\">(<\/span><a target=\"_blank\" href=\"https:\/\/fr.africanews.com\/2025\/10\/08\/un-nouveau-vaccin-prometteur-pour-proteger-les-elephants-dasie\/\"><span style=\"font-weight: 400;\">Africanews<\/span><\/a><span style=\"font-weight: 400;\">)<\/span><\/p>\n<p><iframe loading=\"lazy\" title=\"Un nouveau vaccin prometteur pour prot\u00e9ger les \u00e9l\u00e9phants d&#039;Asie\" width=\"1110\" height=\"624\" src=\"https:\/\/www.youtube.com\/embed\/HS8GE5ls94s?feature=oembed\" frameborder=\"0\" allow=\"accelerometer; autoplay; clipboard-write; encrypted-media; gyroscope; picture-in-picture; web-share\" referrerpolicy=\"strict-origin-when-cross-origin\" allowfullscreen><\/iframe><\/p>\n<h2 class=\"mb-2 mt-4 font-display font-semimedium text-base first:mt-0\">8. En Colombie, l\u2019ancienne hacienda d\u2019Escobar rendue aux victimes<\/h2>\n<p class=\"my-2 [&amp;+p]:mt-4 [&amp;_strong:has(+br)]:inline-block [&amp;_strong:has(+br)]:pb-2\">Le gouvernement colombien a remis, une partie de l\u2019hacienda, soit environ 150 hectares de l\u2019ex-domaine de Pablo Escobar \u00e0 <strong>50 femmes victimes du conflit arm\u00e9.<\/strong>\u00a0Le programme s\u2019inscrit dans la politique de restitution des terres men\u00e9e depuis 2016. <span style=\"font-weight: 400;\">(<\/span><a target=\"_blank\" href=\"https:\/\/www.liberation.fr\/international\/amerique\/le-domaine-de-pablo-escobar-en-partie-cede-par-la-colombie-a-des-victimes-du-conflit-arme-20251001_FKAB42BLPJCP3KXVSWNIXQRXZQ\/\"><span style=\"font-weight: 400;\">Lib\u00e9ration<\/span><\/a><span style=\"font-weight: 400;\">)<\/span><\/p>\n<div class=\"td-a-rec td-a-rec-id-content_inline  tdi_1 td_block_template_1\">\n<span class=\"td-adspot-title\">&#8211; Pour une information libre ! &#8211;<\/span><a target=\"_blank\" href=\"https:\/\/fr.tipeee.com\/mr-mondialisation\" class=\"tipeee-project-small\">Soutenir Mr Japanization sur Tipeee<\/a>\n<\/div>\n<h2 class=\"mb-2 mt-4 font-display font-semimedium text-base first:mt-0\">9. La Gen Z en r\u00e9volte !<\/h2>\n<p>Les r\u00e9voltes de la g\u00e9n\u00e9ration Z <strong>prennent de l\u2019ampleur \u00e0 travers le monde, notamment au N\u00e9pal, au Maroc et \u00e0 Madagascar<\/strong> (o\u00f9 la contestation a r\u00e9cemment conduit \u00e0 la chute du pr\u00e9sident Andry Rajoelina). (<a target=\"_blank\" href=\"https:\/\/www.blast-info.fr\/articles\/2025\/la-gen-z-une-generation-mondiale-en-revolte-3tKbU5l5TqqUDX0j8tg_9Q\">Blast<\/a>)<\/p>\n<h2 class=\"mb-2 mt-4 font-display font-semimedium text-base first:mt-0\">10. Au Togo, les coiffeuses deviennent les nouvelles alli\u00e9es de la sant\u00e9 mentale<\/h2>\n<p class=\"my-2 [&amp;+p]:mt-4 [&amp;_strong:has(+br)]:inline-block [&amp;_strong:has(+br)]:pb-2\">\u00c0 Lom\u00e9, <strong>400 coiffeuses sont form\u00e9es \u00e0 d\u00e9tecter et \u00e9couter les personnes en d\u00e9tresse psychologique.<\/strong> Ce programme in\u00e9dit de l\u2019Universit\u00e9 de Lom\u00e9, soutenu par l\u2019OMS, veut cr\u00e9er un r\u00e9seau de sentinelles du bien-\u00eatre. Le succ\u00e8s pourrait inspirer d\u2019autres professions de proximit\u00e9. <span style=\"font-weight: 400;\">(<\/span><a target=\"_blank\" href=\"https:\/\/www.togofirst.com\/fr\/sante\/0907-16727-togo-400-coiffeuses-vont-etre-formees-a-la-sante-mentale-a-l-universite-de-lome\"><span style=\"font-weight: 400;\">Togofirst<\/span><\/a><span style=\"font-weight: 400;\">)<\/span><\/p>\n<p style=\"text-align: right;\"><em><strong>\u2013 Maureen Damman<\/strong><\/em><\/p>\n<div class=\"td-a-rec td-a-rec-id-content_bottom  tdi_2 td_block_template_1\">\n<span class=\"td-adspot-title\">&#8211; Cet article gratuit et ind\u00e9pendant existe gr\u00e2ce \u00e0 vous &#8211;<\/span><\/p>\n<div class=\"td-all-devices\">\n    <a target=\"_blank\" href=\"https:\/\/mrmondialisation.org\/donation\/\" title=\"Faire_un_don\"><img decoding=\"async\" class=\"donationArticle\" src=\"https:\/\/mrmondialisation.org\/wp-content\/uploads\/2022\/12\/220405-flikalicious-final.jpg\" alt=\"Donation\"\/><\/a>\n<\/div>\n<\/div><\/div>\n<p><br \/>\n<br \/><a href=\"https:\/\/mrmondialisation.org\/ourse-vagues-et-prix-nobel-de-la-paix-les-10-bonnes-nouvelles-de-la-semaine\/\" target=\"_blank\"\">Source link <\/a><\/p>\n","protected":false},"excerpt":{"rendered":"<p>Vous n\u2019avez pas le temps de lire l\u2019actualit\u00e9 ? Voici les 10 bonnes nouvelles \u00e0 ne surtout pas manquer. 1. Premi\u00e8re naissance pour Claverina, l\u2019ourse des Pyr\u00e9n\u00e9es R\u00e9introduite en 2018&hellip; <\/p>\n","protected":false},"author":1,"featured_media":17931,"comment_status":"open","ping_status":"open","sticky":false,"template":"","format":"standard","meta":{"footnotes":""},"categories":[1],"tags":[],"class_list":["post-17930","post","type-post","status-publish","format-standard","has-post-thumbnail","hentry","category-non-classe"],"_links":{"self":[{"href":"https:\/\/monde25.info\/index.php\/wp-json\/wp\/v2\/posts\/17930","targetHints":{"allow":["GET"]}}],"collection":[{"href":"https:\/\/monde25.info\/index.php\/wp-json\/wp\/v2\/posts"}],"about":[{"href":"https:\/\/monde25.info\/index.php\/wp-json\/wp\/v2\/types\/post"}],"author":[{"embeddable":true,"href":"https:\/\/monde25.info\/index.php\/wp-json\/wp\/v2\/users\/1"}],"replies":[{"embeddable":true,"href":"https:\/\/monde25.info\/index.php\/wp-json\/wp\/v2\/comments?post=17930"}],"version-history":[{"count":0,"href":"https:\/\/monde25.info\/index.php\/wp-json\/wp\/v2\/posts\/17930\/revisions"}],"wp:featuredmedia":[{"embeddable":true,"href":"https:\/\/monde25.info\/index.php\/wp-json\/wp\/v2\/media\/17931"}],"wp:attachment":[{"href":"https:\/\/monde25.info\/index.php\/wp-json\/wp\/v2\/media?parent=17930"}],"wp:term":[{"taxonomy":"category","embeddable":true,"href":"https:\/\/monde25.info\/index.php\/wp-json\/wp\/v2\/categories?post=17930"},{"taxonomy":"post_tag","embeddable":true,"href":"https:\/\/monde25.info\/index.php\/wp-json\/wp\/v2\/tags?post=17930"}],"curies":[{"name":"wp","href":"https:\/\/api.w.org\/{rel}","templated":true}]}}