{"id":17934,"date":"2025-10-19T15:40:43","date_gmt":"2025-10-19T13:40:43","guid":{"rendered":"https:\/\/monde25.info\/index.php\/2025\/10\/19\/suspension-de-la-reforme-des-retraites-un-sursis-illusoire-qui-creuse-le-fosse-entre-elites-dorees-et-francais-qui-triment\/"},"modified":"2025-10-19T15:40:43","modified_gmt":"2025-10-19T13:40:43","slug":"suspension-de-la-reforme-des-retraites-un-sursis-illusoire-qui-creuse-le-fosse-entre-elites-dorees-et-francais-qui-triment","status":"publish","type":"post","link":"https:\/\/monde25.info\/index.php\/2025\/10\/19\/suspension-de-la-reforme-des-retraites-un-sursis-illusoire-qui-creuse-le-fosse-entre-elites-dorees-et-francais-qui-triment\/","title":{"rendered":"Suspension de la r\u00e9forme des retraites : un sursis illusoire qui creuse le foss\u00e9 entre \u00e9lites dor\u00e9es et Fran\u00e7ais qui triment"},"content":{"rendered":"<p> <br \/>\n<\/p>\n<div>\n<p>\u00c0 l&rsquo;heure o\u00f9 les d\u00e9bats sur le projet de loi de financement de la S\u00e9curit\u00e9 sociale (PLFSS) embrasent \u00e0 l&rsquo;Assembl\u00e9e, la \u00ab\u00a0<em>suspension<\/em>\u00a0\u00bb de la r\u00e9forme des retraites annonc\u00e9e par le Premier ministre S\u00e9bastien Lecornu le 14 octobre dernier fait figure de mirage. Ce gel provisoire de l&rsquo;allongement de l&rsquo;\u00e2ge l\u00e9gal \u00e0 64 ans, limit\u00e9 aux g\u00e9n\u00e9rations n\u00e9es entre 1964 et 1968 (3,5 millions de personnes), est pr\u00e9sent\u00e9 comme un geste d&rsquo;\u00a0\u00ab\u00a0\u00e9quit\u00e9\u00a0\u00bb face \u00e0 l&rsquo;aust\u00e9rit\u00e9 galopante. C\u2019est Elisabeth Borne qui avait sugg\u00e9r\u00e9 cette suspension. Celle-l\u00e0 m\u00eame qui avait fait passer cette r\u00e9forme men\u00e9e par son ancien directeur de cabinet devenu pour une courte p\u00e9riode ministre de la Sant\u00e9, Aur\u00e9lien Rousseau \u2013 n\u2019ayant pas vu les centaines de\u00a0milliers d\u2019effets secondaires de la vaccination covid, il n\u2019a probablement pas vu non plus les probl\u00e8mes li\u00e9s \u00e0 cette r\u00e9forme des retraites. Toujours est-il que ceux qui l\u2019ont fait passer par l\u2019usage d\u2019un 49.3 \u00e9taient ceux qui aujourd\u2019hui en sugg\u00e8rent la suspension dans l\u2019objectif de faire tourner le man\u00e8ge de leur rente de situation un peu plus longtemps.<\/p>\n<p>Pourtant, derri\u00e8re ce pansement, se profile un tableau accablant : un co\u00fbt budg\u00e9taire abyssal, des pressions europ\u00e9ennes impitoyables, des fractures g\u00e9n\u00e9rationnelles b\u00e9antes et, surtout, un scandale persistant d&rsquo;in\u00e9galit\u00e9s o\u00f9 les hauts fonctionnaires et anciens gouvernants comme Fran\u00e7ois Bayrou ou Michel Barnier per\u00e7oivent des pensions \u00ab\u00a0<em>dor\u00e9es<\/em>\u00a0\u00bb cumul\u00e9es \u00e0 plusieurs dizaines de milliers d&rsquo;euros mensuels, pendant que le Fran\u00e7ais moyen, ouvrier ou cadre pr\u00e9caire, trime jusqu&rsquo;\u00e0 l&rsquo;usure pour une retraite mis\u00e9rable de 1 500 euros nets. Dans cette analyse approfondie, nous diss\u00e9quons les rouages de cette mesure, ses impacts soci\u00e9taux et le vrai responsable : un mod\u00e8le par r\u00e9partition sous tension, ou des \u00e9lites qui maquillent les comptes pour pr\u00e9server leurs rentes ?<\/p>\n<p>\u00a0<\/p>\n<h5><strong>Le gel en d\u00e9tail : un r\u00e9pit pour 600 000 seniors, un gouffre pour les comptes publics<\/strong><\/h5>\n<p>Lecornu l&rsquo;a martel\u00e9 lors de son discours de politique g\u00e9n\u00e9rale : figer l&rsquo;\u00e2ge l\u00e9gal \u00e0 62 ans et 9 mois, et la dur\u00e9e de cotisation \u00e0 170 trimestres, pour les cohortes 1964-1968. Pas de progression vers 64 ans, pas de d\u00e9cotes sur les pensions d\u00e8s 2026. La CFDT estime que cela \u00e9pargnera \u00e0 600 000 travailleurs des m\u00e9tiers p\u00e9nibles <a target=\"_blank\" href=\"https:\/\/www.lemonde.fr\/les-decodeurs\/article\/2025\/10\/15\/que-signifie-concretement-la-suspension-de-la-reforme-des-retraites_6646998_4355770.html\">une perte de 10-15 % sur leur pension de base<\/a>. Prenons un cas concret : Ahmed, 59 ans, chauffeur de bus \u00e0 Marseille, n\u00e9 en 1966. Sans ce gel, il devrait rouler jusqu&rsquo;\u00e0 63 ans et 6 mois pour un taux plein, avec une d\u00e9cote de 0,625 % par trimestre manquant \u2013 soit 150 euros en moins par mois sur ses 1 100 euros de pension projet\u00e9e. Avec la suspension, <a target=\"_blank\" href=\"https:\/\/la1ere.franceinfo.fr\/martinique\/reformes-des-retraites-quels-changements-pour-les-generations-64-65-et-66-1633880.html\">il boucle \u00e0 62 ans et 9 mois<\/a>, pr\u00e9servant 1 800 euros annuels pour soigner son arthrose contract\u00e9e au volant.<\/p>\n<p>Mais le revers de la m\u00e9daille est cuisant. Ce \u00ab\u00a0<em>sursis<\/em>\u00a0\u00bb doit s&rsquo;ins\u00e9rer via un amendement au PLFSS, un texte d&rsquo;urgence budg\u00e9taire. L&rsquo;article 47 de la Constitution l&rsquo;interdit pour les r\u00e9formes structurelles : les constitutionnalistes du S\u00e9nat parlent de <a target=\"_blank\" href=\"https:\/\/www.lemonde.fr\/politique\/article\/2025\/10\/16\/suspension-de-la-reforme-des-retraites-par-voie-d-amendement-un-choix-entre-habilete-et-prise-de-risque_6647212_823448.html\">\u00ab\u00a0<em>chances quasi nulles<\/em>\u00a0\u00bb<\/a> de validation. Si miracle l\u00e9gislatif il y a (via une loi sp\u00e9ciale improvis\u00e9e), le ch\u00e8que est sal\u00e9 : 4-5 milliards d&rsquo;euros par an, alourdissant un d\u00e9ficit de la S\u00e9cu de pr\u00e8s de 13 milliards en 2025 (Source\u00a0: <a target=\"_blank\" href=\"https:\/\/www.ccomptes.fr\/fr\/publications\/situation-financiere-et-perspectives-du-systeme-de-retraites\">Cour des Comptes<\/a>). Et les autres ? Les hausses de pensions gel\u00e9es en 2025 pour rattraper l&rsquo;inflation (2,5 %) restent en suspens, tandis que les niches fiscales pour les hauts revenus \u2013 exon\u00e9rations sur stock-options \u00e0 30 % \u2013 <a target=\"_blank\" href=\"https:\/\/www.lepoint.fr\/economie\/retraites-combien-va-vraiment-couter-la-suspension-de-la-reforme-17-10-2025-2601166_28.php\">demeurent intouch\u00e9es, co\u00fbtant 5 milliards annuels<\/a>.<\/p>\n<p><strong>\u00a0<\/strong><\/p>\n<h5><strong>Fractures g\u00e9n\u00e9rationnelles : un cadeau empoisonn\u00e9 pour les a\u00een\u00e9s, une \u00e9p\u00e9e pour les jeunes<\/strong><\/h5>\n<p>Les impacts se lisent en strates g\u00e9n\u00e9rationnelles, exacerbant un syst\u00e8me d\u00e9j\u00e0 in\u00e9galitaire. Les 1964-1968, ces \u00ab\u00a0<em>X tardifs<\/em>\u00a0\u00bb souvent us\u00e9s par 40 ans de labeur, applaudissent\u00a0: \u00a066\u00a0%<strong> d&rsquo;approbation chez les 50+<\/strong> dans un <a target=\"_blank\" href=\"https:\/\/lessentieldeleco.fr\/3766-suspension-reforme-retraite\/\">sondage Ifop pour LCI<\/a>. Pour Sophie, 57 ans, infirmi\u00e8re \u00e0 Lille n\u00e9e en 1968, c&rsquo;est 12 trimestres sauv\u00e9s \u2013 l&rsquo;\u00e9quivalent de 6 000 euros de cotisations \u00e9vit\u00e9es et une pension boost\u00e9e de 8 %. Jean-Luc M\u00e9lenchon, sur X, y voit un \u00ab\u00a0<em>avantage circonscrit \u00e0 800 000 chanceux<\/em>\u00a0\u00bb, <a target=\"_blank\" href=\"https:\/\/www.usinenouvelle.com\/editorial\/la-reforme-des-retraites-suspendue-quelles-consequences-pour-les-salaries.N2239541\">soulignant que seuls ceux pile \u00e0 l&rsquo;\u00e2ge pivot profitent pleinement<\/a>. Autre portrait : Marc, 61 ans, \u00e9lectricien \u00e0 Toulouse n\u00e9 en 1964, a vu sa carri\u00e8re min\u00e9e par les sous-traitances pr\u00e9caires. Sans gel, il affronterait 6 mois de plus sur les chantiers, risquant un burn-out diagnostiqu\u00e9 (esp\u00e9rance de vie en bonne sant\u00e9 : 60 ans pour les ouvriers). Aujourd&rsquo;hui, il respire : \u00ab\u00a0<em>Je pourrai enfin voir mes petits-enfants sans craindre la facture m\u00e9dicale<\/em>\u00a0\u00bb, <a target=\"_blank\" href=\"https:\/\/www.lemonde.fr\/les-decodeurs\/article\/2025\/10\/16\/simulez-l-impact-de-la-suspension-de-la-reforme-borne-sur-votre-retraite_6647116_4355770.html\">confie-t-il \u00e0 Midi Libre<\/a>.<\/p>\n<p>\u00c0 l&rsquo;inverse, les millennials (1980-1995) et Gen Z (post-1995) h\u00e9ritent du chaos. Le ratio actifs\/retrait\u00e9s, de 4:1 en 1960 \u00e0 1,7:1 en 2025 (<a target=\"_blank\" href=\"https:\/\/www.cor-retraites.fr\/rapports-du-cor\/rapport-annuel-cor-juin-2025-evolutions-perspectives-retraites-france\">projections COR<\/a>), s&rsquo;effondre davantage : ce gel creuse un trou de 200 milliards cumul\u00e9s d&rsquo;ici 2035. Clara, 32 ans, graphiste freelance \u00e0 Bordeaux, cotise \u00e0 28 % de son revenu pr\u00e9caire (1 800 euros nets\/mois). Son d\u00e9part en 2048 ? \u00c0 64 ans minimum, avec 43 trimestres de plus requis, ramenant sa pension \u00e0 45 % du salaire moyen (contre 75 % pour les seniors actuels). Pire, une hausse des cotisations de 0,5 point en 2026 <a target=\"_blank\" href=\"https:\/\/altis-conseil.fr\/suspension-reforme-retraites\/\">pourrait lui co\u00fbter 100 euros mensuels suppl\u00e9mentaires<\/a> \u2013 <strong>un smic en moins par an<\/strong>. Pour les Gen Z, c&rsquo;est encore plus noir : L\u00e9a, 24 ans, alternante en marketing \u00e0 Paris, n&rsquo;a cumul\u00e9 que 12 trimestres \u00e0 ce jour. \u00c0 67 ans en 2071 (si indexation sur l&rsquo;esp\u00e9rance de vie), elle cotisera 45 ans pour une retraite projet\u00e9e \u00e0 1 000 euros, face \u00e0 une inflation galopante (pr\u00e9vue \u00e0 2 %\/an). \u00ab\u00a0<em>On paie pour les grands-parents, et on n&rsquo;aura rien<\/em>\u00a0\u00bb, rage-t-elle sur TikTok, o\u00f9 <a target=\"_blank\" href=\"https:\/\/www.notretemps.com\/retraite\/comprendre\/retraite-quelles-consequences-en-cas-de-suspension-de-la-reforme-de-2023-122171\">des vid\u00e9os virales<\/a> (#RetraiteVol\u00e9e) cumulent 5 millions de vues.<\/p>\n<p>Et les 40-50 ans, cette g\u00e9n\u00e9ration \u00ab\u00a0<em>sandwich<\/em>\u00a0\u00bb ? Ils paient double : cotisations pour les a\u00een\u00e9s + appr\u00e9hension pour leur propre futur. Exemple : un cadre moyen des t\u00e9l\u00e9coms, 45 ans, voit sa retraite projet\u00e9e chuter de 2 200 \u00e0 1 800 euros nets avec la r\u00e9forme report\u00e9e, tout en subissant des gels salariaux pour \u00ab\u00a0\u00e9quilibrer\u00a0\u00bb le budget. Prenez Pauline, 48 ans, prof des \u00e9coles \u00e0 Rennes n\u00e9e en 1977 : m\u00e8re de trois enfants, carri\u00e8re hach\u00e9e par des cong\u00e9s parentaux, elle anticipe 172 trimestres requis (contre 166 actuels), perdant 20 % de pension \u2013 soit 300 euros\/mois sur 1 500 euros. \u00ab\u00a0<em>Je cotise pour les vieux, je m&rsquo;endette pour les gosses, et pour moi ? L&rsquo;aspa \u00e0 65 ans<\/em>\u00a0\u00bb, <a target=\"_blank\" href=\"https:\/\/www.weka.fr\/actualite\/retraite\/article\/suspension-de-la-reforme-des-retraites-jusqu-en-2027-quelles-consequences-pour-la-fonction-publique-territoriale-205745\/\">l\u00e2che-t-elle lors d&rsquo;une manif syndicale<\/a>. Les femmes, avec des carri\u00e8res hach\u00e9es (maternit\u00e9, temps partiel), amplifient le d\u00e9sastre : 40 % de pension en moins qu&rsquo;un homme, <a target=\"_blank\" href=\"https:\/\/www.insee.fr\/fr\/statistiques\/2416631\">selon l&rsquo;Insee<\/a>, pour une esp\u00e9rance de vie plus longue (85 ans vs. 79)<\/p>\n<p>\u00a0<\/p>\n<h5><strong>L&rsquo;Europe en arbitre impitoyable : aust\u00e9rit\u00e9 \u00e0 la carte, r\u00e9formes sous contrainte<\/strong><\/h5>\n<p>Ce th\u00e9\u00e2tre hexagonal se joue sous le regard de Bruxelles. Sous <a target=\"_blank\" href=\"https:\/\/economy-finance.ec.europa.eu\/economic-surveillance-eu-member-states\/country-pages\/france\/economic-forecast-france_en\">proc\u00e9dure pour d\u00e9ficit excessif<\/a> (6,1 % du PIB en 2024, dette \u00e0 115 %), la France doit tailler 60 milliards d&rsquo;ici 2027 pour un d\u00e9ficit sous 3 %. La Commission von der Leyen valide le plan Lecornu en juillet 2025, mais avec un crochet : tol\u00e9rance pour le gel des retraites si compens\u00e9 par -2 milliards sur la sant\u00e9 (attentes records aux urgences) et les aides sociales (RSA gel\u00e9 \u00e0 607 euros). En Gr\u00e8ce 2010, l&rsquo;UE a forc\u00e9 +7 ans d&rsquo;\u00e2ge l\u00e9gal, explosant le ch\u00f4mage seniors \u00e0 25 % ; <a target=\"_blank\" href=\"https:\/\/www.reuters.com\/world\/frances-budget-built-shaky-ground-fiscal-watchdog-warns-2025-10-14\/\">en France, c&rsquo;est plus insidieux<\/a>, mais la croissance \u00e9touff\u00e9e (0,8 % en 2025) en paie le prix.<\/p>\n<p>\u00a0<\/p>\n<h5><strong>\u00c0 l&rsquo;\u00e9chelle europ\u00e9enne : la France, g\u00e9n\u00e9reuse mais fragile<\/strong><\/h5>\n<p>La France tra\u00eene au bas (effectif 62,3 ans vs. 64,5 UE moyenne), gr\u00e2ce \u00e0 sa solidarit\u00e9, mais paie l&rsquo;addition : <a target=\"_blank\" href=\"https:\/\/www.cnbc.com\/2025\/10\/08\/nerves-jangle-in-europe-as-france-heads-into-another-political-crisis.html\">un d\u00e9ficit \u00ab\u00a0<em>cach\u00e9<\/em>\u00a0\u00bb de 50 milliards annuels si on compte les niches<\/a>.<\/p>\n<p><img decoding=\"async\" data-entity-uuid=\"c35cfe2e-ad0d-46de-8fa9-c9b8485841b6\" data-entity-type=\"file\" alt=\"retraite en europe\" width=\"945\" height=\"329\" loading=\"lazy\" class=\"lazyload\" src=\"https:\/\/www.francesoir.fr\/sites\/default\/files\/inline-images\/image_694.png\"\/><\/p>\n<p>\u00a0<\/p>\n<h5><strong>Th\u00e9\u00e2tre politique et scandale des rentes \u00e9litistes : Bayrou et Barnier, rois des cumuls<\/strong><\/h5>\n<p>Au Parlement, c&rsquo;est du Guignol : motions rat\u00e9es le 16 octobre gr\u00e2ce \u00e0 ce leurre, RN et LFI divis\u00e9s (<a target=\"_blank\" href=\"https:\/\/www.cnews.fr\/france\/2025-10-18\/reforme-des-retraites-marine-le-pen-demande-sebastien-lecornu-dinscrire-la\">Le Pen pousse pour l&rsquo;inscription au PLFSS<\/a>, M\u00e9lenchon hurle au pi\u00e8ge). Macron agite la dissolution, et la \u00ab\u00a0<em>gamelle<\/em>\u00a0\u00bb tr\u00f4ne : <a target=\"_blank\" href=\"https:\/\/www.huffingtonpost.fr\/politique\/article\/sur-la-suspension-de-la-reforme-des-retraites-cette-autre-voie-legislative-peut-elle-arranger-le-ps_256134.html\">alliances pour postes minist\u00e9riels, pendant que le PLF taille -3 milliards sur les fragiles<\/a>.<\/p>\n<p>Mais le vrai scandale ? Les retraites \u00ab\u00a0<em>dor\u00e9es<\/em>\u00a0\u00bb des \u00e9lites, qui symbolisent l&rsquo;hypocrisie. Pendant que le Fran\u00e7ais moyen (retraite nette moyenne : 1 545 euros\/mois en 2025) trime jusqu&rsquo;\u00e0 64 ans pour survivre (certains \u00e0 272 euros, seuil de pauvret\u00e9), <a target=\"_blank\" href=\"https:\/\/www.ledauphine.com\/economie\/2025\/07\/17\/budget-2026-pourquoi-le-portefeuille-des-retraites-est-dans-le-viseur-du-gouvernement\">les hauts fonctionnaires et anciens gouvernants cumulent des fortunes<\/a>. <a target=\"_blank\" href=\"https:\/\/fr.finance.yahoo.com\/actualites\/conclave-retraites-raisons-d-%25C3%25AAtre-091658838.html\">Michel Barnier<\/a>, ex-Premier ministre (73 ans), touche une retraite estim\u00e9e \u00e0 28 000 euros bruts par mois : cumul de 9 pensions (d\u00e9put\u00e9, s\u00e9nateur, ministre, commissaire europ\u00e9en, etc.), plus indemnit\u00e9s de d\u00e9part de Matignon (150 000 euros one-shot). Sur X, un internaute fustige : \u00ab\u00a0<em>Barnier 28k\u20ac\/mois pendant que les bourreaux de l&rsquo;\u00e9conomie matraquent le peuple<\/em>\u00a0\u00bb.<\/p>\n<p><a target=\"_blank\" href=\"https:\/\/www.capital.fr\/votre-retraite\/qui-seraient-les-rares-gagnants-de-la-reforme-bayrou-sur-les-retraites-1516623\">Fran\u00e7ois Bayrou<\/a>, 73 ans, n&rsquo;est pas en reste : ancien ministre, d\u00e9put\u00e9, maire, il cumule potentiellement 10 000-15 000 euros mensuels (pension de base + compl\u00e9mentaires + avantages MoDem), tout en pr\u00f4nant un \u00ab\u00a0<em>plan d&rsquo;\u00e9conomies<\/em>\u00a0\u00bb qui <a target=\"_blank\" href=\"https:\/\/www.20minutes.fr\/politique\/4133364-20250113-reforme-retraites-francois-bayrou-va-annoncer-suspension-texte-comme-demande-gauche\">g\u00e8le les pensions moyennes<\/a> d\u00e8s 2026, co\u00fbtant 4,1 milliards de pouvoir d&rsquo;achat aux seniors. Un <a target=\"_blank\" href=\"https:\/\/rmc.bfmtv.com\/actualites\/economie\/ce-qu-il-a-dit-est-totalement-idiot-les-propos-de-bayrou-sur-les-boomers-font-bondir-les-retraites_AV-202508290328.html\">post X ironise<\/a> :\u00a0\u00ab\u00a0<em>Bayrou parle d&rsquo;efforts, mais garde ses retraites dor\u00e9es avec les fonctionnaires SNCF et EDF<\/em>\u00a0\u00bb.<\/p>\n<p>Ces cumuls, l\u00e9gaux mais ind\u00e9cents, co\u00fbtent 600 millions annuels aux contribuables, selon des estimations alternatives \u00e9conomiques. Pendant ce temps, un ouvrier du b\u00e2timent comme Ahmed part \u00e0 62 ans avec 900 euros, gal\u00e9rant pour le gaz.<\/p>\n<p>\u00a0<\/p>\n<h5><strong>Par r\u00e9partition ou par \u00e9lites ? Le diagnostic implacable<\/strong><\/h5>\n<p>Le mod\u00e8le par r\u00e9partition, fiert\u00e9 fran\u00e7aise de solidarit\u00e9 interg\u00e9n\u00e9rationnelle, ploie sous le vieillissement (30 % de retrait\u00e9s en 2050) et un ratio actifs\/retrait\u00e9s en implosion, g\u00e9n\u00e9rant un d\u00e9ficit de 10 milliards annuels malgr\u00e9 2023. L&rsquo;Institut Molinari plaide pour un mix avec capitalisation, comme en Su\u00e8de (\u00e9quilibre depuis 1998).<\/p>\n<p>Mais les vrais coupables ? Des dirigeants qui bricolent depuis Balladur (1993) sans toucher aux rentes \u00e9litistes : ISF supprim\u00e9 (+15 % patrimoine des 1 %), niches fiscales intouch\u00e9es. \u00ab\u00a0<em>L&rsquo;\u00c9tat est le pire gestionnaire<\/em>\u00a0\u00bb, ass\u00e8ne un expert. Bayrou et Barnier incarnent cela : <strong>ils pr\u00f4nent l&rsquo;aust\u00e9rit\u00e9 pour les masses tout en prot\u00e9geant leurs privil\u00e8ges<\/strong>, creusant un foss\u00e9 o\u00f9 10 % des retrait\u00e9s touchent 50 % des pensions.<\/p>\n<h5>\u00a0<\/h5>\n<h5><strong>Un sursis qui appelle \u00e0 une forme de r\u00e9volte ?<\/strong><\/h5>\n<p>Cette suspension apaise les seniors mais hypoth\u00e8que les jeunes, sous le joug UE et l&rsquo;hypocrisie \u00e9litiste. Pour un vrai \u00e9quilibre ? Abroger totalement, taxer les cumuls (plafond \u00e0 5 000 euros ?), hybrider avec capitalisation, booster la natalit\u00e9. Les d\u00e9bats PLFSS ce week-end sont un test : Lecornu survivra-t-il, ou le peuple se soul\u00e8vera-t-il ?<\/p>\n<blockquote>\n<p>Le sablier coule \u2013 et la panse et les dorures de Bayrou scintillent toujours.<\/p>\n<\/blockquote>\n<\/div>\n<p><script>(function(d, s, id) {  var js, fjs = d.getElementsByTagName(s)[0];  if (d.getElementById(id)) return;  js = d.createElement(s); js.id = id;  js.src = \"\/\/connect.facebook.net\/fr_FR\/sdk.js#xfbml=1&version=v2.3\";  fjs.parentNode.insertBefore(js, fjs);}(document, \"script\", \"facebook-jssdk\"));<\/script><br \/>\n<br \/><br \/>\n<br \/><a href=\"https:\/\/www.francesoir.fr\/opinions-editos\/suspension-de-la-reforme-des-retraites-un-sursis-illusoire-qui-creuse-le-fosse\" target=\"_blank\"\">Source link <\/a><\/p>\n","protected":false},"excerpt":{"rendered":"<p>\u00c0 l&rsquo;heure o\u00f9 les d\u00e9bats sur le projet de loi de financement de la S\u00e9curit\u00e9 sociale (PLFSS) embrasent \u00e0 l&rsquo;Assembl\u00e9e, la \u00ab\u00a0suspension\u00a0\u00bb de la r\u00e9forme des retraites annonc\u00e9e par le&hellip; <\/p>\n","protected":false},"author":1,"featured_media":17935,"comment_status":"open","ping_status":"open","sticky":false,"template":"","format":"standard","meta":{"footnotes":""},"categories":[1],"tags":[],"class_list":["post-17934","post","type-post","status-publish","format-standard","has-post-thumbnail","hentry","category-non-classe"],"_links":{"self":[{"href":"https:\/\/monde25.info\/index.php\/wp-json\/wp\/v2\/posts\/17934","targetHints":{"allow":["GET"]}}],"collection":[{"href":"https:\/\/monde25.info\/index.php\/wp-json\/wp\/v2\/posts"}],"about":[{"href":"https:\/\/monde25.info\/index.php\/wp-json\/wp\/v2\/types\/post"}],"author":[{"embeddable":true,"href":"https:\/\/monde25.info\/index.php\/wp-json\/wp\/v2\/users\/1"}],"replies":[{"embeddable":true,"href":"https:\/\/monde25.info\/index.php\/wp-json\/wp\/v2\/comments?post=17934"}],"version-history":[{"count":0,"href":"https:\/\/monde25.info\/index.php\/wp-json\/wp\/v2\/posts\/17934\/revisions"}],"wp:featuredmedia":[{"embeddable":true,"href":"https:\/\/monde25.info\/index.php\/wp-json\/wp\/v2\/media\/17935"}],"wp:attachment":[{"href":"https:\/\/monde25.info\/index.php\/wp-json\/wp\/v2\/media?parent=17934"}],"wp:term":[{"taxonomy":"category","embeddable":true,"href":"https:\/\/monde25.info\/index.php\/wp-json\/wp\/v2\/categories?post=17934"},{"taxonomy":"post_tag","embeddable":true,"href":"https:\/\/monde25.info\/index.php\/wp-json\/wp\/v2\/tags?post=17934"}],"curies":[{"name":"wp","href":"https:\/\/api.w.org\/{rel}","templated":true}]}}