{"id":17954,"date":"2025-10-20T01:34:50","date_gmt":"2025-10-19T23:34:50","guid":{"rendered":"https:\/\/monde25.info\/index.php\/2025\/10\/20\/le-vol-au-louvre-tombeau-symbolique-dune-presidence-en-faillite\/"},"modified":"2025-10-20T01:34:50","modified_gmt":"2025-10-19T23:34:50","slug":"le-vol-au-louvre-tombeau-symbolique-dune-presidence-en-faillite","status":"publish","type":"post","link":"https:\/\/monde25.info\/index.php\/2025\/10\/20\/le-vol-au-louvre-tombeau-symbolique-dune-presidence-en-faillite\/","title":{"rendered":"Le vol au Louvre, tombeau symbolique d&rsquo;une pr\u00e9sidence en faillite\u00a0?"},"content":{"rendered":"<p> <br \/>\n<\/p>\n<div>\n<p>\u00c0 l&rsquo;aube d&rsquo;une nouvelle journ\u00e9e, le joyau de la France, le Louvre, est frapp\u00e9 au c\u0153ur. Des bijoux inestimables, dont des pi\u00e8ces de la Couronne imp\u00e9riale \u2013 ces reliques de notre histoire napol\u00e9onienne expos\u00e9es dans la somptueuse Galerie d&rsquo;Apollon \u2013 ont \u00e9t\u00e9 arrach\u00e9s \u00e0 la lumi\u00e8re par un commando audacieux. Une nacelle sur un camion banal, trois \u00e0 quatre ombres furtives, et voil\u00e0 que le mus\u00e9e le plus visit\u00e9 au monde, symbole de notre g\u00e9nie culturel, se r\u00e9veille sous scell\u00e9s. Les malfaiteurs en fuite, les forces de l&rsquo;ordre mobilis\u00e9es, et le pr\u00e9sident Emmanuel Macron&#8230; silencieux, pour l&rsquo;instant, <a target=\"_blank\" href=\"https:\/\/x.com\/EmmanuelMacron\/status\/1979972585094807626\">hormis un tweet.\u00a0<\/a>\u00a0<\/p>\n<blockquote class=\"twitter-tweet\">\n<p lang=\"fr\" dir=\"ltr\">Le vol commis au Louvre est une atteinte \u00e0 un patrimoine que nous ch\u00e9rissons car il est notre Histoire.\u00a0<\/p>\n<p>Nous retrouverons les \u0153uvres et les auteurs seront traduits en justice. Tout est mis en \u0153uvre, partout, pour y arriver, sous la conduite du parquet de Paris.\u2026<\/p>\n<p>\u2014 Emmanuel Macron (@EmmanuelMacron) <a target=\"_blank\" href=\"https:\/\/twitter.com\/EmmanuelMacron\/status\/1979972585094807626?ref_src=twsrc%5Etfw\">October 19, 2025<\/a><\/p>\n<\/blockquote>\n<p>Un tweet laconique qui en dit autant qu\u2019un silence. N&rsquo;avait-il pas vant\u00e9, en grandes pompes, un plan de r\u00e9novation <em>\u00ab\u00a0Nouvelle renaissance<\/em>\u00a0\u00bb du Louvre incluant la s\u00e9curit\u00e9 renforc\u00e9e ? Un plan cens\u00e9 prot\u00e9ger notre patrimoine, o\u00f9 \u00ab\u00a0<em>rien ne sera oubli\u00e9, s\u00e9curit\u00e9 et s\u00fbret\u00e9 des collections<\/em>\u00a0\u00bb, pour reprendre ses propres mots lors des annonces de 2023.<\/p>\n<blockquote class=\"twitter-tweet\" data-media-max-width=\"560\">\n<p lang=\"fr\" dir=\"ltr\">\u00ab\u00a0Rien ne sera oubli\u00e9, s\u00e9curit\u00e9 et s\u00fbret\u00e9 des collections\u00a0\u00bb : quand Emmanuel Macron pr\u00e9sentait il y a 8 mois son plan \u00ab\u00a0Nouvelle Renaissance\u00a0\u00bb pour le mus\u00e9e du Louvre<a target=\"_blank\" href=\"https:\/\/t.co\/kLQlVTSE0j\">pic.twitter.com\/kLQlVTSE0j<\/a><\/p>\n<p>\u2014 Fdesouche.com est une revue de presse (@F_Desouche) <a target=\"_blank\" href=\"https:\/\/twitter.com\/F_Desouche\/status\/1979894141476839626?ref_src=twsrc%5Etfw\">October 19, 2025<\/a><\/p>\n<\/blockquote>\n<p>Aujourd&rsquo;hui, ce vol spectaculaire n&rsquo;est pas seulement un coup mont\u00e9 hollywoodien ; c&rsquo;est<strong> une gifle magistrale \u00e0 l&rsquo;incomp\u00e9tence caract\u00e9ris\u00e9e<\/strong> d&rsquo;une \u00e9quipe qui ose se targuer de veiller sur les \u00ab\u00a0<em>tr\u00e9sors des Fran\u00e7ais<\/em>\u00a0\u00bb.<\/p>\n<p>Car, soyons clairs : ce n&rsquo;est pas un accident isol\u00e9, mais le sympt\u00f4me d&rsquo;une pr\u00e9sidence qui enterre, sous nos yeux, la capacit\u00e9 m\u00eame de la R\u00e9publique \u00e0 prot\u00e9ger ce qui fait son \u00e2me. Souvenez-vous de Notre-Dame, ce 15 avril 2019, o\u00f9 les flammes ont d\u00e9vor\u00e9 la cath\u00e9drale mill\u00e9naire sous le regard impuissant d&rsquo;un \u00c9tat omnipr\u00e9sent ailleurs. Macron, alors, promettait une reconstruction \u00ab\u00a0<em>en cinq ans<\/em>\u00a0\u00bb, un exploit bel et bien r\u00e9ussi gr\u00e2ce \u00e0 la g\u00e9n\u00e9rosit\u00e9 priv\u00e9e et \u00e0 la ferveur populaire \u2013 pas gr\u00e2ce \u00e0 l&rsquo;\u00c9tat, qui a multipli\u00e9 les cafouillages administratifs. <strong>Mais prot\u00e9ger ? Non. Emp\u00eacher ? Encore moins<\/strong>. Des centaines d&rsquo;\u00e9glises fran\u00e7aises ont br\u00fbl\u00e9 depuis, vandalis\u00e9es ou livr\u00e9es aux flammes par n\u00e9gligence : Sainte-Rita \u00e0 Paris, Saint-Sulpice \u00e0 Foug\u00e8res, et tant d&rsquo;autres, autant de plaies ouvertes sur notre h\u00e9ritage chr\u00e9tien et r\u00e9publicain. Et le Louvre, ce sanctuaire la\u00efque, tombe \u00e0 son tour. Ces bijoux vol\u00e9s ne sont pas de simples objets ; ce sont les joyaux du patrimoine des Fran\u00e7ais, ces t\u00e9moins muets de notre grandeur, que l&rsquo;on pille sous le nez d&rsquo;un pouvoir qui se vante d&rsquo;\u00eatre \u00ab\u00a0<em>jupit\u00e9rien<\/em>\u00a0\u00bb.<\/p>\n<p>Pire : cette faillite s\u00e9curitaire s&rsquo;inscrit dans un tableau plus noir encore. L&rsquo;ins\u00e9curit\u00e9 galopante qui ronge nos banlieues, nos rues, nos campagnes \u2013 un fl\u00e9au que Macron jure combattre depuis 2017, <strong>sans jamais en venir \u00e0 bout<\/strong>. La COVID, cette pand\u00e9mie qu&rsquo;il a g\u00e9r\u00e9e en semant le chaos : confinements absurdes, passes sanitaires intrusifs, et une dette publique gonfl\u00e9e de 1 000 milliards d&rsquo;euros suppl\u00e9mentaires, pour un \u00ab\u00a0<em>quoi qu&rsquo;il en co\u00fbte<\/em>\u00a0\u00bb qui a co\u00fbt\u00e9 cher \u00e0 nos libert\u00e9s et \u00e0 nos finances. 3 345 milliards d&rsquo;euros de dette aujourd&rsquo;hui, 114 % du PIB \u2013 un fardeau que nos enfants paieront, pendant que les \u00e9lites se congratulent. Et que dire de la d\u00e9fiance ? <a target=\"_blank\" href=\"https:\/\/www.francesoir.fr\/politique-france\/les-francais-en-crise-de-confiance-entre-desillusion-economique-et-scepticisme\">70 % des Fran\u00e7ais ne voient \u00ab\u00a0<em>personne<\/em>\u00a0\u00bb comme leader id\u00e9al, 78 % accusent les politiques de trahir l&rsquo;int\u00e9r\u00eat g\u00e9n\u00e9ral<\/a>.<\/p>\n<blockquote>\n<p>Ce vol au Louvre n&rsquo;est que la cerise sur un g\u00e2teau empoisonn\u00e9 : Macron, incapable de prot\u00e9ger ni les vies, ni les biens, ni les symboles, expose la nudit\u00e9 d&rsquo;un r\u00e9gime qui promet la protection mais livre la France aux risques en tous genres.<\/p>\n<\/blockquote>\n<p>Le traitement m\u00e9diatique et politique de cette affaire <strong>ach\u00e8ve de d\u00e9montrer l&rsquo;amateurisme complet dans lequel verse la macronie<\/strong>. Les cha\u00eenes d&rsquo;info en boucle sur les \u00ab\u00a0<em>images exclusives<\/em>\u00a0\u00bb, les d\u00e9clarations l\u00e9nifiantes du pr\u00e9sident \u2013 \u00ab\u00a0<em>les \u0153uvres vol\u00e9es seront retrouv\u00e9es et les auteurs traduits en justice<\/em> \u00bb \u2013, et les \u00e9ditos ti\u00e8des qui minimisent l&rsquo;\u00e9v\u00e9nement comme un \u00ab\u00a0<em>cambriolage spectaculaire<\/em>\u00a0\u00bb sans jamais pointer le responsable en chef et ses ministres. Pas un mot sur le fiasco des cam\u00e9ras d\u00e9faillantes, sur les alertes ignor\u00e9es des professionnels ou des agents du mus\u00e9e, sur ce plan de r\u00e9novation qui n&rsquo;\u00e9tait qu&rsquo;un mirage communicationnel. C&rsquo;est le r\u00e8gne de l&rsquo;opacit\u00e9, o\u00f9 l&rsquo;on noie le scandale dans le spectacle, pendant que le peuple rumine sa col\u00e8re.\u00a0<\/p>\n<blockquote>\n<p><strong>Amateurisme ? Non, c&rsquo;est du cynisme pur : une classe politique qui feint l&rsquo;indignation pour masquer son impuissance, un pr\u00e9sident qui tweete sur l&rsquo;\u00a0\u00ab\u00a0<\/strong><em><strong>unit\u00e9 nationale<\/strong><\/em><strong>\u00a0\u00bb sans jamais l&rsquo;incarner<\/strong>.<\/p>\n<\/blockquote>\n<h5>\u00a0<\/h5>\n<h5><strong>Ce cambriolage sera-t-il l&rsquo;\u00e9tincelle qui enterre d\u00e9finitivement Macron ?<\/strong><\/h5>\n<p>Il pourrait bien l&rsquo;\u00eatre. D\u00e9j\u00e0 fragilis\u00e9 par l&rsquo;instabilit\u00e9 gouvernementale \u2013 trois Premiers ministres en 2025 ! \u2013, il glisse vers une rupture totale avec des Fran\u00e7ais lass\u00e9s de ces promesses vides. Les sondages le disent : la confiance est \u00e0 son nadir, la Ve R\u00e9publique agonise sous le poids de ses \u00e9lites recycl\u00e9es et de ses institutions gripp\u00e9es. \u00c0 lui, d\u00e9sormais, une derni\u00e8re porte de sortie honorable : <strong>reconna\u00eetre que le mal est plus profond que son seul quinquennat<\/strong>, <strong>rejeter la faute sur l&rsquo;ensemble de la classe politique qui ne repr\u00e9sente plus les Fran\u00e7ais et qui est per\u00e7ue comme corrompue<\/strong>, et ouvrir la voie \u00e0 une transition institutionnelle radicale. Celle que j&rsquo;ai propos\u00e9e dans ces colonnes : <a target=\"_blank\" href=\"https:\/\/www.francesoir.fr\/opinions-editos\/proposition-pour-une-transition-institutionnelle-en-france-vers-la-reaffirmation\">activer l&rsquo;article 16 pour un sursaut contr\u00f4l\u00e9, former un Consortium de R\u00e9alisation des Int\u00e9r\u00eats de la Nation (CRIN) compos\u00e9 d&rsquo;experts et de citoyens tir\u00e9s au sort, et soumettre deux r\u00e9f\u00e9rendums en un mois pour r\u00e9affirmer notre souverainet\u00e9<\/a> \u2013 primaut\u00e9 de la loi fran\u00e7aise sur les diktats europ\u00e9ens, interdiction des mandats successifs, d\u00e9mocratie participative via assembl\u00e9es citoyennes et outils num\u00e9riques. Une VIe R\u00e9publique du peuple, par le peuple, pour le peuple, lib\u00e9r\u00e9e des m\u00e9diacraties et des supranationalismes qui nous \u00e9touffent.<\/p>\n<blockquote>\n<p>Macron a le choix : s&rsquo;accrocher \u00e0 son mirage jupit\u00e9rien et sombrer avec lui, ou saisir cette opportunit\u00e9 historique pour un legs authentique. Le Louvre pill\u00e9 nous le rappelle cruellement : la France n&rsquo;attend plus de sauveurs autoproclam\u00e9s, mais de v\u00e9ritables refondateurs. Le temps presse, les cr\u00e9anciers de la France attendent et regardent la note de la dette s\u2019abaisser \u00e0 chaque \u00e9ch\u00e9ance. La balle est dans son camp.<\/p>\n<\/blockquote>\n<\/div>\n<p><script async src=\"\/\/platform.twitter.com\/widgets.js\" charset=\"utf-8\"><\/script><script>(function(d, s, id) {  var js, fjs = d.getElementsByTagName(s)[0];  if (d.getElementById(id)) return;  js = d.createElement(s); js.id = id;  js.src = \"\/\/connect.facebook.net\/fr_FR\/sdk.js#xfbml=1&version=v2.3\";  fjs.parentNode.insertBefore(js, fjs);}(document, \"script\", \"facebook-jssdk\"));<\/script><br \/>\n<br \/><br \/>\n<br \/><a href=\"https:\/\/www.francesoir.fr\/opinions-editos\/le-vol-au-louvre-tombeau-symbolique-d-une-presidence-en-faillite\" target=\"_blank\"\">Source link <\/a><\/p>\n","protected":false},"excerpt":{"rendered":"<p>\u00c0 l&rsquo;aube d&rsquo;une nouvelle journ\u00e9e, le joyau de la France, le Louvre, est frapp\u00e9 au c\u0153ur. Des bijoux inestimables, dont des pi\u00e8ces de la Couronne imp\u00e9riale \u2013 ces reliques de&hellip; <\/p>\n","protected":false},"author":1,"featured_media":17955,"comment_status":"open","ping_status":"open","sticky":false,"template":"","format":"standard","meta":{"footnotes":""},"categories":[1],"tags":[],"class_list":["post-17954","post","type-post","status-publish","format-standard","has-post-thumbnail","hentry","category-non-classe"],"_links":{"self":[{"href":"https:\/\/monde25.info\/index.php\/wp-json\/wp\/v2\/posts\/17954","targetHints":{"allow":["GET"]}}],"collection":[{"href":"https:\/\/monde25.info\/index.php\/wp-json\/wp\/v2\/posts"}],"about":[{"href":"https:\/\/monde25.info\/index.php\/wp-json\/wp\/v2\/types\/post"}],"author":[{"embeddable":true,"href":"https:\/\/monde25.info\/index.php\/wp-json\/wp\/v2\/users\/1"}],"replies":[{"embeddable":true,"href":"https:\/\/monde25.info\/index.php\/wp-json\/wp\/v2\/comments?post=17954"}],"version-history":[{"count":0,"href":"https:\/\/monde25.info\/index.php\/wp-json\/wp\/v2\/posts\/17954\/revisions"}],"wp:featuredmedia":[{"embeddable":true,"href":"https:\/\/monde25.info\/index.php\/wp-json\/wp\/v2\/media\/17955"}],"wp:attachment":[{"href":"https:\/\/monde25.info\/index.php\/wp-json\/wp\/v2\/media?parent=17954"}],"wp:term":[{"taxonomy":"category","embeddable":true,"href":"https:\/\/monde25.info\/index.php\/wp-json\/wp\/v2\/categories?post=17954"},{"taxonomy":"post_tag","embeddable":true,"href":"https:\/\/monde25.info\/index.php\/wp-json\/wp\/v2\/tags?post=17954"}],"curies":[{"name":"wp","href":"https:\/\/api.w.org\/{rel}","templated":true}]}}