{"id":1797,"date":"2024-12-09T02:40:33","date_gmt":"2024-12-09T01:40:33","guid":{"rendered":"https:\/\/monde25.info\/index.php\/2024\/12\/09\/une-petite-precision-simpose\/"},"modified":"2024-12-09T02:40:33","modified_gmt":"2024-12-09T01:40:33","slug":"une-petite-precision-simpose","status":"publish","type":"post","link":"https:\/\/monde25.info\/index.php\/2024\/12\/09\/une-petite-precision-simpose\/","title":{"rendered":"Une petite pr\u00e9cision s&rsquo;impose !"},"content":{"rendered":"<p> <br \/>\n<\/p>\n<div>\n<p>Contrairement \u00e0 ce que certains d&rsquo;entre vous ont pens\u00e9 \u00e0 tort en lisant mon \u00e9dito d&rsquo;hier \u00ab\u00a0<a target=\"_blank\" href=\"https:\/\/www.francesoir.fr\/opinions-editos\/et-si-macron-s-inspirait-de-trump-pour-transformer-et-liberer-le-pays\">et si Macron s\u2019inspirait de Trump pour transformer et lib\u00e9rer le pays<\/a>\u00a0\u00bb jamais, je n&rsquo;ai pens\u00e9, ne serait-ce qu&rsquo;un tr\u00e8s bref instant, pas m\u00eame imagin\u00e9 qu&rsquo;Emmanuel Macron pourrait avoir un quelconque respect pour la France, ni une quelconque estime pour les Fran\u00e7ais. Je me permets de rappeler l\u2019\u00e9dito \u00e9crit pour une version papier de France-Soir sortie le 1\u1d49\u02b3 avril 2022\u00a0: \u00ab\u00a0<em>l\u2019homme qui n\u2019aimait pas la France<\/em>\u00a0\u00bb.<\/p>\n<p>Notre regrett\u00e9 dessinateur ARA avait saisi l\u2019occasion pour illustrer l\u2019\u00e9v\u00e8nement.\u00a0<\/p>\n<p><img decoding=\"async\" data-entity-uuid=\"c8103fb8-9a96-4d4d-b3b3-0d684de9425b\" data-entity-type=\"file\" alt=\"Ara Macron\" width=\"808\" height=\"323\" loading=\"lazy\" class=\"lazyload\" src=\"https:\/\/www.francesoir.fr\/sites\/default\/files\/inline-images\/ARA%20macron.jpg\"\/><\/p>\n<p>Pardi\u00a0! On a bien pu constater en quoi consiste le \u00ab\u00a0<em>Parce que c&rsquo;est notre projet\u00a0!<\/em>\u00a0\u00bb pour lequel il a \u00e9t\u00e9 plac\u00e9 \u00e0 l\u2019\u00c9lys\u00e9e. La destruction de la France. <a target=\"_blank\" href=\"https:\/\/x.com\/ContreAttaque_\/status\/1651535825052508165\">Il l&rsquo;a d&rsquo;ailleurs dit lui-m\u00eame,<\/a>\u00a0\u00e0 commencer par l\u2019H\u00f4pital\u00a0:<\/p>\n<blockquote class=\"twitter-tweet\" data-media-max-width=\"560\">\n<p lang=\"fr\" dir=\"ltr\">Macron \u00e0 Vend\u00f4me,\u00e0 propos du mod\u00e8le de l\u2019h\u00f4pital: \u00abC&rsquo;est plus dur de le r\u00e9inventer quand tout n&rsquo;a pas \u00e9t\u00e9 d\u00e9truit\u00bb.<\/p>\n<p>Il \u00e9voquait la fin de la m\u00e9decine \u00e0 l\u2019acte au profit des d\u00e9l\u00e9gations de t\u00e2ches, et des assistants administratifs. <a target=\"_blank\" href=\"https:\/\/t.co\/8TEwZ82UTQ\">pic.twitter.com\/8TEwZ82UTQ<\/a><\/p>\n<p>\u2014 Contre Attaque (@ContreAttaque_) <a target=\"_blank\" href=\"https:\/\/twitter.com\/ContreAttaque_\/status\/1651535825052508165?ref_src=twsrc%5Etfw\">April 27, 2023<\/a><\/p>\n<\/blockquote>\n<p>Et, en cela, j&rsquo;indique ceci \u00e0 l&rsquo;attention de tous ceux qui affirment que les sept ann\u00e9es de gouvernance du pays par Emmanuel Macron ont accouch\u00e9 d&rsquo;un d\u00e9sastre. C&rsquo;est faux. C&rsquo;est totalement faux\u00a0!<\/p>\n<p>En effet, du point de vue de ses commanditaires, la gouvernance du pays par Emmanuel Macron est un succ\u00e8s total. Fabuleux. Historique !<\/p>\n<p>Emmanuel Macron a \u00e9t\u00e9 mis en place par les patrons du CAC40 (sur ordre des institutions occidentales supranationales, institutions qui toutes sans exception sont au service des int\u00e9r\u00eats am\u00e9ricains) pour d\u00e9truire la France et la d\u00e9pecer.Le temps de l&rsquo;\u00e9dito \u00ab la facture de la fracture s\u00bb j&rsquo;avais \u00e9voqu\u00e9 en d\u00e9tail les questions essentielles, je vous les remets en note (1) afin que vous puissiez en discuter en famille ou \u00e0 la machine \u00e0 caf\u00e9. Vous \u00eates nombreux <a target=\"_blank\" href=\"https:\/\/www.francesoir.fr\/opinions-editos\/veut-les-comptes\">\u00e0 vouloir les comptes<\/a> de ce d\u00e9mant\u00e8lement en r\u00e8gle, \u00a0e<a target=\"_blank\" href=\"https:\/\/www.francesoir.fr\/opinions-editos\/le-catalogue-de-la-redoute-version-emmanuel-macron\" target=\"_blank\">n quelque sorte le catalogue de la Redoute, version Emmanuel Macron<\/a>.\u00a0<br \/>\u00a0<\/p>\n<p>Cela consiste \u00e0 <a target=\"_blank\" href=\"https:\/\/www.francesoir.fr\/opinions-editos\/le-catalogue-de-la-redoute-version-emmanuel-macron\" target=\"_blank\">d\u00e9truire un \u00e0 un tous les domaines \u00e9tatiques et priv\u00e9s<\/a> autour desquels la Nation articule sa vie et assure sa coh\u00e9sion\u00a0: brader l&rsquo;industrie fran\u00e7aise aux trusts am\u00e9ricains, tuer l&rsquo;agriculture fran\u00e7aise (2), r\u00e9duire \u00e0 n\u00e9ant les services publics, d\u00e9truire le syst\u00e8me de retraites, couler la S\u00e9curit\u00e9 sociale, et finaliser le grand remplacement initi\u00e9 sous Fran\u00e7ois Hollande, par un envahissement massif de la France par des hordes subsahariennes financ\u00e9 par l&rsquo;argent des Fran\u00e7ais. Car l&rsquo;ins\u00e9curit\u00e9 que cet envahissement g\u00e9n\u00e8re, associ\u00e9e \u00e0 celle g\u00e9n\u00e9r\u00e9e par le pourrissement volontaire des banlieues et les mains libres laiss\u00e9es pareillement expr\u00e8s \u00e0 la criminalit\u00e9 organis\u00e9e (le trafic de stup\u00e9fiants notamment), accro\u00eet le risque de guerre civile, synonyme du chaos qui facilitera l&rsquo;instauration \u00ab\u00a0En Marche\u00a0\u00bb (j&rsquo;y reviens un peu plus loin) d&rsquo;une dictature inextricable. Une coercition et un contr\u00f4le total et permanent de la population, gr\u00e2ce aux nouvelles technologies\u00a0: intelligence artificielle, armes \u00e0 impulsions, etc.<\/p>\n<p>\u00ab\u00a0<a target=\"_blank\" href=\"https:\/\/youtu.be\/U47M6_G6gzM\"><em>Je vis \u00e7a comme une mission<\/em><\/a>\u00a0\u00bb avait d&rsquo;ailleurs d\u00e9clar\u00e9 Emmanuel Macron \u00e0 ce sujet. Rappelez-vous, c&rsquo;\u00e9tait fin 2016, au tout d\u00e9but de la pr\u00e9-campagne pr\u00e9sidentielle de 2017. Et donc, h\u00e9las pour la France et le peuple fran\u00e7ais, force est de constater qu&rsquo;Emmanuel Macron peut dire ceci, aujourd&rsquo;hui, toujours \u00e0 ce sujet\u00a0: \u00ab\u00a0Mission accomplie.\u00a0\u00bb<\/p>\n<p>Diable !\u00a0 Celui que certains n\u2019h\u00e9sitent pas \u00e0 qualifier de\u00a0\u00ab\u00a0psychopathe\u00a0\u00bb a \u00e9t\u00e9 plac\u00e9 \u00e0 l&rsquo;\u00c9lys\u00e9e pour <strong>d\u00e9manteler l&rsquo;\u00e9conomie fran\u00e7aise<\/strong> (PME et artisanat, afin qu&rsquo;il ne reste plus sur le march\u00e9 que les grandes entreprises du CAC40), <strong>couler<\/strong> le pays financi\u00e8rement, et <strong>rendre ainsi ses habitants asservis \u00e0 <\/strong>la dette publique qu&rsquo;ils vont \u00eatre contraints \u00e0 rembourser sur l&rsquo;enti\u00e8ret\u00e9 de leur patrimoine. Et ceci sans pouvoir s&rsquo;y opposer. Le syst\u00e8me bancaire dans lequel nous sommes tous enferm\u00e9s, a \u00e9t\u00e9 centralis\u00e9 et automatis\u00e9 \u00e0 cette fin despotique et h\u00e9g\u00e9monique. Si\u00a0! Pour imposer au peuple de France une dictature du style \u00ab\u00a0cr\u00e9dit social \u00e0 la chinoise.\u00a0\u00bb Cela, donc, sur le fondement d&rsquo;une dette publique qu&rsquo;Emmanuel Macron a fait exploser, artificiellement, au profit de ses commanditaires (les patrons du CAC40). Une dette qui, en r\u00e9alit\u00e9, n&rsquo;a nulle consistance v\u00e9ritable, ni une quelconque l\u00e9gitimit\u00e9 \u00e0 justifier le paiement des int\u00e9r\u00eats factur\u00e9s au contribuable fran\u00e7ais \u00e0 ce titre.<\/p>\n<p>En effet, l&rsquo;argent que Macron et Cie nous disent devoir \u00ab\u00a0emprunter\u00a0\u00bb sur les march\u00e9s boursiers, pour financer le d\u00e9ficit des comptes publics, cet argent n&rsquo;a pas de mat\u00e9rialit\u00e9. Il ne r\u00e9sulte pas de la valeur ajout\u00e9e qu&rsquo;une personne a g\u00e9n\u00e9r\u00e9e par son activit\u00e9 cr\u00e9atrice de valeur ajout\u00e9e\u00a0: extraction de mati\u00e8res premi\u00e8res, conditionnement et transport de celles-ci sur leur lieu de vente, transformation ou utilisation, fabrication, conditionnement, transport et vente de produits et services en tous genres, participation \u00e0 la vie \u00e9conomique et sociale de la communaut\u00e9 humaine \u00e0 l&rsquo;int\u00e9rieur de laquelle toutes ces activit\u00e9s cr\u00e9atrices de valeur ajout\u00e9e officient, et assurer la s\u00e9curit\u00e9 et la sant\u00e9 des personnes qui y participent et forment celles qui sont appel\u00e9es \u00e0 le faire. L&rsquo;argent que les march\u00e9s boursiers nous \u00ab\u00a0pr\u00eatent\u00a0\u00bb, c&rsquo;est du vent, du flan. C&rsquo;est uniquement une ligne de cr\u00e9dit qu&rsquo;ils ouvrent\u00a0 au pays qui emprunte aupr\u00e8s d&rsquo;eux.<\/p>\n<p>Toutefois, \u00e0 l&rsquo;inverse, nous tous qui devons travailler pour rembourser ces emprunts et les int\u00e9r\u00eats de ces emprunts, c&rsquo;est avec du \u00ab\u00a0vrai\u00a0\u00bb argent que nous le faisons. \u00c0 savoir avec la valeur ajout\u00e9e que nous g\u00e9n\u00e9rons avec notre travail. Nos salaires et b\u00e9n\u00e9fices bruts sur lesquels l&rsquo;\u00e9tat nous prend au total (tous imp\u00f4ts, taxes et amendes confondus) 78% de ce que nous gagnons.<\/p>\n<p>Gr\u00e2ce au syst\u00e8me dit \u00ab\u00a0des vases communicants\u00a0\u00bb qu&rsquo;Emmanuel Macron a mis en place au profit de ses commanditaires, ces ultra-riches sont devenus sept fois plus riches qu&rsquo;ils ne l&rsquo;\u00e9taient d\u00e9j\u00e0.<\/p>\n<p>Si\u00a0! En sept ans de gouvernance du pays par Emmanuel Macron, la part du P.I.B. de la France, d\u00e9tenue par les 500 Fran\u00e7ais les plus riches, est pass\u00e9e de 7 % du P.I.B. \u00e0 51 % du P.I.B.<\/p>\n<p>Oui. C&rsquo;est par les lois qu&rsquo;il a fait adopter en ce sens, que le \u00ab\u00a0Robin des Riches\u00a0\u00bb qu&rsquo;est Emmanuel Macron a proc\u00e9d\u00e9. Par application de ces lois rigoureusement contraires aux int\u00e9r\u00eats des Fran\u00e7ais,\u00a0 il a pris aux pauvres (\u00ab\u00a0<em>Les gens qui ne sont rien<\/em>\u00a0\u00bb) pour donner aux riches. Les ultra-riches qu&rsquo;il sert avec z\u00e8le et \u00e0 qui il doit tout, raison pour laquelle il les appelle : \u00ab\u00a0<em>Les gens qui sont tout<\/em>.\u00a0\u00bb.<\/p>\n<p>Enfin, la dimension \u00ab\u00a0spirituelle\u00a0\u00bb de la mission dont Emmanuel Macron a \u00e9t\u00e9 charg\u00e9, a consist\u00e9, elle (dans le prolongement du mariage pour tous et dans la continuit\u00e9 de la th\u00e9orie du genre initi\u00e9e sous Fran\u00e7ois Hollande), \u00e0 substituer, comme norme, \u00e0 la soci\u00e9t\u00e9 fran\u00e7aise traditionnelle (nagu\u00e8re 100 % articul\u00e9e autour de valeurs religieuses et morales ancestrales, elles-m\u00eames articul\u00e9es autour de la famille nucl\u00e9aire), la d\u00e9g\u00e9n\u00e9rescence en tous points du wokisme. Un wokisme roi et adjoint \u00e0 ce qui s&rsquo;apparente au culte satanique. Ce dernier semble avoir \u00e9t\u00e9 substitu\u00e9 au culte de J\u00e9sus par Emmanuel Macron et ses disciples. Une substitution affich\u00e9e haut et fort lors des c\u00e9r\u00e9monies d&rsquo;ouverture et de cl\u00f4ture des Jeux olympiques, et elle a \u00e9t\u00e9 consacr\u00e9e pleinement hier apr\u00e8s-midi.<\/p>\n<p>Si\u00a0! Honte \u00e0 tous ceux qui ont concouru aux transformations qui mat\u00e9rialisent cette mystification\u00a0! En ce samedi 7 d\u00e9cembre de l&rsquo;An de \u00ab\u00a0disgr\u00e2ce\u00a0\u00bb 2024, \u00e7a y est, dor\u00e9navant c&rsquo;est officiel : c\u2019est un culte bien diff\u00e9rent qui a pris possession de Notre-Dame.<\/p>\n<p>Et l&rsquo;incendie de Notre-Dame \u00e9tait d&rsquo;ailleurs le symbole de tout cela. La destruction par le feu d&rsquo;absolument tout ce qui faisait la France de nagu\u00e8re, sa grandeur, son \u00e9clat et sa beaut\u00e9.<\/p>\n<p>Nous pouvons d\u00e8s lors le formuler en ces termes, tout en restant la\u00efc, tout a \u00e9t\u00e9 offert sur un plateau \u00e0 Satan, par cet homme qui aurait apparemment vendu son \u00e2me au diable\u00a0: Emmanuel Macron.<\/p>\n<p>Donc effectivement, il en est ainsi. Pardonnez-moi de devoir retourner ainsi le couteau dans la plaie, car l&rsquo;expos\u00e9 journalistique, honn\u00eate et probe de la r\u00e9alit\u00e9 l&rsquo;exige, du point de vue des commanditaires d&rsquo;Emmanuel Macron, sa gouvernance de la France est un succ\u00e8s plein et entier. Total.<\/p>\n<p>Malheureusement pour la France et pour les Fran\u00e7ais de base, les \u00ab\u00a0gueux\u00a0\u00bb que nous sommes pour Emmanuel Macron et toute sa clique, puisque, en l&rsquo;\u00e9tat actuel des forces en pr\u00e9sence, c&rsquo;est entre les mains des commanditaires de ce petit escroc que se situe v\u00e9ritablement le pouvoir, leur point de vue s&rsquo;impose \u00e0 nous.<\/p>\n<p>\u00c0 nous, alors, de faire en sorte d&rsquo;inverser ce rapport de force.<\/p>\n<p>Si ce rapport de force est en notre d\u00e9faveur, c&rsquo;est parce qu&rsquo;il intervient \u00e0 l&rsquo;int\u00e9rieur d&rsquo;un cadre institutionnel, le syst\u00e8me politique impos\u00e9 au peuple de France par les grands bourgeois (c&rsquo;\u00e9tait il y a 235 ans), justement pour que ce rapport de force soit et demeure en leur faveur perp\u00e9tuellement\u00a0: la R\u00e9publique.<\/p>\n<p>Oui, c&rsquo;est par l&rsquo;entremise f\u00e9lonne de ce syst\u00e8me politique tronqu\u00e9 d\u00e9nomm\u00e9 \u00ab\u00a0la R\u00e9publique\u00a0\u00bb, qu&rsquo;un petit groupe de personnes ill\u00e9gitimes (moins d&rsquo;un pour cent de la population fran\u00e7aise) accapare tous les pouvoirs et impose sa volont\u00e9 au 99 % restants en exploitant la rente du syst\u00e8me. Cela non pas dans une communion sociale o\u00f9 les dirigeants \u0153uvrent pour le bien commun, mais \u00e0 l&rsquo;int\u00e9rieur d&rsquo;une dictature d\u00e9guis\u00e9e o\u00f9 ce sont les int\u00e9r\u00eats priv\u00e9s de ce petit groupe de personnes ill\u00e9gitimes qui priment, au d\u00e9triment de l&rsquo;int\u00e9r\u00eat public, et au lourd, au tr\u00e8s lourd pr\u00e9judice physique (s\u00e9curit\u00e9, sant\u00e9, tranquillit\u00e9 et paix sociale) et en p\u00e9cuniaire du peuple de France.<\/p>\n<p>Je vous en reparlerai plus en d\u00e9tail dans mon \u00e9dito de demain.<\/p>\n<p>\u00a0<\/p>\n<p>(1) Donc, au nom du peuple fran\u00e7ais, justement, dont je fais partie, je vous pr\u00e9sente la facture (2)\u00a0:<\/p>\n<ul>\n<li><strong>Accroissement toujours en cours de la dette publique\u00a0:<\/strong>\u00a01.150 milliards. Sans qu\u2019aucune diminution ne soit visible. Il y a m\u00eame l\u2019outrecuidance d\u2019avoir l\u2019intention d\u2019augmenter le budget de l\u2019\u00c9lys\u00e9e, de l\u2019Assembl\u00e9e nationale et du S\u00e9nat alors que l\u2019on demande au peuple de se rationner.<\/li>\n<li>\n<p>Un <strong>d\u00e9ficit \u00e0 la d\u00e9rive avec des erreurs de trajectoire plus que pr\u00e9visibles<\/strong> tel que l\u2019explique <a target=\"_blank\" href=\"https:\/\/www.youtube.com\/watch?si=5xFbM9y2M2TzT_-Z&amp;v=l_ZLu-UM8Bc&amp;feature=youtu.be\">l\u2019\u00e9conomiste Marc Touati<\/a> avec l\u2019agence Fitch qui pr\u00e9voit un terrible ratio dette\/PIB de 118,5\u2009% en 2028.<\/p>\n<blockquote class=\"twitter-tweet\">\n<p lang=\"fr\" dir=\"ltr\">\u274cQUELLE A \u00c9T\u00c9 L\u2019 ERREUR DE TRAJECTOIRE BUDG\u00c9TAIRE DE L\u2019ELYS\u00c9E ET DE MATIGNON AU COURS DES DERNI\u00c8RES ANN\u00c9ES ?<br \/>La politique budg\u00e9taire est appliqu\u00e9e par Bercy mais ses grandes orientations ont \u00e9t\u00e9 arbitr\u00e9es ensemble depuis 2017 par le Premier ministre et le Pr\u00e9sident, sous leur\u2026 <a target=\"_blank\" href=\"https:\/\/t.co\/AuN2BABoki\">pic.twitter.com\/AuN2BABoki<\/a><\/p>\n<p>\u2014 herve hannoun (@HerveHannoun) <a target=\"_blank\" href=\"https:\/\/twitter.com\/HerveHannoun\/status\/1846332052888760499?ref_src=twsrc%5Etfw\">October 15, 2024<\/a><\/p>\n<\/blockquote>\n<\/li>\n<li>Des <strong>emplois perdus avec la destruction de l&rsquo;industrie<\/strong>, <a target=\"_blank\" href=\"https:\/\/x.com\/MoneyRadar_FR\/status\/1846096595877531829?t=wgpMmkwKjBzMlNQhiL5GJA&amp;s=19\">des PME et de l&rsquo;artisanat\u00a0:<\/a>\u00a0estimation de 500-700 milliards sur 7 ans. Ce n\u2019est pas nouveau, <a target=\"_blank\" href=\"https:\/\/www.francesoir.fr\/opinions-editos\/xavie\/Downloads\/ES438S.pdf\">un rapport de l\u2019Insee<\/a> en parlait d\u00e9j\u00e0 en 2010, mais cela s\u2019est acc\u00e9l\u00e9r\u00e9 avec \u00ab\u00a0<em>les experts qui pr\u00e9voient une mar\u00e9e haute en 2025<\/em>\u00a0\u00bb\u00a0: 250 000 emplois en p\u00e9ril, +25 % de faillites.<\/li>\n<li>Covid (achat des vaccins, vaccination, effets secondaires, \u00ab\u00a0emmerder les non-vaccin\u00e9s\u00a0\u00bb, ch\u00f4mage partiel et autres d\u00e9penses \u00ab\u00a0quoiqu&rsquo;il en co\u00fbte\u00a0\u00bb au contribuable)\u00a0: estim\u00e9s \u00e0 600 milliards, mais dont seulement 180 milliards peuvent \u00eatre trac\u00e9s. O\u00f9 sont pass\u00e9s les 420 milliards\u00a0?<\/li>\n<li>Destruction des services publics, de la S\u00e9curit\u00e9 sociale et des transports\u00a0: 150-200 milliards<\/li>\n<li>Destruction de l&rsquo;ind\u00e9pendance \u00e9nerg\u00e9tique de la France\u00a0par vos d\u00e9cisions de fermer dogmatiquement Fessenheim pour apr\u00e8s proposer le nouveau nucl\u00e9aire : 130-180 milliards<\/li>\n<li>D\u00e9ficit du commerce ext\u00e9rieur (non-comp\u00e9titivit\u00e9 de la France, contrats r\u00e9sili\u00e9s et march\u00e9s perdus \u00e0 l&rsquo;\u00e9tranger, du fait du comportement hautain et condescendant d&rsquo;Emmanuel 1\u1d49\u02b3, \u00ab\u00a0M\u00e9prisant de la R\u00e9publique\u00a0\u00bb et insultant envers ses anciennes colonies)\u00a0: de 75 \u00e0 150 milliards.<\/li>\n<li>Inflation artificielle\u00a0: 100 milliards<\/li>\n<li>Soutien \u00e0 l&rsquo;Ukraine\u00a0: 38 milliards recalcul\u00e9s par Herv\u00e9 Hannoun mais probablement plus si l\u2019on consid\u00e8re <a target=\"_blank\" href=\"https:\/\/www.francesoir.fr\/politique-france\/accord-franco-ukrainien-macron-attal-et-sejourne-ont-ils-sciemment-viole-la\">les aides indirectes avec un accord franco-ukrainien qui violent probablement la constitution. Cela a-t-il \u00e9t\u00e9 effectu\u00e9 sciemment\u00a0?<\/a><\/li>\n<li>D\u00e9penses de <a target=\"_blank\" href=\"https:\/\/www.budget.gouv.fr\/budget-etat\/nature\">fonctionnement exorbitantes de l\u2019\u00c9lys\u00e9e et des minist\u00e8res\u00a0:<\/a>\u00a080 milliards<\/li>\n<li>Organisation et tenue des \u00e9lections l\u00e9gislatives anticip\u00e9es de 2024\u00a0: 250 millions.<\/li>\n<li>et organisation, s\u00e9curit\u00e9, nourriture et alcool (et autres\u00a0?) des d\u00eeners du roi Emmanuel 1\u1d49\u02b3, ses invit\u00e9s et sa cour, aux frais de la princesse, \u00e0 Versailles et ailleurs\u00a0: 30 millions.<\/li>\n<\/ul>\n<p><strong>Cela nous fait un total de 1.150.000.000.000 euros.\u00a0<\/strong><\/p>\n<p>(2) un d\u00e9mant\u00e8lement en r\u00e8gle de notre agriculture d\u00e9sormais act\u00e9, avec la signature effective depuis hier, par Ursula von der Leyen, pour le compte de l&rsquo;Union europ\u00e9enne, de l&rsquo;accord sur le \u00ab\u00a0Mercosur\u00a0\u00bb ; cet accord de libre \u00e9change (produits alimentaires d&rsquo;un c\u00f4t\u00e9, et produits manufactur\u00e9s de l&rsquo;autre) entre l&rsquo;Am\u00e9rique du Sud et l&rsquo;Union europ\u00e9enne, catastrophique pour nos exploitants agricoles, auquel Emmanuel Macron et Michel Barnier ont faussement indiqu\u00e9 \u00eatre oppos\u00e9s et dit s&rsquo;y opposer.\u00a0 Ils sont \u00e0 l&rsquo;initiative de cet accord, et ils <a target=\"_blank\" href=\"https:\/\/youtu.be\/Jy_iX2et-8Y?si=VcKxFfjIe-K-HUbB\">n&rsquo;ont aucunement agi pour emp\u00eacher \u00e0 sa validation<\/a>.<\/p>\n<\/div>\n<p><script async src=\"\/\/platform.twitter.com\/widgets.js\" charset=\"utf-8\"><\/script><script>(function(d, s, id) {  var js, fjs = d.getElementsByTagName(s)[0];  if (d.getElementById(id)) return;  js = d.createElement(s); js.id = id;  js.src = \"\/\/connect.facebook.net\/fr_FR\/sdk.js#xfbml=1&version=v2.3\";  fjs.parentNode.insertBefore(js, fjs);}(document, \"script\", \"facebook-jssdk\"));<\/script><br \/>\n<br \/><br \/>\n<br \/><a href=\"https:\/\/www.francesoir.fr\/opinions-editos\/une-petite-precision-s-impose-oui\" target=\"_blank\"\">Source link <\/a><\/p>\n","protected":false},"excerpt":{"rendered":"<p>Contrairement \u00e0 ce que certains d&rsquo;entre vous ont pens\u00e9 \u00e0 tort en lisant mon \u00e9dito d&rsquo;hier \u00ab\u00a0et si Macron s\u2019inspirait de Trump pour transformer et lib\u00e9rer le pays\u00a0\u00bb jamais, je&hellip; <\/p>\n","protected":false},"author":1,"featured_media":0,"comment_status":"open","ping_status":"open","sticky":false,"template":"","format":"standard","meta":{"footnotes":""},"categories":[1],"tags":[],"class_list":["post-1797","post","type-post","status-publish","format-standard","hentry","category-non-classe"],"_links":{"self":[{"href":"https:\/\/monde25.info\/index.php\/wp-json\/wp\/v2\/posts\/1797","targetHints":{"allow":["GET"]}}],"collection":[{"href":"https:\/\/monde25.info\/index.php\/wp-json\/wp\/v2\/posts"}],"about":[{"href":"https:\/\/monde25.info\/index.php\/wp-json\/wp\/v2\/types\/post"}],"author":[{"embeddable":true,"href":"https:\/\/monde25.info\/index.php\/wp-json\/wp\/v2\/users\/1"}],"replies":[{"embeddable":true,"href":"https:\/\/monde25.info\/index.php\/wp-json\/wp\/v2\/comments?post=1797"}],"version-history":[{"count":0,"href":"https:\/\/monde25.info\/index.php\/wp-json\/wp\/v2\/posts\/1797\/revisions"}],"wp:attachment":[{"href":"https:\/\/monde25.info\/index.php\/wp-json\/wp\/v2\/media?parent=1797"}],"wp:term":[{"taxonomy":"category","embeddable":true,"href":"https:\/\/monde25.info\/index.php\/wp-json\/wp\/v2\/categories?post=1797"},{"taxonomy":"post_tag","embeddable":true,"href":"https:\/\/monde25.info\/index.php\/wp-json\/wp\/v2\/tags?post=1797"}],"curies":[{"name":"wp","href":"https:\/\/api.w.org\/{rel}","templated":true}]}}