{"id":17974,"date":"2025-10-20T12:01:36","date_gmt":"2025-10-20T10:01:36","guid":{"rendered":"https:\/\/monde25.info\/index.php\/2025\/10\/20\/des-macronistes-menacent-la-candidature-de-rachida-dati-a-paris-rt-en-francais\/"},"modified":"2025-10-20T12:01:36","modified_gmt":"2025-10-20T10:01:36","slug":"des-macronistes-menacent-la-candidature-de-rachida-dati-a-paris-rt-en-francais","status":"publish","type":"post","link":"https:\/\/monde25.info\/index.php\/2025\/10\/20\/des-macronistes-menacent-la-candidature-de-rachida-dati-a-paris-rt-en-francais\/","title":{"rendered":"des macronistes menacent la candidature de Rachida Dati \u00e0 Paris \u2014 RT en fran\u00e7ais"},"content":{"rendered":"<p> <br \/>\n<br \/><img decoding=\"async\" src=\"https:\/\/mf.b37mrtl.ru\/french\/images\/2025.10\/thumbnail\/68f5efc46f7ccc46696577da.png\" \/><\/p>\n<div>\n<p class=\"text__summary\">\n                                        \u00c0 l\u2019approche des municipales 2026, Cl\u00e9ment Beaune s\u2019oppose au soutien de Renaissance \u00e0 Rachida Dati, candidate LR. Dans une lettre aux militants, il appelle \u00e0 un candidat du bloc central, d\u00e9non\u00e7ant les valeurs incompatibles de Dati avec celles de la macronie.\n                                    <\/p>\n<p>Alors que les \u00e9lections municipales de 2026 \u00e0 Paris se profilent, la candidature de Rachida Dati, investie par Les R\u00e9publicains, suscite des tensions au sein du camp macroniste. Cl\u00e9ment Beaune, haut-commissaire \u00e0 la Strat\u00e9gie et au Plan, s\u2019oppose fermement \u00e0 un ralliement \u00e0 la ministre de la Culture, plaidant pour une candidature ind\u00e9pendante ou un soutien \u00e0 Pierre-Yves Bournazel (Horizons).<\/p>\n<p>\u00a0<\/p>\n<h2>Une fracture au sein de Renaissance<\/h2>\n<p>\u00a0<\/p>\n<p>Dans une lettre adress\u00e9e aux militants parisiens de Renaissance, d\u00e9voil\u00e9e par <em>Le Parisien<\/em>, Cl\u00e9ment Beaune, macroniste issu du Parti socialiste (PS) met en garde contre le risque de voir le parti pr\u00e9sidentiel devenir un \u00ab\u00a0marchepied\u00a0\u00bb pour Rachida Dati. \u00ab\u00a0Elle ne repr\u00e9sente ni nos id\u00e9es, ni nos valeurs\u00a0\u00bb, \u00e9crit-il, soulignant une divergence id\u00e9ologique avec la maire du 7e arrondissement, investie par LR fin ao\u00fbt. Cette prise de position intervient alors que certains macronistes, comme Sylvain Maillard et Benjamin Haddad, soutiennent d\u00e9j\u00e0 Dati, une situation qui renforce la fracture au sein du mouvement.<\/p>\n<p>Cl\u00e9ment Beaune, successeur de Fran\u00e7ois Bayrou au Haut-commissariat \u00e0 la Strat\u00e9gie et au Plan, se dit \u00ab\u00a0pr\u00eat \u00e0 mener ce combat\u00a0\u00bb. Il appelle \u00e0 un vote rapide des militants pour trancher sur une candidature Renaissance ou un soutien \u00e0 Pierre-Yves Bournazel, d\u00e9j\u00e0 lanc\u00e9 dans la course.<\/p>\n<p>La d\u00e9marche de l\u2019ancien ministre suscite des interrogations alors m\u00eame que <a target=\"_blank\" href=\"https:\/\/francais.rt.com\/france\/126273-republicains-bord-gouffre-six-ministres-exclus-gouvernement-lecornu\">Rachida Dati a ralli\u00e9 le camp pr\u00e9sidentiel en int\u00e9grant le gouvernement au risque d\u2019\u00eatre exclu des R\u00e9publicains<\/a>.<\/p>\n<p>Ainsi, le journaliste Thierry Guerrier s\u2019interroge\u00a0: \u00ab Pour qui roule Cl\u00e9ment Beaune\u00a0?\u00a0\u00bb.<\/p>\n<div class=\"rtcode\">\n<blockquote class=\"twitter-tweet\">\n<p lang=\"fr\" dir=\"ltr\">Par qui cette candidature de division destin\u00e9e \u00e0 faire r\u00e9\u00e9lire le trio Gr\u00e9goire\/Belliard\/Brossat est elle t\u00e9l\u00e9guid\u00e9e ? C\u2019est la question que les journalistes devraient se poser ! Pour qui roule Beaune ? Sinon pour ceux que sa candidature favorise et pour affaiblir les oppositions <a target=\"_blank\" href=\"https:\/\/t.co\/Ek2YiDwF3g\">https:\/\/t.co\/Ek2YiDwF3g<\/a><\/p>\n<p>\u2014 Thierry Guerrier (@ThierryGuerrier) <a target=\"_blank\" href=\"https:\/\/twitter.com\/ThierryGuerrier\/status\/1979485120227840497?ref_src=twsrc%5Etfw\">October 18, 2025<\/a><\/p><\/blockquote>\n<\/div>\n<p><a target=\"_blank\" href=\"https:\/\/x.com\/ThierryGuerrier\/status\/1979485120227840497\"\/>Ancien socialiste, Beaune pourrait tenter d\u2019emp\u00eacher une alternance dans la capitale au risque de se brouiller avec son propre parti.<\/p>\n<p>Rachida Dati, en d\u00e9pit d\u2019une affaire judiciaire en cours <a target=\"_blank\" href=\"https:\/\/francais.rt.com\/france\/126509-braquage-louvre-patrimoine-francais-vole-en-7-minutes\">et de l\u2019affaire des bijoux vol\u00e9s du Louvre<\/a>, est donn\u00e9e favorite dans les sondages. En juin un sondage Elabe la donnait en t\u00eate avec entre 28 \u00e0 34\u00a0% des intentions de vote, un score susceptible de diminuer en cas de candidature dissidente.<\/p>\n<p>Pierre-Yves Bournazel (Horizons), cr\u00e9dit\u00e9 de 8\u00a0%, est susceptible de lui faire perdre quelques points mais pourrait aussi fusionner ses listes au second tour.<\/p>\n<p>\u00a0<\/p>\n<h2>Des gauches toujours divis\u00e9es \u00e0 cinq mois du scrutin<\/h2>\n<p>\u00a0<\/p>\n<p>A gauche, David Belliard, d\u00e9sign\u00e9 candidat \u00e9cologiste \u00e0 l&rsquo;issue d&rsquo;une primaire, obtiendrait pour sa part entre 17% et 22%, tandis que le PS peine \u00e0 s&rsquo;imposer\u00a0: ses deux figures de proue, Emmanuel Gr\u00e9goire et R\u00e9mi F\u00e9raud, restent sous la barre des 20\u00a0%, oscillant entre 14\u00a0% et 19\u00a0% selon les configurations. La candidature de la LFI Sophia Chikirou, donn\u00e9e entre 14\u00a0% et 17\u00a0% selon les configurations au premier tour, pourrait diviser la gauche et lui faire devancer les socialistes dans certains cas.\u00a0<\/p>\n<p><a target=\"_blank\" href=\"https:\/\/francais.rt.com\/france\/122918-reforme-plm-scrutin-municipal\">La r\u00e9forme du mode de scrutin, qui semble plus favorable \u00e0 Rachida Dati<\/a>, n\u2019assure cependant pas \u00e0 la ministre une victoire aux municipales et celle-ci devra probablement composer avec l\u2019aile gauche des macronistes qui voudra avoir sa part du g\u00e2teau parisien.<\/p>\n<\/div>\n<p><script async src=\"\/\/platform.twitter.com\/widgets.js\" charset=\"utf-8\"><\/script><br \/>\n<br \/><br \/>\n<br \/><a href=\"https:\/\/francais.rt.com\/france\/126531-municipales-2026-macronistes-menacent-candidature-rachida-dati-paris\" target=\"_blank\"\">Source link <\/a><\/p>\n","protected":false},"excerpt":{"rendered":"<p>\u00c0 l\u2019approche des municipales 2026, Cl\u00e9ment Beaune s\u2019oppose au soutien de Renaissance \u00e0 Rachida Dati, candidate LR. Dans une lettre aux militants, il appelle \u00e0 un candidat du bloc central,&hellip; <\/p>\n","protected":false},"author":1,"featured_media":17975,"comment_status":"open","ping_status":"open","sticky":false,"template":"","format":"standard","meta":{"footnotes":""},"categories":[1],"tags":[],"class_list":["post-17974","post","type-post","status-publish","format-standard","has-post-thumbnail","hentry","category-non-classe"],"_links":{"self":[{"href":"https:\/\/monde25.info\/index.php\/wp-json\/wp\/v2\/posts\/17974","targetHints":{"allow":["GET"]}}],"collection":[{"href":"https:\/\/monde25.info\/index.php\/wp-json\/wp\/v2\/posts"}],"about":[{"href":"https:\/\/monde25.info\/index.php\/wp-json\/wp\/v2\/types\/post"}],"author":[{"embeddable":true,"href":"https:\/\/monde25.info\/index.php\/wp-json\/wp\/v2\/users\/1"}],"replies":[{"embeddable":true,"href":"https:\/\/monde25.info\/index.php\/wp-json\/wp\/v2\/comments?post=17974"}],"version-history":[{"count":0,"href":"https:\/\/monde25.info\/index.php\/wp-json\/wp\/v2\/posts\/17974\/revisions"}],"wp:featuredmedia":[{"embeddable":true,"href":"https:\/\/monde25.info\/index.php\/wp-json\/wp\/v2\/media\/17975"}],"wp:attachment":[{"href":"https:\/\/monde25.info\/index.php\/wp-json\/wp\/v2\/media?parent=17974"}],"wp:term":[{"taxonomy":"category","embeddable":true,"href":"https:\/\/monde25.info\/index.php\/wp-json\/wp\/v2\/categories?post=17974"},{"taxonomy":"post_tag","embeddable":true,"href":"https:\/\/monde25.info\/index.php\/wp-json\/wp\/v2\/tags?post=17974"}],"curies":[{"name":"wp","href":"https:\/\/api.w.org\/{rel}","templated":true}]}}