{"id":17979,"date":"2025-10-20T15:19:38","date_gmt":"2025-10-20T13:19:38","guid":{"rendered":"https:\/\/monde25.info\/index.php\/2025\/10\/20\/au-havre-totalenergies-va-devoir-demanteler-son-terminal-methanier\/"},"modified":"2025-10-20T15:19:38","modified_gmt":"2025-10-20T13:19:38","slug":"au-havre-totalenergies-va-devoir-demanteler-son-terminal-methanier","status":"publish","type":"post","link":"https:\/\/monde25.info\/index.php\/2025\/10\/20\/au-havre-totalenergies-va-devoir-demanteler-son-terminal-methanier\/","title":{"rendered":"Au Havre, TotalEnergies va devoir d\u00e9manteler son terminal m\u00e9thanier"},"content":{"rendered":"<p> <br \/>\n<br \/><img loading=\"lazy\" decoding=\"async\" src=\"https:\/\/reporterre.net\/local\/cache-vignettes\/L700xH467\/havre-2-780de.jpg?1760966365\" class=\"spip_logo\" width=\"700\" height=\"467\" alt=\"\" \/><\/p>\n<p>Le terminal m\u00e9thanier du port du Havre va devoir prendre le large. Jeudi 16\u00a0octobre, le tribunal administratif de Rouen a donn\u00e9 raison \u00e0 l&rsquo;association \u00c9cologie pour Le Havre, qui contestait le maintien de ce bateau exploit\u00e9 par TotalEnergies, pour r\u00e9ceptionner du gaz naturel liqu\u00e9fi\u00e9 (<span class=\"caps\">GNL<\/span>). <br class=\"autobr\" \/><br \/>\nCe gigantesque tanker, mis en service en octobre 2023, \u00e9tait cens\u00e9 s\u00e9curiser l&rsquo;approvisionnement \u00e9nerg\u00e9tique du pays \u00e0 l&rsquo;\u00e9poque de la guerre en Ukraine. Or, comme l&rsquo;a observ\u00e9 le tribunal, ce terminal\u00a0(\u2026)<\/p>\n<p>                    <a target=\"_blank\" href=\"https:\/\/reporterre.net\/Au-Havre-TotalEnergies-va-devoir-demanteler-son-terminal-methanier?utm_source=RSS&amp;utm_medium=RSS\">Lire la suite<\/a><\/p>\n<p>                    &#8211;<br \/>\n                        <a target=\"_blank\" href=\"https:\/\/reporterre.net\/Breves-20\" rel=\"directory\">En bref<\/a><\/p>\n<p>                    \/<br \/>\n                        <a target=\"_blank\" href=\"https:\/\/reporterre.net\/Energie\" rel=\"tag\">\u00c9nergie<\/a><br \/>\n<br \/><br \/>\n<br \/><a href=\"https:\/\/reporterre.net\/Au-Havre-TotalEnergies-va-devoir-demanteler-son-terminal-methanier\" target=\"_blank\"\">Source link <\/a><\/p>\n","protected":false},"excerpt":{"rendered":"<p>Le terminal m\u00e9thanier du port du Havre va devoir prendre le large. Jeudi 16\u00a0octobre, le tribunal administratif de Rouen a donn\u00e9 raison \u00e0 l&rsquo;association \u00c9cologie pour Le Havre, qui contestait&hellip; <\/p>\n","protected":false},"author":1,"featured_media":0,"comment_status":"open","ping_status":"open","sticky":false,"template":"","format":"standard","meta":{"footnotes":""},"categories":[1],"tags":[],"class_list":["post-17979","post","type-post","status-publish","format-standard","hentry","category-non-classe"],"_links":{"self":[{"href":"https:\/\/monde25.info\/index.php\/wp-json\/wp\/v2\/posts\/17979","targetHints":{"allow":["GET"]}}],"collection":[{"href":"https:\/\/monde25.info\/index.php\/wp-json\/wp\/v2\/posts"}],"about":[{"href":"https:\/\/monde25.info\/index.php\/wp-json\/wp\/v2\/types\/post"}],"author":[{"embeddable":true,"href":"https:\/\/monde25.info\/index.php\/wp-json\/wp\/v2\/users\/1"}],"replies":[{"embeddable":true,"href":"https:\/\/monde25.info\/index.php\/wp-json\/wp\/v2\/comments?post=17979"}],"version-history":[{"count":0,"href":"https:\/\/monde25.info\/index.php\/wp-json\/wp\/v2\/posts\/17979\/revisions"}],"wp:attachment":[{"href":"https:\/\/monde25.info\/index.php\/wp-json\/wp\/v2\/media?parent=17979"}],"wp:term":[{"taxonomy":"category","embeddable":true,"href":"https:\/\/monde25.info\/index.php\/wp-json\/wp\/v2\/categories?post=17979"},{"taxonomy":"post_tag","embeddable":true,"href":"https:\/\/monde25.info\/index.php\/wp-json\/wp\/v2\/tags?post=17979"}],"curies":[{"name":"wp","href":"https:\/\/api.w.org\/{rel}","templated":true}]}}