{"id":17980,"date":"2025-10-20T15:52:40","date_gmt":"2025-10-20T13:52:40","guid":{"rendered":"https:\/\/monde25.info\/index.php\/2025\/10\/20\/journee-mondiale-du-vers-de-terre\/"},"modified":"2025-10-20T15:52:40","modified_gmt":"2025-10-20T13:52:40","slug":"journee-mondiale-du-vers-de-terre","status":"publish","type":"post","link":"https:\/\/monde25.info\/index.php\/2025\/10\/20\/journee-mondiale-du-vers-de-terre\/","title":{"rendered":"journ\u00e9e mondiale du vers de terre !"},"content":{"rendered":"<p> <br \/>\n<\/p>\n<div>\n<h4><b>Le 21 octobre marque la <\/b><strong><b>Journ\u00e9e mondiale des vers de terre<\/b><\/strong><b>. L\u2019occasion de rappeler que ces discrets ing\u00e9nieurs du sol sont des <\/b><strong><b>alli\u00e9s essentiels de la vie sur Terre<\/b><\/strong><b>. Leur \u00e9tat de sant\u00e9 refl\u00e8te celui de nos sols, de la biodiversit\u00e9, et plus largement, de la durabilit\u00e9 de nos soci\u00e9t\u00e9s.<\/b><\/h4>\n<p>L\u2019ann\u00e9e 2025 aura \u00e9t\u00e9 pour le moins paradoxale pour ces animaux souterrains. <strong>Le 11 ao\u00fbt, la promulgation de la loi Duplomb a marqu\u00e9 un tournant dramatique.<\/strong> <a target=\"_blank\" href=\"https:\/\/mrmondialisation.org\/ver-de-terre-en-danger-la-lettre-dun-agronome-a-macron\/\">Selon Christophe Gatineau,<\/a> pr\u00e9sident de la Ligue de protection des vers de terre et auteur du livre <em>\u00c9loge du ver de terre <\/em><em>(2018)<\/em>, <b>Emmanuel Macron a ainsi sign\u00e9 <a target=\"_blank\" href=\"https:\/\/mrmondialisation.org\/vers-terre-espece-proteger-urgence\/\">\u00ab l\u2019arr\u00eat de mort \u00bb du ver de terre<\/a><\/b>.<\/p>\n<p><strong>Cette loi, qui supprime plusieurs dispositifs de protection environnementale,<\/strong> symbolise <a target=\"_blank\" href=\"https:\/\/mrmondialisation.org\/martinets-et-hirondelles-victimes-des-canicules-et-de-la-loi-duplomb\/\">le triomphe d\u2019une <strong>agriculture productiviste<\/strong><\/a> sur l\u2019agro\u00e9cologie, l\u2019ind\u00e9pendance scientifique et le bien-\u00eatre animal.<\/p>\n<figure id=\"attachment_1092990\" aria-describedby=\"caption-attachment-1092990\" style=\"width: 1024px\" class=\"wp-caption alignnone\"><img fetchpriority=\"high\" decoding=\"async\" class=\"size-medium wp-image-1092990\" src=\"https:\/\/mrmondialisation.org\/wp-content\/uploads\/2025\/10\/earthworm-recording-1024x314.jpg\" alt=\"Analyse de vers de terre par des scientifiques en Angleterre. Wikimedia.\" width=\"1024\" height=\"314\" srcset=\"https:\/\/mrmondialisation.org\/wp-content\/uploads\/2025\/10\/earthworm-recording-1024x314.jpg 1024w, https:\/\/mrmondialisation.org\/wp-content\/uploads\/2025\/10\/earthworm-recording-768x235.jpg 768w, https:\/\/mrmondialisation.org\/wp-content\/uploads\/2025\/10\/earthworm-recording-696x213.jpg 696w, https:\/\/mrmondialisation.org\/wp-content\/uploads\/2025\/10\/earthworm-recording-1068x327.jpg 1068w, https:\/\/mrmondialisation.org\/wp-content\/uploads\/2025\/10\/earthworm-recording-1371x420.jpg 1371w, https:\/\/mrmondialisation.org\/wp-content\/uploads\/2025\/10\/earthworm-recording.jpg 1426w\" sizes=\"(max-width: 1024px) 100vw, 1024px\"\/><figcaption id=\"caption-attachment-1092990\" class=\"wp-caption-text\">Analyse de vers de terre par des scientifiques en Angleterre. Wikimedia.<\/figcaption><\/figure>\n<h2 class=\"western\"><strong>De l\u2019arr\u00eat de mort \u00e0 la victoire judiciaire<\/strong><\/h2>\n<p>Un vent d\u2019espoir a toutefois souffl\u00e9 quelques semaines plus tard. <strong>L<\/strong><b>e 3 septembre, la <\/b><strong><b>Cour administrative d\u2019appel de Paris<\/b><\/strong><b> a condamn\u00e9 l\u2019\u00c9tat fran\u00e7ais pour avoir omis d\u2019\u00e9valuer la toxicit\u00e9 des pesticides sur les vers de terre<\/b> et autres esp\u00e8ces dites \u00ab non cibles \u00bb.<\/p>\n<p>Une victoire historique, obtenue par cinq ONG, qui <strong>oblige d\u00e9sormais les autorit\u00e9s \u00e0 revoir leurs proc\u00e9dures d\u2019autorisation<\/strong> \u00e0 la lumi\u00e8re des connaissances scientifiques actuelles. Une premi\u00e8re en France \u2013 et un signal fort pour toutes les esp\u00e8ces du sol.<\/p>\n<p><iframe loading=\"lazy\" title=\"Interview de Christophe Gatineau sur le r\u00f4le du ver de terre\" width=\"1110\" height=\"624\" src=\"https:\/\/www.youtube.com\/embed\/qSBPHQ_dKsQ?feature=oembed\" frameborder=\"0\" allow=\"accelerometer; autoplay; clipboard-write; encrypted-media; gyroscope; picture-in-picture; web-share\" referrerpolicy=\"strict-origin-when-cross-origin\" allowfullscreen><\/iframe><\/p>\n<h2 class=\"western\"><strong>Des a<\/strong><strong>rchitectes invisible<\/strong><strong>s, porteurs d\u2019une <\/strong><strong>\u00e9conomie souterraine<\/strong><\/h2>\n<p><b>Premi\u00e8re biomasse animale du sol, les vers de terre sont de v\u00e9ritables <\/b><strong><b>architectes du vivant<\/b><\/strong>. En brassant la terre, ils assurent la circulation de l\u2019air et de l\u2019eau, recyclent la mati\u00e8re organique et favorisent la croissance des plantes. Leur disparition compromettrait enti\u00e8rement le fonctionnement des \u00e9cosyst\u00e8mes. <strong>Leur abondance, ou au contraire leur rar\u00e9faction, constitue un indicateur direct de la sant\u00e9 des sols<\/strong>.<\/p>\n<p>L\u2019ampleur de leur r\u00f4le \u00e9conomique est tout aussi consid\u00e9rable. <a target=\"_blank\" href=\"https:\/\/www.nature.com\/articles\/s41467-023-41286-7\">Une \u00e9tude publi\u00e9e dans <\/a><a target=\"_blank\" href=\"https:\/\/www.nature.com\/articles\/s41467-023-41286-7\"><em>Nature<\/em> en 2023 estime que <b>les vers de terre participent \u00e0 <\/b><strong><b>6,45 % de la production mondiale de c\u00e9r\u00e9ales<\/b><\/strong><\/a>, soit pr\u00e8s de <strong>128 millions de tonnes de grains par an<\/strong>. Leur travail de labour naturel repr\u00e9sente une valeur marchande estim\u00e9e \u00e0 <strong>28 milliards d\u2019euros<\/strong>.<\/p>\n<p>Mais <b>r\u00e9duire ces \u00eatres vivants \u00e0 leur rentabilit\u00e9 serait une erreur profond<\/b><strong>e<\/strong>. C\u2019est pr\u00e9cis\u00e9ment cette logique comptable et extractiviste qui a conduit l\u2019agriculture moderne dans l\u2019impasse : <strong>celle d\u2019<\/strong><b>un mod\u00e8le productiviste qui \u00e9puise les sols, d\u00e9truit la biodiversit\u00e9 et transforme la terre en simple support chimique<\/b>.<\/p>\n<p><a target=\"_blank\" href=\"https:\/\/mrmondialisation.org\/lagro-industrie-met-en-peril-notre-souverainete-alimentaire\/\">L\u2019agro-industrie, en pr\u00e9tendant \u00ab nourrir le monde \u00bb, affame en r\u00e9alit\u00e9 les sols,<\/a> les rend d\u00e9pendants aux intrants et met en p\u00e9ril la fertilit\u00e9 naturelle dont d\u00e9pend toute vie. <b>M\u00eame du point de vue de ce syst\u00e8me \u00e9conomique mortif\u00e8re, la disparition des vers de terre serait catastrophique<\/b> : sans eux, l\u2019agriculture industrielle elle-m\u00eame s\u2019effondrerait \u00e0 moyen terme.<\/p>\n<h2 class=\"western\"><strong>La recherche et la r\u00e9habilitation du <\/strong><strong>V<\/strong><strong>ivant<\/strong><\/h2>\n<p>Si la France compte une soixantaine de chercheurs travaillant sur les vers de terre, la recherche mondiale, elle, est en pleine effervescence.<b> En 2025, plus d\u2019un millier de scientifiques publient sur le sujet, dont une majorit\u00e9 en Chine et en Inde. <\/b>Ce d\u00e9calage illustre combien <b>la <\/b><strong><b>science du sol<\/b><\/strong><b>, longtemps n\u00e9glig\u00e9e, redevient cruciale dans la lutte contre le r\u00e9chauffement climatique<\/b>.<\/p>\n<div class=\"td-a-rec td-a-rec-id-content_inline  tdi_1 td_block_template_1\">\n<span class=\"td-adspot-title\">&#8211; Pour une information libre ! &#8211;<\/span><a target=\"_blank\" href=\"https:\/\/fr.tipeee.com\/mr-mondialisation\" class=\"tipeee-project-small\">Soutenir Mr Japanization sur Tipeee<\/a>\n<\/div>\n<p>\u00c0 l\u2019occasion de la Journ\u00e9e mondiale, la <strong>Ligue de protection des vers de terre<\/strong> multiplie les actions p\u00e9dagogiques. Christophe Gatineau animera notamment une conf\u00e9rence interactive pour enfants d\u00e8s 7 ans \u00e0 la Biblioth\u00e8que francophone de Limoges. Son objectif : faire passer le public \u00ab du beurk au waouh \u00bb, en montrant comment <b>ces \u00eatres modestes sont des <\/b><strong><b>super-h\u00e9ros du vivant<\/b><\/strong><b> \u2013 cr\u00e9ateurs de vie, m\u00e9decins du sol et alli\u00e9s de notre alimentation<\/b>. Un message simple mais fondamental : <strong>nommer, c\u2019est faire exister<\/strong>. Or, en France, les vers de terre ne sont toujours <strong>pas reconnus par la loi<\/strong>.<\/p>\n<p><iframe loading=\"lazy\" title=\"Les vers : Des animaux pour notre bien ! - C&#039;est pas sorcier [Int\u00e9grale]\" width=\"1110\" height=\"833\" src=\"https:\/\/www.youtube.com\/embed\/5rNp4xPTBRg?feature=oembed\" frameborder=\"0\" allow=\"accelerometer; autoplay; clipboard-write; encrypted-media; gyroscope; picture-in-picture; web-share\" referrerpolicy=\"strict-origin-when-cross-origin\" allowfullscreen><\/iframe><\/p>\n<h2 class=\"western\"><strong>Invisibles, menac\u00e9s, mais indispensables<\/strong><\/h2>\n<p>La France continue de traiter les vers de terre comme s\u2019ils n\u2019existaient pas juridiquement : ils ne figurent dans <strong>aucune classification officielle<\/strong> et ne b\u00e9n\u00e9ficient <strong>d\u2019aucune protection l\u00e9gale<\/strong>. Pour Christophe Gatineau, <b>cette invisibilisation traduit un d\u00e9ni plus large : celui du <\/b><b>v<\/b><b>ivant.<\/b> La Ligue de protection des vers de terre, fond\u00e9e en 2024, milite aujourd\u2019hui pour leur <strong>reconnaissance l\u00e9gale<\/strong> et leur <strong>r\u00e9habilitation dans le mod\u00e8le agricole<\/strong>.<\/p>\n<p><strong>Ces ing\u00e9nieurs du sol sont en effet irrempla\u00e7ables. <\/strong>En creusant leurs galeries, ils a\u00e8rent la terre, am\u00e9liorent la p\u00e9n\u00e9tration de l\u2019eau et des racines, et <a target=\"_blank\" href=\"https:\/\/www.nature.com\/articles\/s41598-023-45288-9\"><b>peuvent transformer jusqu\u2019\u00e0 <\/b><strong><b>250 tonnes de sol par hectare chaque ann\u00e9e<\/b><\/strong><\/a>. Leurs d\u00e9jections, appel\u00e9es <em>turricules<\/em>, sont riches en nutriments et en micro-organismes b\u00e9n\u00e9fiques.<\/p>\n<figure id=\"attachment_1088023\" aria-describedby=\"caption-attachment-1088023\" style=\"width: 1024px\" class=\"wp-caption alignnone\"><img loading=\"lazy\" decoding=\"async\" class=\"wp-image-1088023\" src=\"https:\/\/mrmondialisation.org\/wp-content\/uploads\/2025\/10\/1.jpg\" alt=\"Earthworm on the ground-cropped @Wikimedia Commons\" width=\"1024\" height=\"767\" srcset=\"https:\/\/mrmondialisation.org\/wp-content\/uploads\/2025\/10\/1.jpg 658w, https:\/\/mrmondialisation.org\/wp-content\/uploads\/2025\/10\/1-561x420.jpg 561w, https:\/\/mrmondialisation.org\/wp-content\/uploads\/2025\/10\/1-80x60.jpg 80w, https:\/\/mrmondialisation.org\/wp-content\/uploads\/2025\/10\/1-265x198.jpg 265w\" sizes=\"auto, (max-width: 1024px) 100vw, 1024px\"\/><figcaption id=\"caption-attachment-1088023\" class=\"wp-caption-text\">Vers de terre. Wikimedia.<\/figcaption><\/figure>\n<p>On recense <a target=\"_blank\" href=\"https:\/\/cetab.bio\/publication\/vers-de-terre\/\">environ <\/a><a target=\"_blank\" href=\"https:\/\/cetab.bio\/publication\/vers-de-terre\/\"><strong>7 000 esp\u00e8ces<\/strong> dans le monde<\/a>, mais <b>leurs populations d\u00e9clinent \u00e0 une vitesse alarmante : <a target=\"_blank\" href=\"https:\/\/journals.plos.org\/plosone\/article?id=10.1371\/journal.pone.0282069\">entre <\/a><\/b><a target=\"_blank\" href=\"https:\/\/journals.plos.org\/plosone\/article?id=10.1371\/journal.pone.0282069\"><strong><b>33 % et 41 %<\/b><\/strong><b> de baisse en vingt-cinq ans au Royaume-Uni<\/b>, par exemple<\/a>. Leur disparition \u2013 <a target=\"_blank\" href=\"https:\/\/mrmondialisation.org\/vers-terre-espece-proteger-urgence\/\">caus\u00e9e par la destruction de leurs habitats, la famine et les pesticides<\/a> \u2013 entra\u00eene une perte de fertilit\u00e9 naturelle, une hausse de l\u2019\u00e9rosion et un effondrement de la biodiversit\u00e9 du sol.<\/p>\n<p>Sous nos pieds, des milliards de vers de terre \u0153uvrent silencieusement \u00e0 maintenir la vie. Les ignorer, c\u2019est nier l\u2019\u00e9vidence : <strong><b>la sant\u00e9 de la plan\u00e8te commence sous la surface<\/b><\/strong>. En prendre soin, c\u2019est prot\u00e9ger bien plus que nos sols \u2013 c\u2019est pr\u00e9server la possibilit\u00e9 m\u00eame d\u2019un avenir fertile.<\/p>\n<p align=\"right\">\u2013 <i><b>Elena Meilune<\/b><\/i><\/p>\n<hr\/>\n<p style=\"text-align: left;\" align=\"right\">Photo de couverture de <a target=\"_blank\" href=\"https:\/\/unsplash.com\/fr\/@sippakorn?utm_source=unsplash&amp;utm_medium=referral&amp;utm_content=creditCopyText\">sippakorn yamkasikorn<\/a> sur <a target=\"_blank\" href=\"https:\/\/unsplash.com\/fr\/photos\/feuilles-sechees-brunes-sur-la-main-des-personnes-6v9w4ZR2TJE?utm_source=unsplash&amp;utm_medium=referral&amp;utm_content=creditCopyText\">Unsplash<\/a><\/p>\n<div class=\"td-a-rec td-a-rec-id-content_bottom  tdi_2 td_block_template_1\">\n<span class=\"td-adspot-title\">&#8211; Cet article gratuit et ind\u00e9pendant existe gr\u00e2ce \u00e0 vous &#8211;<\/span><\/p>\n<div class=\"td-all-devices\">\n    <a target=\"_blank\" href=\"https:\/\/mrmondialisation.org\/donation\/\" title=\"Faire_un_don\"><img decoding=\"async\" class=\"donationArticle\" src=\"https:\/\/mrmondialisation.org\/wp-content\/uploads\/2022\/12\/220405-flikalicious-final.jpg\" alt=\"Donation\"\/><\/a>\n<\/div>\n<\/div><\/div>\n<p><br \/>\n<br \/><a href=\"https:\/\/mrmondialisation.org\/21-octobre-journee-mondiale-vers-de-terre\/\" target=\"_blank\"\">Source link <\/a><\/p>\n","protected":false},"excerpt":{"rendered":"<p>Le 21 octobre marque la Journ\u00e9e mondiale des vers de terre. L\u2019occasion de rappeler que ces discrets ing\u00e9nieurs du sol sont des alli\u00e9s essentiels de la vie sur Terre. Leur&hellip; <\/p>\n","protected":false},"author":1,"featured_media":17981,"comment_status":"open","ping_status":"open","sticky":false,"template":"","format":"standard","meta":{"footnotes":""},"categories":[1],"tags":[],"class_list":["post-17980","post","type-post","status-publish","format-standard","has-post-thumbnail","hentry","category-non-classe"],"_links":{"self":[{"href":"https:\/\/monde25.info\/index.php\/wp-json\/wp\/v2\/posts\/17980","targetHints":{"allow":["GET"]}}],"collection":[{"href":"https:\/\/monde25.info\/index.php\/wp-json\/wp\/v2\/posts"}],"about":[{"href":"https:\/\/monde25.info\/index.php\/wp-json\/wp\/v2\/types\/post"}],"author":[{"embeddable":true,"href":"https:\/\/monde25.info\/index.php\/wp-json\/wp\/v2\/users\/1"}],"replies":[{"embeddable":true,"href":"https:\/\/monde25.info\/index.php\/wp-json\/wp\/v2\/comments?post=17980"}],"version-history":[{"count":0,"href":"https:\/\/monde25.info\/index.php\/wp-json\/wp\/v2\/posts\/17980\/revisions"}],"wp:featuredmedia":[{"embeddable":true,"href":"https:\/\/monde25.info\/index.php\/wp-json\/wp\/v2\/media\/17981"}],"wp:attachment":[{"href":"https:\/\/monde25.info\/index.php\/wp-json\/wp\/v2\/media?parent=17980"}],"wp:term":[{"taxonomy":"category","embeddable":true,"href":"https:\/\/monde25.info\/index.php\/wp-json\/wp\/v2\/categories?post=17980"},{"taxonomy":"post_tag","embeddable":true,"href":"https:\/\/monde25.info\/index.php\/wp-json\/wp\/v2\/tags?post=17980"}],"curies":[{"name":"wp","href":"https:\/\/api.w.org\/{rel}","templated":true}]}}