{"id":17984,"date":"2025-10-20T16:58:50","date_gmt":"2025-10-20T14:58:50","guid":{"rendered":"https:\/\/monde25.info\/index.php\/2025\/10\/20\/forets-francaises-quand-la-logique-du-profit-epuise-le-temps-long-des-arbres\/"},"modified":"2025-10-20T16:58:50","modified_gmt":"2025-10-20T14:58:50","slug":"forets-francaises-quand-la-logique-du-profit-epuise-le-temps-long-des-arbres","status":"publish","type":"post","link":"https:\/\/monde25.info\/index.php\/2025\/10\/20\/forets-francaises-quand-la-logique-du-profit-epuise-le-temps-long-des-arbres\/","title":{"rendered":"For\u00eats fran\u00e7aises : quand la logique du profit \u00e9puise le temps long des arbres"},"content":{"rendered":"<p> <br \/>\n<\/p>\n<div>\n<p><span class=\"cf0\">Les for\u00eats fran\u00e7aises s\u2019\u00e9tendent, mais elles s\u2019affaiblissent. En dix ans, la mortalit\u00e9 des arbres a augment\u00e9 de 125 %, selon un rapport r\u00e9cent de l\u2019Institut national de l\u2019information g\u00e9ographique et foresti\u00e8re (IGN). Si l\u2019on \u00e9voque souvent les al\u00e9as climatiques pour expliquer cette d\u00e9gradation, un autre facteur, plus silencieux mais tout aussi d\u00e9vastateur, r\u00e9side dans notre mani\u00e8re de g\u00e9rer la for\u00eat.<\/span><\/p>\n<p><span class=\"cf0\">Une gestion tourn\u00e9e vers le rendement rapide, qui sacrifie le temps long n\u00e9cessaire \u00e0 la vie des arbres.<\/span><\/p>\n<p><span class=\"cf0\"><strong>Le bois avant la for\u00eat<\/strong><\/span><\/p>\n<p><span class=\"cf0\">Dans une interview sur <\/span><a target=\"_blank\" href=\"https:\/\/reporterre.net\/Nos-forets-malades-de-l-avidite-a-recolter-du-bois-pour-se-faire-du-fric\"><span class=\"cf0\">Reporterre<\/span><\/a><span class=\"cf0\">, Marie-Stella Duchiron, experte foresti\u00e8re et auteure de Sylviculture d\u2019\u00e9cosyst\u00e8me, tire la sonnette d\u2019alarme : \u00ab Nous avons des for\u00eats beaucoup trop jeunes, avec des arbres qui croissent vite, mais qui n\u2019atteignent jamais leur maturit\u00e9, car ils sont coup\u00e9s avant, pour r\u00e9pondre aux objectifs \u00e9conomiques de la fili\u00e8re bois. \u00bb<\/span><\/p>\n<p><span class=\"cf0\">Autrement dit, la for\u00eat devient un champ de production. Une ressource calibr\u00e9e, g\u00e9r\u00e9e au rythme du march\u00e9 plut\u00f4t qu\u2019\u00e0 celui de la nature. Les coupes r\u00e9p\u00e9t\u00e9es, de plus en plus rapproch\u00e9es, emp\u00eachent les arbres d\u2019acqu\u00e9rir la solidit\u00e9 et la complexit\u00e9 qui leur permettraient de r\u00e9sister aux agressions <\/span><span class=\"cf2\">\u2014 qu\u2019elles soient biologiques, hydriques ou m<\/span><span class=\"cf0\">\u00e9caniques.<\/span><\/p>\n<p><span class=\"cf0\"><strong>Le court-termisme d\u2019une sylviculture industrielle<\/strong><\/span><\/p>\n<p><span class=\"cf0\">Cette course \u00e0 la rentabilit\u00e9 se traduit par des pratiques de coupe intensive, souvent rase, qui bouleversent tout l\u2019\u00e9cosyst\u00e8me forestier.<\/span><\/p>\n<p><span class=\"cf0\">Quand on ouvre brutalement la canop\u00e9e, le sol se dess\u00e8che, le microclimat dispara\u00eet et les racines nourrici\u00e8res meurent. La for\u00eat perd sa capacit\u00e9 \u00e0 retenir l\u2019eau et \u00e0 se r\u00e9g\u00e9n\u00e9rer.<\/span><\/p>\n<p><span class=\"cf0\">Ces m\u00e9thodes transforment les for\u00eats en exploitations artificielles : \u00ab On se retrouve avec des champs d\u2019arbres, tous de la m\u00eame esp\u00e8ce, tous \u00e0 la m\u00eame hauteur \u00bb, constate Duchiron.<\/span><\/p>\n<p><span class=\"cf0\">Un alignement parfait pour les engins et les bilans comptables, mais d\u00e9sastreux pour la biodiversit\u00e9 et la sant\u00e9 du milieu.<\/span><\/p>\n<p><span class=\"cf0\"><strong>La monoculture, maladie du bois<\/strong><\/span><\/p>\n<p><span class=\"cf0\">Le mod\u00e8le dominant de monoculture foresti\u00e8re <\/span><span class=\"cf2\">\u2014 h<\/span><span class=\"cf0\">\u00eatres, pins ou \u00e9pic\u00e9as plant\u00e9s \u00e0 perte de vue <\/span><span class=\"cf2\">\u2014 rend les arbres particuli<\/span><span class=\"cf0\">\u00e8rement vuln\u00e9rables aux maladies et aux insectes parasites. Les scolytes, par exemple, prolif\u00e8rent sans frein dans ces peuplements uniformes.<\/span><\/p>\n<p><span class=\"cf0\">La m\u00e9taphore est parlante : \u00ab Comme pour les humains, si l\u2019on est nombreux au m\u00eame endroit, on attrape plus facilement des maladies et on se les transmet. \u00bb<\/span><\/p>\n<p><span class=\"cf0\">\u00c0 l\u2019inverse, la diversit\u00e9 des essences, des tailles et des \u00e2ges d\u2019arbres cr\u00e9e une for\u00eat r\u00e9siliente. Elle amortit les chocs, r\u00e9partit les ressources, et offre abri et nourriture \u00e0 une faune vari\u00e9e. La complexit\u00e9 devient la meilleure assurance contre l\u2019effondrement.<\/span><\/p>\n<p><span class=\"cf0\"><strong>Redonner du temps \u00e0 la for\u00eat et r\u00e9apprendre \u00e0 cultiver avec lenteur<\/strong><\/span><\/p>\n<p><span class=\"cf0\">Face \u00e0 cette situation, Duchiron pr\u00f4ne une sylviculture d\u2019\u00e9cosyst\u00e8me <\/span><span class=\"cf2\">\u2014 une approche qui redonne <\/span><span class=\"cf0\">\u00e0 la for\u00eat son rythme naturel.<\/span><\/p>\n<p><span class=\"cf0\">Il ne s\u2019agit pas de renoncer \u00e0 toute exploitation, mais d\u2019en repenser la temporalit\u00e9 et l\u2019intensit\u00e9 : espacer les coupes, laisser vieillir les peuplements, pr\u00e9server les grands arbres qui forment la charpente vivante du milieu.<\/span><\/p>\n<p><span class=\"cf0\">\u00ab Pour qu\u2019une for\u00eat acc\u00e8de \u00e0 un vrai \u00e9quilibre \u00e9cologique, il faut au moins 45 \u00e0 50 ans sans intervention humaine, parfois un si\u00e8cle \u00bb, explique-t-elle.<\/span><\/p>\n<p><span class=\"cf0\">Cette vision heurte la logique \u00e9conomique dominante, mais elle seule permet une production durable et de qualit\u00e9. Car une for\u00eat en bonne sant\u00e9 produit mieux, plus longtemps, et avec moins de risques de perte.<\/span><\/p>\n<p><span class=\"cf0\">La for\u00eat n\u2019est pas une usine. Elle se construit sur des d\u00e9cennies, parfois des si\u00e8cles. La sylviculture du futur devra donc concilier \u00e9conomie et \u00e9cologie, en privil\u00e9giant le temps long, la diversit\u00e9 des essences, et la sobri\u00e9t\u00e9 des pr\u00e9l\u00e8vements. Les arbres meurent de notre impatience : il est temps de r\u00e9apprendre \u00e0 attendre.<\/span><\/p>\n<\/div>\n<p><script>(function(d, s, id) {  var js, fjs = d.getElementsByTagName(s)[0];  if (d.getElementById(id)) return;  js = d.createElement(s); js.id = id;  js.src = \"\/\/connect.facebook.net\/fr_FR\/sdk.js#xfbml=1&version=v2.3\";  fjs.parentNode.insertBefore(js, fjs);}(document, \"script\", \"facebook-jssdk\"));<\/script><br \/>\n<br \/><br \/>\n<br \/><a href=\"https:\/\/www.francesoir.fr\/societe-environnement\/forets-francaises-quand-la-logique-du-profit-epuise-le-temps-long-des-arbres\" target=\"_blank\"\">Source link <\/a><\/p>\n","protected":false},"excerpt":{"rendered":"<p>Les for\u00eats fran\u00e7aises s\u2019\u00e9tendent, mais elles s\u2019affaiblissent. En dix ans, la mortalit\u00e9 des arbres a augment\u00e9 de 125 %, selon un rapport r\u00e9cent de l\u2019Institut national de l\u2019information g\u00e9ographique et&hellip; <\/p>\n","protected":false},"author":1,"featured_media":17985,"comment_status":"open","ping_status":"open","sticky":false,"template":"","format":"standard","meta":{"footnotes":""},"categories":[1],"tags":[],"class_list":["post-17984","post","type-post","status-publish","format-standard","has-post-thumbnail","hentry","category-non-classe"],"_links":{"self":[{"href":"https:\/\/monde25.info\/index.php\/wp-json\/wp\/v2\/posts\/17984","targetHints":{"allow":["GET"]}}],"collection":[{"href":"https:\/\/monde25.info\/index.php\/wp-json\/wp\/v2\/posts"}],"about":[{"href":"https:\/\/monde25.info\/index.php\/wp-json\/wp\/v2\/types\/post"}],"author":[{"embeddable":true,"href":"https:\/\/monde25.info\/index.php\/wp-json\/wp\/v2\/users\/1"}],"replies":[{"embeddable":true,"href":"https:\/\/monde25.info\/index.php\/wp-json\/wp\/v2\/comments?post=17984"}],"version-history":[{"count":0,"href":"https:\/\/monde25.info\/index.php\/wp-json\/wp\/v2\/posts\/17984\/revisions"}],"wp:featuredmedia":[{"embeddable":true,"href":"https:\/\/monde25.info\/index.php\/wp-json\/wp\/v2\/media\/17985"}],"wp:attachment":[{"href":"https:\/\/monde25.info\/index.php\/wp-json\/wp\/v2\/media?parent=17984"}],"wp:term":[{"taxonomy":"category","embeddable":true,"href":"https:\/\/monde25.info\/index.php\/wp-json\/wp\/v2\/categories?post=17984"},{"taxonomy":"post_tag","embeddable":true,"href":"https:\/\/monde25.info\/index.php\/wp-json\/wp\/v2\/tags?post=17984"}],"curies":[{"name":"wp","href":"https:\/\/api.w.org\/{rel}","templated":true}]}}