{"id":17990,"date":"2025-10-20T20:49:10","date_gmt":"2025-10-20T18:49:10","guid":{"rendered":"https:\/\/monde25.info\/index.php\/2025\/10\/20\/de-gaulle-partout-gaullisme-nulle-part-par-aurelien-bernier-le-monde-diplomatique-octobre-2025\/"},"modified":"2025-10-20T20:49:10","modified_gmt":"2025-10-20T18:49:10","slug":"de-gaulle-partout-gaullisme-nulle-part-par-aurelien-bernier-le-monde-diplomatique-octobre-2025","status":"publish","type":"post","link":"https:\/\/monde25.info\/index.php\/2025\/10\/20\/de-gaulle-partout-gaullisme-nulle-part-par-aurelien-bernier-le-monde-diplomatique-octobre-2025\/","title":{"rendered":"De Gaulle partout, gaullisme nulle part, par Aur\u00e9lien Bernier (Le Monde diplomatique, octobre 2025)"},"content":{"rendered":"<p> <br \/>\n<\/p>\n<div>\n<p class=\"crayon article-surtitre-68815 surtitre\">Une r\u00e9f\u00e9rence qui transcende les clivages<\/p>\n<div class=\"crayon article-chapo-68815 chapo\">\n<p>Cinquante-cinq ans apr\u00e8s sa disparition, le g\u00e9n\u00e9ral de Gaulle jouit sur la sc\u00e8ne politique fran\u00e7aise d\u2019une faveur peu commune. De M.\u00a0Jean-Luc M\u00e9lenchon \u00e0 Mme\u00a0Marine Le Pen en passant par M.\u00a0S\u00e9bastien Lecornu, tout le monde \u2014\u00a0ou presque\u00a0\u2014 se r\u00e9clame de lui, salue ses m\u00e9rites, revendique une partie au moins de son h\u00e9ritage. De Gaulle est omnipr\u00e9sent. Mais le gaullisme, lui, demeure introuvable.<\/p>\n<\/div><\/div>\n<div couleurfade=\"eae9e5\" couleurclaire=\"e8e7e2\" couleurpale=\"dfdab8\" couleurmi=\"716e5a\" couleurfoncee=\"716727\" couleursombre=\"1c1b16\" couleurfond=\"56554c\" couleurtexte=\"ffffff\">\n<div class=\"enapercu\">\n<figure class=\"spip_document_35025 spip_documents spip_documents_center xl\" style=\"width:890px;\">\n<div class=\"limage\">\n<p>            <img loading=\"lazy\" decoding=\"async\" src=\"https:\/\/www.monde-diplomatique.fr\/\/local\/cache-vignettes\/L890xH389\/18_2539.hr-d9a47.jpg?1759245675\" width=\"890\" alt=\"\" height=\"389\"\/><\/p><\/div>\n<\/figure>\n<p><span class=\"mot-lettrine\"><span class=\"lettrine\">L<\/span>e<\/span> 8\u00a0septembre dernier, l\u2019Assembl\u00e9e nationale refuse sa confiance \u00e0 M.\u00a0Fran\u00e7ois Bayrou. Pour le remplacer \u00e0 Matignon, M.\u00a0Emmanuel Macron choisit presque aussit\u00f4t M.\u00a0S\u00e9bastien Lecornu, \u00ab<small class=\"fine\">\u00a0<\/small>gaulliste social<small class=\"fine\">\u00a0<\/small>\u00bb revendiqu\u00e9. Indiff\u00e9rente \u00e0 ce changement de locataire, Mme\u00a0Marine Le Pen cible directement le pr\u00e9sident de la R\u00e9publique\u00a0: <i>\u00ab<small class=\"fine\">\u00a0<\/small>De Gaulle est all\u00e9 jusqu\u2019\u00e0 sa propre d\u00e9mission en 1969. Emmanuel Macron n\u2019aura pas cette force d\u2019\u00e2me<small class=\"fine\">\u00a0<\/small>\u00bb<\/i> (<i>Le Journal du dimanche,<\/i> 21\u00a0septembre). Et la dirigeante du Rassemblement national (RN) d\u2019enfoncer le clou\u00a0: <i>\u00ab<small class=\"fine\">\u00a0<\/small>Emmanuel Macron ram\u00e8ne la France aux travers de la ive R\u00e9publique. L\u2019extr\u00eame gauche r\u00e9clame une vie, mais les seuls \u00e0 d\u00e9fendre la ve, ce sont les d\u00e9put\u00e9s du RN, attach\u00e9s \u00e0 l\u2019esprit des institutions du g\u00e9n\u00e9ral de Gaulle.<small class=\"fine\">\u00a0<\/small>\u00bb<\/i><\/p>\n<p>Renvoyer \u00e0 l\u2019exemple de \u00ab<small class=\"fine\">\u00a0<\/small>l\u2019homme du 18\u00a0juin<small class=\"fine\">\u00a0<\/small>\u00bb, citer ses bons mots ou d\u00e9plorer la dispersion de son h\u00e9ritage\u00a0: autant de registres bien connus de la vie publique fran\u00e7aise. En\u00a01974 d\u00e9j\u00e0, observe la politiste Annie Collovald, apr\u00e8s l\u2019\u00e9limination du candidat de ce courant au premier tour de la pr\u00e9sidentielle \u2014 Jacques Chaban-Delmas\u00a0\u2014, puis la trahison d\u2019un de ses principaux lieutenants \u2014 Jacques Chirac, qui accepte de diriger le gouvernement de Val\u00e9ry Giscard d\u2019Estaing\u00a0\u2014, <i>\u00ab<small class=\"fine\">\u00a0<\/small>\u201cla mort du gaullisme\u201d fournit le sujet de dissertation de maints commentaires journalistiques comme politiques<\/i><i><small class=\"fine\">\u00a0<\/small>\u00bb.<\/i><\/p>\n<p>On a encore pu lire ou entendre pareils commentaires quand la candidate LR, Mme\u00a0Val\u00e9rie P\u00e9cresse, a obtenu 4,8<small class=\"fine\">\u00a0<\/small>% au premier tour de la pr\u00e9sidentielle de 2022, ou en 2024 apr\u00e8s que l\u2019ancien pr\u00e9sident LR \u00c9ric Ciotti a fait \u00e9lire dix-sept d\u00e9put\u00e9s sous l\u2019\u00e9tiquette Union des droites pour la R\u00e9publique (UDR) en s\u2019alliant avec le RN. Bref, le courant qui se proclame h\u00e9ritier du gaullisme se porte tr\u00e8s mal. Mais celui-ci \u00e9tait aussi une attitude et, surtout, une doctrine<small class=\"fine\">\u00a0<\/small>; de cela, que reste-t-il<small class=\"fine\">\u00a0<\/small>?<\/p>\n<p>Que reste-t-il de l\u2019esprit de la Constitution adopt\u00e9e en 1958 \u00e0 l\u2019initiative de Charles de Gaulle quand l\u2019actuel pr\u00e9sident de la R\u00e9publique l\u2019offense\u00a0(&#8230;)<\/p>\n<\/p><\/div>\n<p>Taille de l\u2019article complet\u00a0:\u00a0<span>2\u00a0517<\/span>\u00a0mots.<\/p>\n<div class=\"promo_dispo_article\">\n<h2 class=\"avantbloc\">\n\tCet article est r\u00e9serv\u00e9 aux\u00a0abonn\u00e9s<\/p>\n<\/h2>\n<div class=\"abo_inst\">\n\t<strong>Lyc\u00e9es, biblioth\u00e8ques, administrations, entreprises,<\/strong><br \/>\n\tacc\u00e9dez \u00e0 la base de donn\u00e9es en ligne de tous les articles du <i>Monde diplomatique<\/i> de 1954 \u00e0 nos\u00a0jours.<br \/>\n\t<a target=\"_blank\" id=\"pw-institutions\" class=\"suivi\" href=\"https:\/\/www.monde-diplomatique.fr\/archives\/institutions\">Retrouvez cette\u00a0offre sp\u00e9cifique<\/a>.\n<\/div>\n<\/div><\/div>\n<div>\n<p class=\"nom\">Aur\u00e9lien Bernier<\/p>\n<p>\n\t\t\t\t\tJournaliste. Auteur de <i>Que faire de l\u2019Union europ\u00e9enne<small class=\"fine\">\u00a0<\/small>?,<\/i> \u00c9ditions de l\u2019Atelier, Ivry-sur-Seine, 2025.<\/p>\n<\/p><\/div>\n<p><br \/>\n<br \/><a href=\"https:\/\/www.monde-diplomatique.fr\/2025\/10\/BERNIER\/68815\" target=\"_blank\"\">Source link <\/a><\/p>\n","protected":false},"excerpt":{"rendered":"<p>Une r\u00e9f\u00e9rence qui transcende les clivages Cinquante-cinq ans apr\u00e8s sa disparition, le g\u00e9n\u00e9ral de Gaulle jouit sur la sc\u00e8ne politique fran\u00e7aise d\u2019une faveur peu commune. De M.\u00a0Jean-Luc M\u00e9lenchon \u00e0 Mme\u00a0Marine&hellip; <\/p>\n","protected":false},"author":1,"featured_media":17991,"comment_status":"open","ping_status":"open","sticky":false,"template":"","format":"standard","meta":{"footnotes":""},"categories":[1],"tags":[],"class_list":["post-17990","post","type-post","status-publish","format-standard","has-post-thumbnail","hentry","category-non-classe"],"_links":{"self":[{"href":"https:\/\/monde25.info\/index.php\/wp-json\/wp\/v2\/posts\/17990","targetHints":{"allow":["GET"]}}],"collection":[{"href":"https:\/\/monde25.info\/index.php\/wp-json\/wp\/v2\/posts"}],"about":[{"href":"https:\/\/monde25.info\/index.php\/wp-json\/wp\/v2\/types\/post"}],"author":[{"embeddable":true,"href":"https:\/\/monde25.info\/index.php\/wp-json\/wp\/v2\/users\/1"}],"replies":[{"embeddable":true,"href":"https:\/\/monde25.info\/index.php\/wp-json\/wp\/v2\/comments?post=17990"}],"version-history":[{"count":0,"href":"https:\/\/monde25.info\/index.php\/wp-json\/wp\/v2\/posts\/17990\/revisions"}],"wp:featuredmedia":[{"embeddable":true,"href":"https:\/\/monde25.info\/index.php\/wp-json\/wp\/v2\/media\/17991"}],"wp:attachment":[{"href":"https:\/\/monde25.info\/index.php\/wp-json\/wp\/v2\/media?parent=17990"}],"wp:term":[{"taxonomy":"category","embeddable":true,"href":"https:\/\/monde25.info\/index.php\/wp-json\/wp\/v2\/categories?post=17990"},{"taxonomy":"post_tag","embeddable":true,"href":"https:\/\/monde25.info\/index.php\/wp-json\/wp\/v2\/tags?post=17990"}],"curies":[{"name":"wp","href":"https:\/\/api.w.org\/{rel}","templated":true}]}}