{"id":17992,"date":"2025-10-20T21:21:45","date_gmt":"2025-10-20T19:21:45","guid":{"rendered":"https:\/\/monde25.info\/index.php\/2025\/10\/20\/lutte-contre-les-incendies-les-cigarettiers-mis-a-contribution\/"},"modified":"2025-10-20T21:21:45","modified_gmt":"2025-10-20T19:21:45","slug":"lutte-contre-les-incendies-les-cigarettiers-mis-a-contribution","status":"publish","type":"post","link":"https:\/\/monde25.info\/index.php\/2025\/10\/20\/lutte-contre-les-incendies-les-cigarettiers-mis-a-contribution\/","title":{"rendered":"Lutte contre les incendies\u00a0: les cigarettiers mis \u00e0 contribution"},"content":{"rendered":"<p> <br \/>\n<br \/><img loading=\"lazy\" decoding=\"async\" src=\"https:\/\/reporterre.net\/local\/cache-vignettes\/L700xH525\/pixnio-2100x1576_resized-91fd8.jpg?1760971410\" class=\"spip_logo\" width=\"700\" height=\"525\" alt=\"\" \/><\/p>\n<p>Chaque ann\u00e9e, de tr\u00e8s nombreux d\u00e9parts de feux ou incendies sont li\u00e9s \u00e0 l&rsquo;usage de cigarettes ou \u00e0 l&rsquo;abandon de m\u00e9gots mal \u00e9teints. Aussi, depuis 2024, les cigarettiers sont-ils tenus de verser une redevance au minist\u00e8re de la Transition \u00e9cologique afin de participer au financement des campagnes de pr\u00e9vention des incendies de for\u00eat men\u00e9es par le gouvernement. <br class=\"autobr\" \/><br \/>\nPour 2025, cette redevance a \u00e9t\u00e9 fix\u00e9e \u00e0 hauteur de 936\u00a0311 euros, selon un arr\u00eat\u00e9 publi\u00e9 au Journal officiel du 18\u00a0octobre. Elle\u00a0(\u2026)<\/p>\n<p>                    <a target=\"_blank\" href=\"https:\/\/reporterre.net\/Lutte-contre-les-incendies-les-cigarettiers-mis-a-contribution?utm_source=RSS&amp;utm_medium=RSS\">Lire la suite<\/a><\/p>\n<p>                    &#8211;<br \/>\n                        <a target=\"_blank\" href=\"https:\/\/reporterre.net\/Breves-20\" rel=\"directory\">En bref<\/a><\/p>\n<p>                    \/<br \/>\n                        <a target=\"_blank\" href=\"https:\/\/reporterre.net\/Megafeux\" rel=\"tag\">Incendies<\/a><br \/>\n<br \/><br \/>\n<br \/><a href=\"https:\/\/reporterre.net\/Lutte-contre-les-incendies-les-cigarettiers-mis-a-contribution\" target=\"_blank\"\">Source link <\/a><\/p>\n","protected":false},"excerpt":{"rendered":"<p>Chaque ann\u00e9e, de tr\u00e8s nombreux d\u00e9parts de feux ou incendies sont li\u00e9s \u00e0 l&rsquo;usage de cigarettes ou \u00e0 l&rsquo;abandon de m\u00e9gots mal \u00e9teints. Aussi, depuis 2024, les cigarettiers sont-ils tenus&hellip; <\/p>\n","protected":false},"author":1,"featured_media":0,"comment_status":"open","ping_status":"open","sticky":false,"template":"","format":"standard","meta":{"footnotes":""},"categories":[1],"tags":[],"class_list":["post-17992","post","type-post","status-publish","format-standard","hentry","category-non-classe"],"_links":{"self":[{"href":"https:\/\/monde25.info\/index.php\/wp-json\/wp\/v2\/posts\/17992","targetHints":{"allow":["GET"]}}],"collection":[{"href":"https:\/\/monde25.info\/index.php\/wp-json\/wp\/v2\/posts"}],"about":[{"href":"https:\/\/monde25.info\/index.php\/wp-json\/wp\/v2\/types\/post"}],"author":[{"embeddable":true,"href":"https:\/\/monde25.info\/index.php\/wp-json\/wp\/v2\/users\/1"}],"replies":[{"embeddable":true,"href":"https:\/\/monde25.info\/index.php\/wp-json\/wp\/v2\/comments?post=17992"}],"version-history":[{"count":0,"href":"https:\/\/monde25.info\/index.php\/wp-json\/wp\/v2\/posts\/17992\/revisions"}],"wp:attachment":[{"href":"https:\/\/monde25.info\/index.php\/wp-json\/wp\/v2\/media?parent=17992"}],"wp:term":[{"taxonomy":"category","embeddable":true,"href":"https:\/\/monde25.info\/index.php\/wp-json\/wp\/v2\/categories?post=17992"},{"taxonomy":"post_tag","embeddable":true,"href":"https:\/\/monde25.info\/index.php\/wp-json\/wp\/v2\/tags?post=17992"}],"curies":[{"name":"wp","href":"https:\/\/api.w.org\/{rel}","templated":true}]}}