{"id":18001,"date":"2025-10-21T02:19:36","date_gmt":"2025-10-21T00:19:36","guid":{"rendered":"https:\/\/monde25.info\/index.php\/2025\/10\/21\/bruit-des-avions-le-gouvernement-veut-piocher-dans-le-fonds-de-compensation\/"},"modified":"2025-10-21T02:19:36","modified_gmt":"2025-10-21T00:19:36","slug":"bruit-des-avions-le-gouvernement-veut-piocher-dans-le-fonds-de-compensation","status":"publish","type":"post","link":"https:\/\/monde25.info\/index.php\/2025\/10\/21\/bruit-des-avions-le-gouvernement-veut-piocher-dans-le-fonds-de-compensation\/","title":{"rendered":"Bruit des avions\u00a0: le gouvernement veut piocher dans le fonds de compensation"},"content":{"rendered":"<p> <br \/>\n<br \/><img loading=\"lazy\" decoding=\"async\" src=\"https:\/\/reporterre.net\/local\/cache-vignettes\/L700xH467\/airbus_a319-100_air_france__afr__f-grht_-_msn_1449__9655076021_1_-b117a.jpg?1760970743\" class=\"spip_logo\" width=\"700\" height=\"467\" alt=\"\" \/><\/p>\n<p>Les riveraines et riverains des a\u00e9roports seront-ils sacrifi\u00e9s sur l&rsquo;autel du budget<small class=\"fine d-inline\">\u00a0<\/small>? C&rsquo;est la crainte de Romain Eskenazi, d\u00e9put\u00e9 du Val-d&rsquo;Oise et porte-parole du groupe socialiste \u00e0 l&rsquo;Assembl\u00e9e nationale. <br class=\"autobr\" \/><br \/>\nDans une tribune publi\u00e9e sur Lib\u00e9ration, l&rsquo;\u00e9lu regrette le pr\u00e9l\u00e8vement des exc\u00e9dents du Fonds de compensation des nuisances a\u00e9riennes (<span class=\"caps\">FCNA<\/span>) pour renflouer le budget g\u00e9n\u00e9ral. \u00ab<small class=\"fine d-inline\">\u00a0<\/small>Faites payer ceux qui produisent de la pollution sonore, pas ceux qui la subissent<small class=\"fine d-inline\">\u00a0<\/small>\u00bb, \u00e9crit-il. <br class=\"autobr\" \/><br \/>\nCe fonds est\u00a0(\u2026)<\/p>\n<p>                    <a target=\"_blank\" href=\"https:\/\/reporterre.net\/Bruit-des-avions-le-gouvernement-veut-piocher-dans-le-fonds-de-compensation?utm_source=RSS&amp;utm_medium=RSS\">Lire la suite<\/a><\/p>\n<p>                    &#8211;<br \/>\n                        <a target=\"_blank\" href=\"https:\/\/reporterre.net\/Breves-20\" rel=\"directory\">En bref<\/a><\/p>\n<p>                    \/<br \/>\n                        <a target=\"_blank\" href=\"https:\/\/reporterre.net\/Economie\" rel=\"tag\">\u00c9conomie<\/a><br \/>\n                    ,<br \/>\n                        <a target=\"_blank\" href=\"https:\/\/reporterre.net\/Transports\" rel=\"tag\">Transports<\/a><br \/>\n<br \/><br \/>\n<br \/><a href=\"https:\/\/reporterre.net\/Bruit-des-avions-le-gouvernement-veut-piocher-dans-le-fonds-de-compensation\" target=\"_blank\"\">Source link <\/a><\/p>\n","protected":false},"excerpt":{"rendered":"<p>Les riveraines et riverains des a\u00e9roports seront-ils sacrifi\u00e9s sur l&rsquo;autel du budget\u00a0? C&rsquo;est la crainte de Romain Eskenazi, d\u00e9put\u00e9 du Val-d&rsquo;Oise et porte-parole du groupe socialiste \u00e0 l&rsquo;Assembl\u00e9e nationale. Dans&hellip; <\/p>\n","protected":false},"author":1,"featured_media":0,"comment_status":"open","ping_status":"open","sticky":false,"template":"","format":"standard","meta":{"footnotes":""},"categories":[1],"tags":[],"class_list":["post-18001","post","type-post","status-publish","format-standard","hentry","category-non-classe"],"_links":{"self":[{"href":"https:\/\/monde25.info\/index.php\/wp-json\/wp\/v2\/posts\/18001","targetHints":{"allow":["GET"]}}],"collection":[{"href":"https:\/\/monde25.info\/index.php\/wp-json\/wp\/v2\/posts"}],"about":[{"href":"https:\/\/monde25.info\/index.php\/wp-json\/wp\/v2\/types\/post"}],"author":[{"embeddable":true,"href":"https:\/\/monde25.info\/index.php\/wp-json\/wp\/v2\/users\/1"}],"replies":[{"embeddable":true,"href":"https:\/\/monde25.info\/index.php\/wp-json\/wp\/v2\/comments?post=18001"}],"version-history":[{"count":0,"href":"https:\/\/monde25.info\/index.php\/wp-json\/wp\/v2\/posts\/18001\/revisions"}],"wp:attachment":[{"href":"https:\/\/monde25.info\/index.php\/wp-json\/wp\/v2\/media?parent=18001"}],"wp:term":[{"taxonomy":"category","embeddable":true,"href":"https:\/\/monde25.info\/index.php\/wp-json\/wp\/v2\/categories?post=18001"},{"taxonomy":"post_tag","embeddable":true,"href":"https:\/\/monde25.info\/index.php\/wp-json\/wp\/v2\/tags?post=18001"}],"curies":[{"name":"wp","href":"https:\/\/api.w.org\/{rel}","templated":true}]}}