{"id":18004,"date":"2025-10-21T03:26:33","date_gmt":"2025-10-21T01:26:33","guid":{"rendered":"https:\/\/monde25.info\/index.php\/2025\/10\/21\/le-gouvernement-veut-raboter-les-allocations-familiales-pour-les-adolescents\/"},"modified":"2025-10-21T03:26:33","modified_gmt":"2025-10-21T01:26:33","slug":"le-gouvernement-veut-raboter-les-allocations-familiales-pour-les-adolescents","status":"publish","type":"post","link":"https:\/\/monde25.info\/index.php\/2025\/10\/21\/le-gouvernement-veut-raboter-les-allocations-familiales-pour-les-adolescents\/","title":{"rendered":"Le gouvernement veut raboter les allocations familiales pour les adolescents"},"content":{"rendered":"<p> <br \/>\n<\/p>\n<div>\n<p><strong>Le gouvernement pr\u00e9voit de relever de 14 \u00e0 18 ans l\u2019\u00e2ge auquel les allocations familiales sont major\u00e9es \u00e0 partir du deuxi\u00e8me enfant. Cette mesure, encore \u00e0 l\u2019\u00e9tat de projet de d\u00e9cret, entrerait en vigueur en mars 2026.\u00a0<\/strong><\/p>\n<p>Toujours en qu\u00eate de budget \u00e0 sabrer, le gouvernement se penche sur les allocations et pr\u00e9voit ainsi d&rsquo;\u00e9conomiser 200 millions d\u2019euros par an.\u00a0<\/p>\n<p>Comme le rapporte <em>l&rsquo;AFP<\/em>, une \u00e9tude de la Drees r\u00e9v\u00e8le que la diff\u00e9rence de d\u00e9penses entre un enfant de moins de 14 ans et un ado ne justifierait plus une aide major\u00e9e avant la majorit\u00e9. \u00ab Il est justifi\u00e9 que le niveau de soutien s\u2019adapte au niveau de d\u00e9pense g\u00e9n\u00e9r\u00e9 par l\u2019enfant \u00bb, avance le minist\u00e8re de la Sant\u00e9. Autrement dit, si l\u2019\u00e9cart de d\u00e9penses ne convainc pas les statisticiens, pourquoi continuer \u00e0 payer davantage aux familles ?<\/p>\n<p>L\u2019ex\u00e9cutif cherche \u00e0 d\u00e9gager de nouvelles marges pour financer un futur cong\u00e9 de naissance, qui permettrait \u00e0 chaque parent de prendre deux mois de cong\u00e9 suppl\u00e9mentaires. Une mesure s\u00e9duisante, qui risque de se faire au d\u00e9triment de celles et ceux d\u00e9j\u00e0 engag\u00e9s dans la parentalit\u00e9. C\u2019est dans le cadre du projet de loi de financement de la S\u00e9curit\u00e9 sociale que cette r\u00e9forme sera examin\u00e9e, d\u00e8s cette semaine, en commission des Affaires sociales.<\/p>\n<\/div>\n<p><script>(function(d, s, id) {  var js, fjs = d.getElementsByTagName(s)[0];  if (d.getElementById(id)) return;  js = d.createElement(s); js.id = id;  js.src = \"\/\/connect.facebook.net\/fr_FR\/sdk.js#xfbml=1&version=v2.3\";  fjs.parentNode.insertBefore(js, fjs);}(document, \"script\", \"facebook-jssdk\"));<\/script><br \/>\n<br \/><br \/>\n<br \/><a href=\"https:\/\/www.francesoir.fr\/politique-france\/le-gouvernement-veut-raboter-les-allocations-familiales-pour-les-adolescents\" target=\"_blank\"\">Source link <\/a><\/p>\n","protected":false},"excerpt":{"rendered":"<p>Le gouvernement pr\u00e9voit de relever de 14 \u00e0 18 ans l\u2019\u00e2ge auquel les allocations familiales sont major\u00e9es \u00e0 partir du deuxi\u00e8me enfant. Cette mesure, encore \u00e0 l\u2019\u00e9tat de projet de&hellip; <\/p>\n","protected":false},"author":1,"featured_media":18005,"comment_status":"open","ping_status":"open","sticky":false,"template":"","format":"standard","meta":{"footnotes":""},"categories":[1],"tags":[],"class_list":["post-18004","post","type-post","status-publish","format-standard","has-post-thumbnail","hentry","category-non-classe"],"_links":{"self":[{"href":"https:\/\/monde25.info\/index.php\/wp-json\/wp\/v2\/posts\/18004","targetHints":{"allow":["GET"]}}],"collection":[{"href":"https:\/\/monde25.info\/index.php\/wp-json\/wp\/v2\/posts"}],"about":[{"href":"https:\/\/monde25.info\/index.php\/wp-json\/wp\/v2\/types\/post"}],"author":[{"embeddable":true,"href":"https:\/\/monde25.info\/index.php\/wp-json\/wp\/v2\/users\/1"}],"replies":[{"embeddable":true,"href":"https:\/\/monde25.info\/index.php\/wp-json\/wp\/v2\/comments?post=18004"}],"version-history":[{"count":0,"href":"https:\/\/monde25.info\/index.php\/wp-json\/wp\/v2\/posts\/18004\/revisions"}],"wp:featuredmedia":[{"embeddable":true,"href":"https:\/\/monde25.info\/index.php\/wp-json\/wp\/v2\/media\/18005"}],"wp:attachment":[{"href":"https:\/\/monde25.info\/index.php\/wp-json\/wp\/v2\/media?parent=18004"}],"wp:term":[{"taxonomy":"category","embeddable":true,"href":"https:\/\/monde25.info\/index.php\/wp-json\/wp\/v2\/categories?post=18004"},{"taxonomy":"post_tag","embeddable":true,"href":"https:\/\/monde25.info\/index.php\/wp-json\/wp\/v2\/tags?post=18004"}],"curies":[{"name":"wp","href":"https:\/\/api.w.org\/{rel}","templated":true}]}}