{"id":18011,"date":"2025-10-21T07:50:51","date_gmt":"2025-10-21T05:50:51","guid":{"rendered":"https:\/\/monde25.info\/index.php\/2025\/10\/21\/de-paris-au-rojava-ces-modeles-pour-vivre-sans-letat\/"},"modified":"2025-10-21T07:50:51","modified_gmt":"2025-10-21T05:50:51","slug":"de-paris-au-rojava-ces-modeles-pour-vivre-sans-letat","status":"publish","type":"post","link":"https:\/\/monde25.info\/index.php\/2025\/10\/21\/de-paris-au-rojava-ces-modeles-pour-vivre-sans-letat\/","title":{"rendered":"De Paris au Rojava, ces mod\u00e8les pour vivre sans l\u2019\u00c9tat"},"content":{"rendered":"<p> <br \/>\n<\/p>\n<div>\n<p>En 2012, e\u0301clate en Syrie une longue guerre durant laquelle <strong>le nord du pays devient le Rojava, re\u0301gion dans laquelle est expe\u0301rimente\u0301 un nouveau mode de gouvernance e\u0301cologique, fe\u0301ministe, multiculturel, fonde\u0301 sur un syste\u0300me de fe\u0301de\u0301ration de communes<\/strong> : le confe\u0301de\u0301ralisme de\u0301mocratique. Parfois, on l\u02bcappelle <a target=\"_blank\" href=\"https:\/\/www.syllepse.net\/syllepse_images\/la-commune-du-rojava.pdf\">la Commune du Rojava.<\/a><\/p>\n<figure id=\"attachment_1093026\" aria-describedby=\"caption-attachment-1093026\" style=\"width: 1024px\" class=\"wp-caption alignnone\"><img fetchpriority=\"high\" decoding=\"async\" class=\"wp-image-1093026\" src=\"https:\/\/mrmondialisation.org\/wp-content\/uploads\/2025\/10\/rojava-pkk-newroz.jpg\" alt=\"\" width=\"1024\" height=\"683\" srcset=\"https:\/\/mrmondialisation.org\/wp-content\/uploads\/2025\/10\/rojava-pkk-newroz.jpg 750w, https:\/\/mrmondialisation.org\/wp-content\/uploads\/2025\/10\/rojava-pkk-newroz-696x464.jpg 696w, https:\/\/mrmondialisation.org\/wp-content\/uploads\/2025\/10\/rojava-pkk-newroz-630x420.jpg 630w\" sizes=\"(max-width: 1024px) 100vw, 1024px\"\/><figcaption id=\"caption-attachment-1093026\" class=\"wp-caption-text\">Le Rojava, re\u0301gion dans laquelle est expe\u0301rimente\u0301 un nouveau mode de gouvernance e\u0301cologique, fe\u0301ministe, multiculturel, fonde\u0301 sur un syste\u0300me de fe\u0301de\u0301ration de communes. <a target=\"_blank\" href=\"https:\/\/www.flickr.com\/photos\/sunriseodyssey\/16894303972\/in\/dateposted\/\">Flickr.<\/a><\/figcaption><\/figure>\n<p>A\u0300 l\u02bce\u0301te\u0301 2013 en Turquie, Istanbul voit la re\u0301sistance au plan d\u02bcurbanisation du parc Gezi se transformer en une re\u0301volte d\u02bcampleur contre l\u02bcauste\u0301rite\u0301 et l\u02bcautoritarisme d\u02bcErdogan ; <strong>la place voisine de Taksim devient un lieu d\u02bcauto-organisation et de solidarite\u0301, que certain\u00b7es surnomment <a target=\"_blank\" href=\"https:\/\/www.contretemps.eu\/wp-content\/uploads\/RDL-12global-52-59.pdf\">la Commune de Taksim.<\/a> <\/strong>En janvier 2020, <strong><a target=\"_blank\" href=\"https:\/\/communes-libres.fr\/\">une assemble\u0301e des \u00ab Communes libres \u00bb<\/a> et listes municipales citoyennes issues du mouvement des Gilets Jaunes se re\u0301unit a\u0300 Commercy :<a target=\"_blank\" href=\"https:\/\/paris-luttes.info\/commune-des-communes-a-commercy-13527?lang=fr\"> la Commune des Communes.<\/a><\/strong><\/p>\n<p>Ces initiatives sont toutes diffe\u0301rentes. Elles se re\u0301clament pourtant d\u02bcune me\u0302me ide\u0301e : la \u00ab Commune \u00bb. Ce terme, qui impre\u0300gne d\u02bcune fac\u0327on quasi mystique la culture militante, n\u02bcest pas pris au hasard. Il invoque <strong>un e\u0301ve\u0301nement majeur de l\u02bcHistoire sociale franc\u0327aise, que l\u02bce\u0301cole r\u00e9publicaine se garde d\u02bcailleurs bien d\u2019enseigner : la Commune de Paris de 1871.<\/strong><\/p>\n<h2><strong>L\u2019h\u00e9ritage de 1871<\/strong><\/h2>\n<p>La Commune de Paris, c\u2019est la premie\u0300re <strong>tentative d\u02bcauto- gouvernement populaire socialiste, expe\u0301rience de seulement 72 jours tue\u0301e dans le sang.<\/strong> Elle a marque\u0301 de son empreinte les luttes d\u02bce\u0301mancipation qui l\u02bcont suivie. Mais <strong>elle n\u02bcest pas elle-me\u0302me un e\u0301ve\u0300nement historique isole\u0301, elle est l\u02bche\u0301ritage d\u02bcune ide\u0301e aux racines profondes, traversant le Moyen-A\u0302ge et la Re\u0301volution franc\u0327aise.<\/strong><\/p>\n<p>Suivre l\u02bchistoire de cette ide\u0301e, c\u02bcest <strong>comprendre comment un symbole d\u02bce\u0301mancipation se fac\u0327onne, \u00e9volue, et se rend capable de transformer le monde.<\/strong> C\u02bcest aussi s\u02bcoutiller pour comprendre ce qu\u2019il peut en \u00eatre fait aujourd\u02bchui.<\/p>\n<figure id=\"attachment_1093017\" aria-describedby=\"caption-attachment-1093017\" style=\"width: 1024px\" class=\"wp-caption alignnone\"><img loading=\"lazy\" decoding=\"async\" class=\"wp-image-1093017\" src=\"https:\/\/mrmondialisation.org\/wp-content\/uploads\/2025\/10\/1-vive-la-commune-rennes-2-2016.jpg\" alt=\"\" width=\"1024\" height=\"768\" srcset=\"https:\/\/mrmondialisation.org\/wp-content\/uploads\/2025\/10\/1-vive-la-commune-rennes-2-2016.jpg 600w, https:\/\/mrmondialisation.org\/wp-content\/uploads\/2025\/10\/1-vive-la-commune-rennes-2-2016-560x420.jpg 560w, https:\/\/mrmondialisation.org\/wp-content\/uploads\/2025\/10\/1-vive-la-commune-rennes-2-2016-80x60.jpg 80w, https:\/\/mrmondialisation.org\/wp-content\/uploads\/2025\/10\/1-vive-la-commune-rennes-2-2016-265x198.jpg 265w\" sizes=\"auto, (max-width: 1024px) 100vw, 1024px\"\/><figcaption id=\"caption-attachment-1093017\" class=\"wp-caption-text\">Tag \u201cVive la Commune\u02ee sur la fac Rennes 2 en 2016. Source : Wikimedia<\/figcaption><\/figure>\n<h2><strong>La commune me\u0301die\u0301vale bourgeoise<\/strong><\/h2>\n<p>Originellement, <strong>la <em>commune<\/em> est le serment d\u02bcassistance mutuelle que se pre\u0302tent a\u0300 partir du XIe sie\u0300cle les membres d\u02bcune bourgeoisie naissante, contre l\u02bcarbitraire seigneurial ou cle\u0301rical<\/strong> et contre l\u02bcinse\u0301curite\u0301 qui menace un commerce en plein essor. <strong>A\u0300 l\u02bce\u0301poque, cette bourgeoisie n\u02bcest pas une classe posse\u0301dante.<\/strong> Faite de pauvres comme de riches, elle est <strong>le nouveau peuple de villes alors en plein de\u0301veloppement :<\/strong> artisans et commerc\u0327ants, marchands et percepteurs de taxes, avocats et me\u0301decins.<\/p>\n<p>Premier pas vers la conque\u0302te de leur autonomie, la commune n\u02bcest alors pas une ville ou un village, un corps administratif ou une communaute\u0301. <strong><em>\u00ab Faire commune \u00bb<\/em>, c\u02bcest re\u0301ellement constituer une<em> \u00ab association jure\u0301e \u00bb<\/em>, solidaire, liant sur une base e\u0301galitariste des individus re\u0301clamant de prendre en charge eux-me\u0302me leurs inte\u0301re\u0302ts.<\/strong> Dans une socie\u0301te\u0301 d\u02bcOrdres ou\u0300 il n\u02bcexistait de pouvoirs institue\u0301s que par la noblesse et le clerge\u0301, c\u02bcest un fait absolument nouveau, et tout-a\u0300-fait re\u0301volutionnaire.<\/p>\n<figure id=\"attachment_1093018\" aria-describedby=\"caption-attachment-1093018\" style=\"width: 1024px\" class=\"wp-caption alignnone\"><img loading=\"lazy\" decoding=\"async\" class=\"size-medium wp-image-1093018\" src=\"https:\/\/mrmondialisation.org\/wp-content\/uploads\/2025\/10\/2-gravure-laon-gaudry-1112-1024x797.jpg\" alt=\"\" width=\"1024\" height=\"797\" srcset=\"https:\/\/mrmondialisation.org\/wp-content\/uploads\/2025\/10\/2-gravure-laon-gaudry-1112-1024x797.jpg 1024w, https:\/\/mrmondialisation.org\/wp-content\/uploads\/2025\/10\/2-gravure-laon-gaudry-1112-1524x1186.jpg 1524w, https:\/\/mrmondialisation.org\/wp-content\/uploads\/2025\/10\/2-gravure-laon-gaudry-1112-768x598.jpg 768w, https:\/\/mrmondialisation.org\/wp-content\/uploads\/2025\/10\/2-gravure-laon-gaudry-1112-1536x1196.jpg 1536w, https:\/\/mrmondialisation.org\/wp-content\/uploads\/2025\/10\/2-gravure-laon-gaudry-1112-2048x1594.jpg 2048w, https:\/\/mrmondialisation.org\/wp-content\/uploads\/2025\/10\/2-gravure-laon-gaudry-1112-696x542.jpg 696w, https:\/\/mrmondialisation.org\/wp-content\/uploads\/2025\/10\/2-gravure-laon-gaudry-1112-1068x831.jpg 1068w, https:\/\/mrmondialisation.org\/wp-content\/uploads\/2025\/10\/2-gravure-laon-gaudry-1112-540x420.jpg 540w\" sizes=\"auto, (max-width: 1024px) 100vw, 1024px\"\/><figcaption id=\"caption-attachment-1093018\" class=\"wp-caption-text\">Assassinat de l\u02bc\u00e9v\u00eaque Gaudry lors de la r\u00e9volte communale de Laon en 1112. Ces insurrections \u00e9taient plut\u00f4t rares. Gravure, Charles-Joseph Mettais, XIXe si\u00e8cle. Source : Wikimedia<\/figcaption><\/figure>\n<p>Lorsqu\u02bcelle n\u02bcest pas re\u0301prime\u0301e, on lui reconnai\u0302t une existence officielle sous la forme d\u02bcune charte, e\u0301tablissant par e\u0301crit un ensemble de privile\u0300ges obtenus : alle\u0300gement fiscal, droit a\u0300 s\u02bcarmer, gestion partielle des affaires de la ville, etc. <strong>Jusqu\u02bcau XVIIIe sie\u0300cle, des dizaines de communes existent en France, partout diffe\u0301rentes. Mais ce mouvement est rapidement re\u0301cupe\u0301re\u0301 par la royaute\u0301, qui trouve dans cette relative inde\u0301pendance urbaine un moyen utile d\u02bcaffaiblir a\u0300 son profit les seigneuries locales.<\/strong><\/p>\n<p>Sous l\u02bcaction du roi, les institutions municipales e\u0301tablies par les chartes voient leur autonomie rogne\u0301e et <strong>leur pouvoir progressivement accapare\u0301 par une oligarchie bourgeoise riche, ge\u0301ne\u0301ralement capitaliste, qui s\u02bcen transmet he\u0301re\u0301ditairement les charges.<\/strong> Le serment communal est tue\u0301, la bourgeoisie capitaliste est ne\u0301e.<\/p>\n<div class=\"td-a-rec td-a-rec-id-content_inline  tdi_1 td_block_template_1\">\n<span class=\"td-adspot-title\">&#8211; Pour une information libre ! &#8211;<\/span><a target=\"_blank\" href=\"https:\/\/fr.tipeee.com\/mr-mondialisation\" class=\"tipeee-project-small\">Soutenir Mr Japanization sur Tipeee<\/a>\n<\/div>\n<h2><strong>1789 : la premie\u0300re Commune de Paris<\/strong><\/h2>\n<\/div>\n<p><br \/>\n<br \/><a href=\"https:\/\/mrmondialisation.org\/paris-rojava-communaliser-vivre-sans-etat\/\" target=\"_blank\"\">Source link <\/a><\/p>\n","protected":false},"excerpt":{"rendered":"<p>En 2012, e\u0301clate en Syrie une longue guerre durant laquelle le nord du pays devient le Rojava, re\u0301gion dans laquelle est expe\u0301rimente\u0301 un nouveau mode de gouvernance e\u0301cologique, fe\u0301ministe, multiculturel,&hellip; <\/p>\n","protected":false},"author":1,"featured_media":18012,"comment_status":"open","ping_status":"open","sticky":false,"template":"","format":"standard","meta":{"footnotes":""},"categories":[1],"tags":[],"class_list":["post-18011","post","type-post","status-publish","format-standard","has-post-thumbnail","hentry","category-non-classe"],"_links":{"self":[{"href":"https:\/\/monde25.info\/index.php\/wp-json\/wp\/v2\/posts\/18011","targetHints":{"allow":["GET"]}}],"collection":[{"href":"https:\/\/monde25.info\/index.php\/wp-json\/wp\/v2\/posts"}],"about":[{"href":"https:\/\/monde25.info\/index.php\/wp-json\/wp\/v2\/types\/post"}],"author":[{"embeddable":true,"href":"https:\/\/monde25.info\/index.php\/wp-json\/wp\/v2\/users\/1"}],"replies":[{"embeddable":true,"href":"https:\/\/monde25.info\/index.php\/wp-json\/wp\/v2\/comments?post=18011"}],"version-history":[{"count":0,"href":"https:\/\/monde25.info\/index.php\/wp-json\/wp\/v2\/posts\/18011\/revisions"}],"wp:featuredmedia":[{"embeddable":true,"href":"https:\/\/monde25.info\/index.php\/wp-json\/wp\/v2\/media\/18012"}],"wp:attachment":[{"href":"https:\/\/monde25.info\/index.php\/wp-json\/wp\/v2\/media?parent=18011"}],"wp:term":[{"taxonomy":"category","embeddable":true,"href":"https:\/\/monde25.info\/index.php\/wp-json\/wp\/v2\/categories?post=18011"},{"taxonomy":"post_tag","embeddable":true,"href":"https:\/\/monde25.info\/index.php\/wp-json\/wp\/v2\/tags?post=18011"}],"curies":[{"name":"wp","href":"https:\/\/api.w.org\/{rel}","templated":true}]}}