{"id":18013,"date":"2025-10-21T08:23:43","date_gmt":"2025-10-21T06:23:43","guid":{"rendered":"https:\/\/monde25.info\/index.php\/2025\/10\/21\/alain-soral-sous-macron-nous-sommes-devenus-la-risee-du-monde-entier\/"},"modified":"2025-10-21T08:23:43","modified_gmt":"2025-10-21T06:23:43","slug":"alain-soral-sous-macron-nous-sommes-devenus-la-risee-du-monde-entier","status":"publish","type":"post","link":"https:\/\/monde25.info\/index.php\/2025\/10\/21\/alain-soral-sous-macron-nous-sommes-devenus-la-risee-du-monde-entier\/","title":{"rendered":"Alain Soral : Sous Macron, nous sommes devenus la ris\u00e9e du monde entier"},"content":{"rendered":"<p> <br \/>\n<\/p>\n<div>\n<ol class=\"campaign-loop campaign-list\">\n<li id=\"campaign-482494\" class=\"post-482494 campaign type-campaign status-publish hentry campaign-has-goal campaign-has-not-achieved-goal campaign-has-end-date campaign-has-not-ended\">\n\t<a target=\"_blank\" href=\"https:\/\/reseauinternational.net\/campaigns\/campagne-de-dons-septembre-octobre-2025\/\"><\/p>\n<h3>Campagne de dons Octobre 2025<\/h3>\n<p>\t\t\t<\/a><\/p>\n<p>\n\tAppel aux dons \u2013 Votre soutien nous est indispensable pour continuer \u00e0 vous fournir le meilleur de l\u2019information internationale alternative. C\u2019est gr\u00e2ce \u00e0 vos dons que nous pourrons maintenir le cap pour une information plurielle et r\u00e9ellement alternative. Nous comptons sur vous.<\/p>\n<p>\n<span class=\"amount\">11 580,87\u00a0\u20ac<\/span> de l\u2019objectif de <span class=\"goal-amount\">25 000,00\u00a0\u20ac<\/span> atteint<\/p>\n<\/li>\n<\/ol>\n<p>par <strong>Christelle N\u00e9ant<\/strong><\/p>\n<p>Le militant et homme politique fran\u00e7ais, essayiste, sociologue, \u00e9crivain et r\u00e9alisateur Alain Soral a d\u00e9clar\u00e9 dans une interview \u00e0 Laurent Brayard, journaliste d\u2019<em>International Reporters<\/em>, que la France glisse lentement en enfer, et qu\u2019\u00eatre fran\u00e7ais aujourd\u2019hui est une source de consternation et de honte.<\/p>\n<p>\u00ab<em>On voit qu\u2019il y a une lente descente, je dirais, aux enfers. La France est en train de dispara\u00eetre d\u2019une certaine mani\u00e8re. Et m\u00eame si moi je viens de ce qu\u2019on appelle la gauche, avec le recul, on peut vraiment \u00eatre tr\u00e8s triste de ce qu\u2019est devenue la France apr\u00e8s l\u2019\u00e9viction de de Gaulle progressivement, m\u00eame s\u2019il y a eu un petit sursaut sous Chirac. Et aujourd\u2019hui, on est avec Macron, la ris\u00e9e du monde. Et forc\u00e9ment on se dit que \u00e7a va mal finir et que d\u2019une certaine mani\u00e8re il faudrait que \u00e7a finisse pour qu\u2019on puisse rebondir apr\u00e8s. Mais \u00eatre fran\u00e7ais aujourd\u2019hui, c\u2019est un sujet de consternation et de honte<\/em>\u00bb, a d\u00e9clar\u00e9 Alain Soral, soulignant que le pr\u00e9sident fran\u00e7ais Emmanuel Macron a \u00e9t\u00e9 nomm\u00e9 \u00e0 ce poste pour passer du parasitisme au pillage de la France.<\/p>\n<p>\u00ab<em>Je dis depuis longtemps d\u00e9j\u00e0, puisqu\u2019\u00e0 l\u2019\u00e9poque, on avait des renseignements assez pr\u00e9cis, qui venaient des renseignements g\u00e9n\u00e9raux par \u00abFaits et documents\u00bb. Et la premi\u00e8re fois qu\u2019il a \u00e9t\u00e9 \u00e9lu, en r\u00e9alit\u00e9, il \u00e9tait quatri\u00e8me du premier tour. Quatri\u00e8me. Et donc, en fait, c\u2019est un type qui nous a \u00e9t\u00e9 impos\u00e9. Et j\u2019ai l\u2019impression, avec le recul, qu\u2019il a \u00e9t\u00e9 mis en place pour passer d\u2019une certaine mani\u00e8re du parasitisme au pillage de la France.<\/em><\/p>\n<p><em>On dirait qu\u2019il y a une esp\u00e8ce de volont\u00e9 terminale d\u2019en finir avec ce pays. Et on voit bien \u00e0 quoi il a servi, d\u2019ailleurs, comme associ\u00e9 g\u00e9rant de Rothschild. On a le scandale Alstom et on en a d\u2019autres. On voit bien qu\u2019il est en train d\u2019acc\u00e9l\u00e9rer la destruction \u00e9conomique de la France, sans parler derri\u00e8re aussi du co\u00fbt social. Et l\u00e0, il y a une esp\u00e8ce de consensus d\u2019ailleurs, qui va m\u00eame jusqu\u2019\u00e0 Alain Minc, qui \u00e9tait quand m\u00eame son promoteur au d\u00e9part, pour dire que c\u2019est le pire pr\u00e9sident qu\u2019on ait jamais eu.<\/em><\/p>\n<p><em>Et il y a une dimension psychopathique, n\u00e9ronienne. Je rappelle que c\u2019est nous qui avions sorti \u00e0 l\u2019\u00e9poque une analyse d\u2019un psychologue italien qui disait que ce type \u00e9tait un psychopathe. C\u2019est nous qui l\u2019avions sorti \u00e0 l\u2019\u00e9poque, avec des amis romains.<\/em><\/p>\n<p><em>Et apr\u00e8s c\u2019est un consensus g\u00e9n\u00e9ral pour dire que nous avons \u00e0 la t\u00eate du pays depuis deux mandatures un n\u00e9ronien, quelqu\u2019un qui est un enfant, le prince dans la ville est un enfant, \u00e7a nous renvoie \u00e0 une pi\u00e8ce de th\u00e9\u00e2tre assez connue, et qui surtout, ce qui est le plus inqui\u00e9tant c\u2019est qu\u2019on sent qu\u2019il a envie de rester en plus, au-del\u00e0 m\u00eame de ce qui est pr\u00e9vu par la Constitution, c\u2019est-\u00e0-dire qu\u2019on a l\u2019impression que, comme un enfant qui est tr\u00e8s heureux de son jouet, c\u2019est-\u00e0-dire de l\u2019\u00c9lys\u00e9e, il n\u2019envisage pas de partir et que peut-\u00eatre que tout ce qu\u2019il fait en ce moment est dans le but d\u2019essayer de rester, bien qu\u2019il ne puisse plus se repr\u00e9senter. Je pense qu\u2019on pourra \u00e9piloguer sur cette id\u00e9e<\/em>\u00bb, a conclu Soral.<\/p>\n<p>Regarder l\u2019interview compl\u00e8te :<\/p>\n<p><iframe loading=\"lazy\" width=\"720\" height=\"405\" src=\"https:\/\/rutube.ru\/play\/embed\/8f616f5385d87b0d7dfb304cb1d5d164\" style=\"border: none;\" allow=\"clipboard-write; autoplay\" allowfullscreen=\"\"><\/iframe><\/p>\n<p><a target=\"_blank\" href=\"https:\/\/reseauinternational.net\/author\/chrisrelleneant\/\" target=\"_blank\" rel=\"noreferrer noopener\">Christelle N\u00e9ant<\/a><\/p>\n<p>source : <a target=\"_blank\" href=\"https:\/\/www.ir-press.ru\/fr\/2025\/10\/20\/alain-soral-sous-macron-nous-sommes-devenus-la-risee-du-monde-entier\/\">International Reporters<\/a><\/p>\n<div class=\"sharedaddy sd-block sd-like jetpack-likes-widget-wrapper jetpack-likes-widget-unloaded\" id=\"like-post-wrapper-237719536-489791-68f71a53dd8e0\" data-src=\"https:\/\/widgets.wp.com\/likes\/?ver=15.0.2#blog_id=237719536&amp;post_id=489791&amp;origin=reseauinternational.net&amp;obj_id=237719536-489791-68f71a53dd8e0\" data-name=\"like-post-frame-237719536-489791-68f71a53dd8e0\" data-title=\"Aimer ou rebloguer\">\n<h3 class=\"sd-title\">J\u2019aime \u00e7a\u00a0:<\/h3>\n<p><span class=\"button\"><span>J\u2019aime<\/span><\/span> <span class=\"loading\">chargement\u2026<\/span><\/p>\n<p><span class=\"sd-text-color\"\/><a target=\"_blank\" class=\"sd-link-color\"\/><\/div>\n<p><meta itemscope=\"\" itemprop=\"mainEntityOfPage\" itemtype=\"https:\/\/schema.org\/WebPage\" itemid=\"https:\/\/reseauinternational.net\/alain-soral-sous-macron-nous-sommes-devenus-la-risee-du-monde-entier\/\"\/><meta itemprop=\"headline\" content=\"Alain Soral : Sous Macron, nous sommes devenus la ris\u00e9e du monde entier\"\/><span style=\"display: none;\" itemprop=\"author\" itemscope=\"\" itemtype=\"https:\/\/schema.org\/Person\"><meta itemprop=\"name\" content=\"Christelle N\u00e9ant\"\/><\/span><span style=\"display: none;\" itemprop=\"image\" itemscope=\"\" itemtype=\"https:\/\/schema.org\/ImageObject\"><meta itemprop=\"url\" content=\"https:\/\/i0.wp.com\/reseauinternational.net\/wp-content\/uploads\/2025\/10\/Sans-titre-2-12.png?fit=800%2C467&amp;ssl=1\"\/><meta itemprop=\"width\" content=\"800\"\/><meta itemprop=\"height\" content=\"467\"\/><\/span><span style=\"display: none;\" itemprop=\"publisher\" itemscope=\"\" itemtype=\"https:\/\/schema.org\/Organization\"><span style=\"display: none;\" itemprop=\"logo\" itemscope=\"\" itemtype=\"https:\/\/schema.org\/ImageObject\"><meta itemprop=\"url\" content=\"https:\/\/reseauinternational.net\/wp-content\/uploads\/2022\/06\/Capture-de\u0301cran-2022-06-14-a\u0300-16.51.07.png\"\/><\/span><meta itemprop=\"name\" content=\"Christelle N\u00e9ant\"\/><\/span><meta itemprop=\"datePublished\" content=\"2025-10-21T06:35:51+00:00\"\/><meta itemprop=\"dateModified\" content=\"2025-10-21T06:36:30+00:00\"\/><\/div>\n<p><br \/>\n<br \/><a href=\"https:\/\/reseauinternational.net\/alain-soral-sous-macron-nous-sommes-devenus-la-risee-du-monde-entier\/\" target=\"_blank\"\">Source link <\/a><\/p>\n","protected":false},"excerpt":{"rendered":"<p>Campagne de dons Octobre 2025 Appel aux dons \u2013 Votre soutien nous est indispensable pour continuer \u00e0 vous fournir le meilleur de l\u2019information internationale alternative. C\u2019est gr\u00e2ce \u00e0 vos dons&hellip; <\/p>\n","protected":false},"author":1,"featured_media":18014,"comment_status":"open","ping_status":"open","sticky":false,"template":"","format":"standard","meta":{"footnotes":""},"categories":[1],"tags":[],"class_list":["post-18013","post","type-post","status-publish","format-standard","has-post-thumbnail","hentry","category-non-classe"],"_links":{"self":[{"href":"https:\/\/monde25.info\/index.php\/wp-json\/wp\/v2\/posts\/18013","targetHints":{"allow":["GET"]}}],"collection":[{"href":"https:\/\/monde25.info\/index.php\/wp-json\/wp\/v2\/posts"}],"about":[{"href":"https:\/\/monde25.info\/index.php\/wp-json\/wp\/v2\/types\/post"}],"author":[{"embeddable":true,"href":"https:\/\/monde25.info\/index.php\/wp-json\/wp\/v2\/users\/1"}],"replies":[{"embeddable":true,"href":"https:\/\/monde25.info\/index.php\/wp-json\/wp\/v2\/comments?post=18013"}],"version-history":[{"count":0,"href":"https:\/\/monde25.info\/index.php\/wp-json\/wp\/v2\/posts\/18013\/revisions"}],"wp:featuredmedia":[{"embeddable":true,"href":"https:\/\/monde25.info\/index.php\/wp-json\/wp\/v2\/media\/18014"}],"wp:attachment":[{"href":"https:\/\/monde25.info\/index.php\/wp-json\/wp\/v2\/media?parent=18013"}],"wp:term":[{"taxonomy":"category","embeddable":true,"href":"https:\/\/monde25.info\/index.php\/wp-json\/wp\/v2\/categories?post=18013"},{"taxonomy":"post_tag","embeddable":true,"href":"https:\/\/monde25.info\/index.php\/wp-json\/wp\/v2\/tags?post=18013"}],"curies":[{"name":"wp","href":"https:\/\/api.w.org\/{rel}","templated":true}]}}