{"id":18025,"date":"2025-10-21T12:47:43","date_gmt":"2025-10-21T10:47:43","guid":{"rendered":"https:\/\/monde25.info\/index.php\/2025\/10\/21\/la-silicon-valley-avec-peter-thiel-adopte-le-nationalisme-chretien-de-donald-trump-par-alfredo-jalife-rahme\/"},"modified":"2025-10-21T12:47:43","modified_gmt":"2025-10-21T10:47:43","slug":"la-silicon-valley-avec-peter-thiel-adopte-le-nationalisme-chretien-de-donald-trump-par-alfredo-jalife-rahme","status":"publish","type":"post","link":"https:\/\/monde25.info\/index.php\/2025\/10\/21\/la-silicon-valley-avec-peter-thiel-adopte-le-nationalisme-chretien-de-donald-trump-par-alfredo-jalife-rahme\/","title":{"rendered":"La Silicon Valley, avec Peter Thiel, adopte le \u00ab nationalisme chr\u00e9tien \u00bb de Donald Trump, par Alfredo Jalife-Rahme"},"content":{"rendered":"<p> <br \/>\n<\/p>\n<div>\n<div class=\"spip_document_250659 spip_document spip_documents spip_document_image spip_documents_center spip_document_center spip_document_avec_legende\" data-legende-len=\"241\" data-legende-lenx=\"xxx\">\n<figure class=\"spip_doc_inner\">\n<img loading=\"lazy\" decoding=\"async\" src=\"https:\/\/www.voltairenet.org\/local\/cache-vignettes\/L500xH298\/006o1pol-1-6f041.jpg?1761028115\" width=\"500\" height=\"298\" alt=\"\"\/><figcaption class=\"spip_doc_legende\">\n<p><strong>Le super-milliardaire Peter Thiel a qualifi\u00e9 de \u00ab\u00a0l\u00e9gionnaires de l\u2019Ant\u00e9christ\u00a0\u00bb ceux qui critiquent l\u2019intelligence artificielle \u00e0  Silicon Valley. La s\u00e9rie de t\u00e9l\u00e9vision \u00ab\u00a0South Park\u00a0\u00bb a r\u00e9alis\u00e9 une parodie de la chose.<br \/>\n<\/strong><\/p>\n<\/figcaption><\/figure>\n<\/div>\n<p>Aujourd\u2019hui, un conflit g\u00e9ostrat\u00e9gique oppose les trois plus grandes puissances de la Voie lact\u00e9e qui configurent la \u00ab\u00a0stabilit\u00e9 strat\u00e9gique\u00a0\u00bb \u2013 \u00c9tats-Unis\/Russie\/Chine \u2013, auxquelles pourrait tr\u00e8s bien s\u2019ajouter l\u2019Inde gr\u00e2ce \u00e0 sa nouvelle adh\u00e9sion au concept RIC de Primakov (Russie\/Inde\/Chine), ce qui, en somme, nous donnerait un nouvel ordre t\u00e9trapolaire.<\/p>\n<p>En Occident, principalement dans l\u2019anglosph\u00e8re dirig\u00e9e par les \u00c9tats-Unis et l\u2019Union europ\u00e9enne, se joue une v\u00e9ritable bataille cosmogonique et th\u00e9ologique entre le d\u00e9clin de la sorosocratie mondialiste<span class=\"spip_note_ref\">\u00a0[<a target=\"_blank\" href=\"#nb1\" class=\"spip_note\" rel=\"appendix\" title=\"\u00ab Los globalistas de Davos y su \u201cgran reset\u201d digit\u00e1lico \u201cpost-Trump\u201d : el\u00a0(\u2026)\" id=\"nh1\">1<\/a>]<\/span> du Forum \u00e9conomique mondial de Davos, dont le pr\u00e9sident par int\u00e9rim est Larry Fink, grand patron de BlackRock<span class=\"spip_note_ref\">\u00a0[<a target=\"_blank\" href=\"#nb2\" class=\"spip_note\" rel=\"appendix\" title=\"\u00ab Statement from Larry Fink and Andr\u00e9 Hoffmann, Interim Co-Chairs of the\u00a0(\u2026)\" id=\"nh2\">2<\/a>]<\/span>, avec son Agenda 2030\/woke\/vert controvers\u00e9, et le retour du \u00ab\u00a0nationalisme chr\u00e9tien\u00a0\u00bb de type souverainiste\/reaganien avec son <i>Project Heritage 2025<\/i><span class=\"spip_note_ref\">\u00a0[<a target=\"_blank\" href=\"#nb3\" class=\"spip_note\" rel=\"appendix\" title=\"\u00ab Proyecto 2025 : la revoluci\u00f3n dom\u00e9stica de Trump, seg\u00fan Steve Bannon \u00bb,\u00a0(\u2026)\" id=\"nh3\">3<\/a>]<\/span>.<\/p>\n<p>Le multimillionnaire germano-am\u00e9ricain Peter Thiel (PT) a donn\u00e9 \u00e0 San Francisco quatre conf\u00e9rences \u00ab\u00a0priv\u00e9es\u00a0\u00bb \u00e0 caract\u00e8re apocalyptique\/eschatologique \u2013 dont le contenu a \u00e9t\u00e9 divulgu\u00e9 par le <i>Washington Post<\/i> (WP<span class=\"spip_note_ref\">\u00a0[<a target=\"_blank\" href=\"#nb4\" class=\"spip_note\" rel=\"appendix\" title=\"\u00ab Inside billionaire Peter Thiel\u2019s private lectures : Warnings of \u2018the\u00a0(\u2026)\" id=\"nh4\">4<\/a>]<\/span>) \u2013 dans lesquelles il fustige les d\u00e9tracteurs de l\u2019intelligence artificielle (IA) de la Silicon Valley, qu\u2019il qualifie de \u00ab\u00a0l\u00e9gionnaires de l\u2019Ant\u00e9christ\u00a0\u00bb.<\/p>\n<p>Thiel, 58 ans, cofondateur de Palantir Technologies, PayPal, Founders Fund et investisseur externe de Facebook, avec une fortune de 26 milliards de dollars, est le grand alli\u00e9 du vice-pr\u00e9sident JD Vance<span class=\"spip_note_ref\">\u00a0[<a target=\"_blank\" href=\"#nb5\" class=\"spip_note\" rel=\"appendix\" title=\"\u00ab Inside the powerful Peter Thiel network that anointed JD Vance \u00bb,\u00a0(\u2026)\" id=\"nh5\">5<\/a>]<\/span>\u00a0: un \u00ab\u00a0nationaliste chr\u00e9tien\u00a0\u00bb de la g\u00e9n\u00e9ration Y et mentor de Charlie Kirk, assassin\u00e9 r\u00e9cemment.<\/p>\n<p>Peter Thiel fustige Greta Thunberg, notoire adepte de la sorosocratie mondialiste, et Eliezer Yudkowsky, critique de la d\u00e9r\u00e9glementation de l\u2019IA dans la Silicon Valley, qu\u2019il qualifie de \u00ab\u00a0thurif\u00e9raires de l\u2019Ant\u00e9christ du XXIe si\u00e8cle\u00a0\u00bb. Gerrit de Vynck du <i>Washington Post<\/i> ne manque pas de souligner que les conf\u00e9rences de Peter Thiel \u00ab\u00a0co\u00efncident avec la mont\u00e9e du nationalisme chr\u00e9tien aux \u00c9tats-Unis<span class=\"spip_note_ref\">\u00a0[<a target=\"_blank\" href=\"#nb6\" class=\"spip_note\" rel=\"appendix\" title=\"\u00ab Kirk\u2019s memorial was an emblem of the Trump era \u2014 and a sign of what\u2019s\u00a0(\u2026)\" id=\"nh6\">6<\/a>]<\/span>\u00a0\u00bb. Gerrit de Vynck commente que \u00ab\u00a0les chr\u00e9tiens ont diff\u00e9rentes interpr\u00e9tations de l\u2019Ant\u00e9christ biblique, mais son image est souvent comprise comme celle d\u2019un adversaire de Dieu, qui appara\u00eet \u00e0 la fin des temps\u00a0\u00bb.<\/p>\n<p>Reuters, porte-parole de l\u2019anglosph\u00e8re, avait d\u00e9j\u00e0 expos\u00e9 une partie des conf\u00e9rences de Peter Thiel \u00e0 San Francisco, ajoutant que l\u2019actuel partisan de Trump avait sugg\u00e9r\u00e9 \u00e0 son ancien partenaire Elon Musk de ne pas tomber dans le pi\u00e8ge na\u00eff de donner sa fortune \u00e0 \u00ab\u00a0des organisations \u00e0 but non lucratif de gauche qui seraient s\u00e9lectionn\u00e9es par Bill Gates, selon lui l\u2019un des dirigeants du gouvernement mondial<span class=\"spip_note_ref\">\u00a0[<a target=\"_blank\" href=\"#nb7\" class=\"spip_note\" rel=\"appendix\" title=\"\u00ab Exclusive : Peter Thiel in talk on \u2019Antichrist\u2019 says he told Elon Musk not\u00a0(\u2026)\" id=\"nh7\">7<\/a>]<\/span>\u00a0\u00bb et le plus proche de l\u2019\u00ab\u00a0Ant\u00e9christ\u00a0\u00bb.<\/p>\n<p>Selon Gerrit de Vynck, \u00ab\u00a0l\u2019un des leaders les plus influents de l\u2019industrie de l\u2019IA r\u00e9siste \u00e0 la surveillance du d\u00e9veloppement technologique comme une bataille religieuse qui pourrait intensifier la croisade de l\u2019industrie\u00a0\u00bb, ce qui attire l\u2019attention comme \u00ab\u00a0une d\u00e9monstration convaincante de religiosit\u00e9 dans une industrie qui a toujours \u00e9t\u00e9 la\u00efque. Le christianisme s\u2019impose depuis peu avec une pr\u00e9sence significative dans certains cercles technologiques influents, en partie gr\u00e2ce \u00e0 ACTS 17 Collective, une organisation \u00e0 but non lucratif qui se consacre \u00e0 la diffusion des principes chr\u00e9tiens au sein de l\u2019industrie technologique qui a organis\u00e9 les conf\u00e9rences de Thiel\u00a0\u00bb.<\/p>\n<p>\u00c0 propos, ACTS 17 Collective tire son nom d\u2019ACTS 17 (Actes des Ap\u00f4tres 17), le texte qui relate les pr\u00eaches de l\u2019ap\u00f4tre Paul aux \u00e9lites d\u2019Ath\u00e8nes<span class=\"spip_note_ref\">\u00a0[<a target=\"_blank\" href=\"#nb8\" class=\"spip_note\" rel=\"appendix\" title=\"\u00ab Peter Thiel is delivering 4 private sold-out lectures at a club in San\u00a0(\u2026)\" id=\"nh8\">8<\/a>]<\/span>. ACTS 17 est aussi l\u2019acronyme de Acknowledging Christ in Technology and Society\u00a0: Reconna\u00eetre le Christ dans la technologie et la soci\u00e9t\u00e9.<\/p>\n<p>D\u00e8s mars dernier, Lauren Goode, du portail scientifique <i>Wired,<\/i> d\u00e9crivait les \u00ab\u00a0chr\u00e9tiens de la Silicon Valley comme ceux qui souhaitent construire le paradis sur terre<span class=\"spip_note_ref\">\u00a0[<a target=\"_blank\" href=\"#nb9\" class=\"spip_note\" rel=\"appendix\" title=\"\u00ab The Silicon Valley Christians Who Want to Build \u2018Heaven on Earth\u2019 \u00bb,\u00a0(\u2026)\" id=\"nh9\">9<\/a>]<\/span>\u00a0\u00bb. Gerrit de Vynck explique que Peter Thiele \u00ab\u00a0faisait partie d\u2019un r\u00e9seau d\u2019\u00e9lites technologiques qui ont contribu\u00e9 \u00e0 installer Vance, son prot\u00e9g\u00e9, au poste de vice-pr\u00e9sident\u00a0\u00bb.<\/p>\n<p>\u00c0 mon avis, l\u2019\u00ab\u00a0Ant\u00e9christ\u00a0\u00bb de Peter Thiele est une m\u00e9taphore manich\u00e9enne tr\u00e8s puissante pour la cosmogonie biblique aux \u00c9tats-Unis , qui a de profondes ramifications \u00e9lectorales.<\/p>\n<blockquote class=\"spip\">\n<p><strong>Apostille de la traductrice<\/strong>\u00a0: Yuval Hariri, consid\u00e9r\u00e9 par Isra\u00ebl comme l\u2019homme le plus intelligent de la plan\u00e8te, tient absolument \u00e0 brider l\u2019intelligence artificielle, pour des raisons politiques, et ce sont des catholiques qui d\u00e9noncent ce viol de la rationalit\u00e9. Cf. \u00ab\u00a0<a target=\"_blank\" href=\"https:\/\/plumenclume.com\/2023\/05\/23\/yuval-hariri-et-lintelligence-artificielle-par-e-michael-jones-21-mai-2023\/\" class=\"spip_out\" rel=\"external\">Yuval Harari et l\u2019intelligence artificielle<\/a>\u00a0\u00bb, E. Michael Jones, <i>La plume et l\u2019enclume<\/i>, 24 mai 2023.<\/p>\n<\/blockquote>\n<\/div>\n<p><br \/>\n<br \/><a href=\"https:\/\/www.voltairenet.org\/article223017.html\" target=\"_blank\"\">Source link <\/a><\/p>\n","protected":false},"excerpt":{"rendered":"<p>Le super-milliardaire Peter Thiel a qualifi\u00e9 de \u00ab\u00a0l\u00e9gionnaires de l\u2019Ant\u00e9christ\u00a0\u00bb ceux qui critiquent l\u2019intelligence artificielle \u00e0 Silicon Valley. La s\u00e9rie de t\u00e9l\u00e9vision \u00ab\u00a0South Park\u00a0\u00bb a r\u00e9alis\u00e9 une parodie de la&hellip; <\/p>\n","protected":false},"author":1,"featured_media":18026,"comment_status":"open","ping_status":"open","sticky":false,"template":"","format":"standard","meta":{"footnotes":""},"categories":[1],"tags":[],"class_list":["post-18025","post","type-post","status-publish","format-standard","has-post-thumbnail","hentry","category-non-classe"],"_links":{"self":[{"href":"https:\/\/monde25.info\/index.php\/wp-json\/wp\/v2\/posts\/18025","targetHints":{"allow":["GET"]}}],"collection":[{"href":"https:\/\/monde25.info\/index.php\/wp-json\/wp\/v2\/posts"}],"about":[{"href":"https:\/\/monde25.info\/index.php\/wp-json\/wp\/v2\/types\/post"}],"author":[{"embeddable":true,"href":"https:\/\/monde25.info\/index.php\/wp-json\/wp\/v2\/users\/1"}],"replies":[{"embeddable":true,"href":"https:\/\/monde25.info\/index.php\/wp-json\/wp\/v2\/comments?post=18025"}],"version-history":[{"count":0,"href":"https:\/\/monde25.info\/index.php\/wp-json\/wp\/v2\/posts\/18025\/revisions"}],"wp:featuredmedia":[{"embeddable":true,"href":"https:\/\/monde25.info\/index.php\/wp-json\/wp\/v2\/media\/18026"}],"wp:attachment":[{"href":"https:\/\/monde25.info\/index.php\/wp-json\/wp\/v2\/media?parent=18025"}],"wp:term":[{"taxonomy":"category","embeddable":true,"href":"https:\/\/monde25.info\/index.php\/wp-json\/wp\/v2\/categories?post=18025"},{"taxonomy":"post_tag","embeddable":true,"href":"https:\/\/monde25.info\/index.php\/wp-json\/wp\/v2\/tags?post=18025"}],"curies":[{"name":"wp","href":"https:\/\/api.w.org\/{rel}","templated":true}]}}