{"id":18030,"date":"2025-10-21T14:26:40","date_gmt":"2025-10-21T12:26:40","guid":{"rendered":"https:\/\/monde25.info\/index.php\/2025\/10\/21\/le-geant-petrolier-perenco-quitte-un-parc-naturel-au-guatemala\/"},"modified":"2025-10-21T14:26:40","modified_gmt":"2025-10-21T12:26:40","slug":"le-geant-petrolier-perenco-quitte-un-parc-naturel-au-guatemala","status":"publish","type":"post","link":"https:\/\/monde25.info\/index.php\/2025\/10\/21\/le-geant-petrolier-perenco-quitte-un-parc-naturel-au-guatemala\/","title":{"rendered":"Le g\u00e9ant p\u00e9trolier Perenco quitte un parc naturel au Guatemala"},"content":{"rendered":"<p> <br \/>\n<br \/><img loading=\"lazy\" decoding=\"async\" src=\"https:\/\/reporterre.net\/local\/cache-vignettes\/L700xH467\/dsc_2336-2-82e99.jpg?1761048680\" class=\"spip_logo\" width=\"700\" height=\"467\" alt=\"\" \/><\/p>\n<p>Voici une bonne nouvelle pour l&rsquo;Am\u00e9rique centrale et l&rsquo;environnement. Apr\u00e8s une vingtaine d&rsquo;ann\u00e9es \u00e0 exploiter un territoire \u00e0 la biodiversit\u00e9 rare, le g\u00e9ant p\u00e9trolier Perenco a quitt\u00e9 le Guatemala cet \u00e9t\u00e9, indique Le Monde. <br class=\"autobr\" \/><br \/>\nSitu\u00e9 au nord du pays, coinc\u00e9 contre la fronti\u00e8re avec le Mexique, le parc national Laguna del Tigre accueille la plus grande zone humide d&rsquo;eau douce d&rsquo;Am\u00e9rique centrale. Du haut de ses 338\u00a0000 hectares, c&rsquo;est l&rsquo;une des dix\u00a0aires de la r\u00e9serve de la biosph\u00e8re maya.\u00a0(\u2026)<\/p>\n<p>                    <a target=\"_blank\" href=\"https:\/\/reporterre.net\/Le-geant-petrolier-Perenco-quitte-un-parc-naturel-au-Guatemala?utm_source=RSS&amp;utm_medium=RSS\">Lire la suite<\/a><\/p>\n<p>                    &#8211;<br \/>\n                        <a target=\"_blank\" href=\"https:\/\/reporterre.net\/Breves-20\" rel=\"directory\">En bref<\/a><\/p>\n<p>                    \/<br \/>\n                        <a target=\"_blank\" href=\"https:\/\/reporterre.net\/Energie\" rel=\"tag\">\u00c9nergie<\/a><br \/>\n                    ,<br \/>\n                        <a target=\"_blank\" href=\"https:\/\/reporterre.net\/International\" rel=\"tag\">Monde<\/a><br \/>\n<br \/><br \/>\n<br \/><a href=\"https:\/\/reporterre.net\/Le-geant-petrolier-Perenco-quitte-un-parc-naturel-au-Guatemala\" target=\"_blank\"\">Source link <\/a><\/p>\n","protected":false},"excerpt":{"rendered":"<p>Voici une bonne nouvelle pour l&rsquo;Am\u00e9rique centrale et l&rsquo;environnement. Apr\u00e8s une vingtaine d&rsquo;ann\u00e9es \u00e0 exploiter un territoire \u00e0 la biodiversit\u00e9 rare, le g\u00e9ant p\u00e9trolier Perenco a quitt\u00e9 le Guatemala cet&hellip; <\/p>\n","protected":false},"author":1,"featured_media":0,"comment_status":"open","ping_status":"open","sticky":false,"template":"","format":"standard","meta":{"footnotes":""},"categories":[1],"tags":[],"class_list":["post-18030","post","type-post","status-publish","format-standard","hentry","category-non-classe"],"_links":{"self":[{"href":"https:\/\/monde25.info\/index.php\/wp-json\/wp\/v2\/posts\/18030","targetHints":{"allow":["GET"]}}],"collection":[{"href":"https:\/\/monde25.info\/index.php\/wp-json\/wp\/v2\/posts"}],"about":[{"href":"https:\/\/monde25.info\/index.php\/wp-json\/wp\/v2\/types\/post"}],"author":[{"embeddable":true,"href":"https:\/\/monde25.info\/index.php\/wp-json\/wp\/v2\/users\/1"}],"replies":[{"embeddable":true,"href":"https:\/\/monde25.info\/index.php\/wp-json\/wp\/v2\/comments?post=18030"}],"version-history":[{"count":0,"href":"https:\/\/monde25.info\/index.php\/wp-json\/wp\/v2\/posts\/18030\/revisions"}],"wp:attachment":[{"href":"https:\/\/monde25.info\/index.php\/wp-json\/wp\/v2\/media?parent=18030"}],"wp:term":[{"taxonomy":"category","embeddable":true,"href":"https:\/\/monde25.info\/index.php\/wp-json\/wp\/v2\/categories?post=18030"},{"taxonomy":"post_tag","embeddable":true,"href":"https:\/\/monde25.info\/index.php\/wp-json\/wp\/v2\/tags?post=18030"}],"curies":[{"name":"wp","href":"https:\/\/api.w.org\/{rel}","templated":true}]}}