{"id":18043,"date":"2025-10-21T18:50:34","date_gmt":"2025-10-21T16:50:34","guid":{"rendered":"https:\/\/monde25.info\/index.php\/2025\/10\/21\/grippe-aviaire-des-foyers-detectes-les-volailles-de-nouveau-confinees\/"},"modified":"2025-10-21T18:50:34","modified_gmt":"2025-10-21T16:50:34","slug":"grippe-aviaire-des-foyers-detectes-les-volailles-de-nouveau-confinees","status":"publish","type":"post","link":"https:\/\/monde25.info\/index.php\/2025\/10\/21\/grippe-aviaire-des-foyers-detectes-les-volailles-de-nouveau-confinees\/","title":{"rendered":"Grippe aviaire\u00a0: des foyers d\u00e9tect\u00e9s, les volailles de nouveau confin\u00e9es"},"content":{"rendered":"<p> <br \/>\n<br \/><img loading=\"lazy\" decoding=\"async\" src=\"https:\/\/reporterre.net\/local\/cache-vignettes\/L700xH525\/4647718949_7798737bcc_o_resized-633b9.jpg?1761064398\" class=\"spip_logo\" width=\"700\" height=\"525\" alt=\"\" \/><\/p>\n<p>C&rsquo;est le retour du confinement pour les volailles. Mardi 21\u00a0octobre, un arr\u00eat\u00e9 a \u00e9t\u00e9 publi\u00e9 au Journal officiel faisant \u00e9tat d&rsquo;une augmentation du risque de contamination par la grippe aviaire, qui passe de \u00ab<small class=\"fine d-inline\">\u00a0<\/small>mod\u00e9r\u00e9<small class=\"fine d-inline\">\u00a0<\/small>\u00bb \u00e0 \u00ab<small class=\"fine d-inline\">\u00a0<\/small>\u00e9lev\u00e9<small class=\"fine d-inline\">\u00a0<\/small>\u00bb. <br class=\"autobr\" \/><br \/>\nLes animaux doivent donc \u00eatre confin\u00e9s \u00ab<small class=\"fine d-inline\">\u00a0<\/small>consid\u00e9rant la dynamique de l&rsquo;infection par l&rsquo;influenza aviaire hautement pathog\u00e8ne dans les couloirs de migration traversant la France, avec la confirmation de cas sur la faune sauvage migratrice sur le territoire\u00a0(\u2026)<\/p>\n<p>                    <a target=\"_blank\" href=\"https:\/\/reporterre.net\/Grippe-aviaire-des-foyers-detectes-les-volailles-de-nouveau-confinees?utm_source=RSS&amp;utm_medium=RSS\">Lire la suite<\/a><\/p>\n<p>                    &#8211;<br \/>\n                        <a target=\"_blank\" href=\"https:\/\/reporterre.net\/Breves-20\" rel=\"directory\">En bref<\/a><\/p>\n<p>                    \/<br \/>\n                        <a target=\"_blank\" href=\"https:\/\/reporterre.net\/Animaux\" rel=\"tag\">Animaux<\/a><br \/>\n                    ,<br \/>\n                        <a target=\"_blank\" href=\"https:\/\/reporterre.net\/Sante\" rel=\"tag\">Sant\u00e9<\/a><br \/>\n<br \/><br \/>\n<br \/><a href=\"https:\/\/reporterre.net\/Grippe-aviaire-des-foyers-detectes-les-volailles-de-nouveau-confinees\" target=\"_blank\"\">Source link <\/a><\/p>\n","protected":false},"excerpt":{"rendered":"<p>C&rsquo;est le retour du confinement pour les volailles. Mardi 21\u00a0octobre, un arr\u00eat\u00e9 a \u00e9t\u00e9 publi\u00e9 au Journal officiel faisant \u00e9tat d&rsquo;une augmentation du risque de contamination par la grippe aviaire,&hellip; <\/p>\n","protected":false},"author":1,"featured_media":0,"comment_status":"open","ping_status":"open","sticky":false,"template":"","format":"standard","meta":{"footnotes":""},"categories":[1],"tags":[],"class_list":["post-18043","post","type-post","status-publish","format-standard","hentry","category-non-classe"],"_links":{"self":[{"href":"https:\/\/monde25.info\/index.php\/wp-json\/wp\/v2\/posts\/18043","targetHints":{"allow":["GET"]}}],"collection":[{"href":"https:\/\/monde25.info\/index.php\/wp-json\/wp\/v2\/posts"}],"about":[{"href":"https:\/\/monde25.info\/index.php\/wp-json\/wp\/v2\/types\/post"}],"author":[{"embeddable":true,"href":"https:\/\/monde25.info\/index.php\/wp-json\/wp\/v2\/users\/1"}],"replies":[{"embeddable":true,"href":"https:\/\/monde25.info\/index.php\/wp-json\/wp\/v2\/comments?post=18043"}],"version-history":[{"count":0,"href":"https:\/\/monde25.info\/index.php\/wp-json\/wp\/v2\/posts\/18043\/revisions"}],"wp:attachment":[{"href":"https:\/\/monde25.info\/index.php\/wp-json\/wp\/v2\/media?parent=18043"}],"wp:term":[{"taxonomy":"category","embeddable":true,"href":"https:\/\/monde25.info\/index.php\/wp-json\/wp\/v2\/categories?post=18043"},{"taxonomy":"post_tag","embeddable":true,"href":"https:\/\/monde25.info\/index.php\/wp-json\/wp\/v2\/tags?post=18043"}],"curies":[{"name":"wp","href":"https:\/\/api.w.org\/{rel}","templated":true}]}}