{"id":18046,"date":"2025-10-21T19:56:45","date_gmt":"2025-10-21T17:56:45","guid":{"rendered":"https:\/\/monde25.info\/index.php\/2025\/10\/21\/la-france-et-lespagne-reaffirment-leur-soutien-a-linterdiction-des-voitures-thermiques-neuves-en-2035\/"},"modified":"2025-10-21T19:56:45","modified_gmt":"2025-10-21T17:56:45","slug":"la-france-et-lespagne-reaffirment-leur-soutien-a-linterdiction-des-voitures-thermiques-neuves-en-2035","status":"publish","type":"post","link":"https:\/\/monde25.info\/index.php\/2025\/10\/21\/la-france-et-lespagne-reaffirment-leur-soutien-a-linterdiction-des-voitures-thermiques-neuves-en-2035\/","title":{"rendered":"La France et l&rsquo;Espagne r\u00e9affirment leur soutien \u00e0 l&rsquo;interdiction des voitures thermiques neuves en 2035"},"content":{"rendered":"<p> <br \/>\n<\/p>\n<div>\n<p>La France et l&rsquo;Espagne ont r\u00e9affirm\u00e9 mardi leur soutien \u00e0 l&rsquo;interdiction, pr\u00e9vue pour 2035, de la vente de voitures neuves \u00e0 moteur thermique dans l&rsquo;Union europ\u00e9enne, une mesure d\u00e9cid\u00e9e il y a plusieurs ann\u00e9es par Bruxelles mais que l&rsquo;Allemagne tente par tous les moyens de remettre en cause alors m\u00eame que Donald Trump lui, soutient les voitures thermiques, d\u00e9non\u00e7ant les normes pro-\u00e9lectriques comme un \u00ab\u00a0mandat\u00a0\u00bb nuisant \u00e0 l&rsquo;industrie auto et \u00e0 la libert\u00e9 de choix. Depuis cette ann\u00e9e, il a d&rsquo;ailleurs suspendu les fonds pour les bornes EV, assoupli les normes et bloqu\u00e9 l&rsquo;interdiction des thermiques en Californie.<\/p>\n<p>Cette mesure, europ\u00e9enne consid\u00e9r\u00e9e comme la plus embl\u00e9matique du Pacte vert europ\u00e9en, est de plus en plus contest\u00e9e par les constructeurs automobiles, qui r\u00e9clament \u00e0 cor et \u00e0 cri un assouplissement des r\u00e8gles.<\/p>\n<p>\u00c0 ce stade, la Commission europ\u00e9enne assure maintenir le cap, mais la pression monte\u00a0: la loi actuelle pr\u00e9voyait de r\u00e9\u00e9valuer la mesure et ses impacts en 2026. L&rsquo;ex\u00e9cutif europ\u00e9en a promis de se pencher sur le sujet d\u00e8s la fin de l&rsquo;ann\u00e9e.<\/p>\n<p>Les industriels esp\u00e8rent que la r\u00e9\u00e9valuation du texte permettra au minimum d&rsquo;introduire des flexibilit\u00e9s, voire de lever tout bonnement cette interdiction.<\/p>\n<p>Le chancelier allemand a jet\u00e9 un pav\u00e9 dans la mare d\u00e9but octobre en s&rsquo;engageant \u00e0 \u00ab\u00a0tout faire\u00a0\u00bb pour lever l&rsquo;interdiction de vente de voitures thermiques en 2035, ce \u00e0 quoi la France et l&rsquo;Espagne s&rsquo;opposent.<\/p>\n<p>Dans une missive r\u00e9v\u00e9l\u00e9e par le m\u00e9dia Contexte et consult\u00e9e par l&rsquo;AFP, les deux pays assurent que la r\u00e9vision pr\u00e9vue par la Commission ne devra \u00ab\u00a0en aucun cas remettre en cause l&rsquo;objectif de z\u00e9ro \u00e9mission\u00a0\u00bb pour 2035.<\/p>\n<p>\u00ab\u00a0L&rsquo;\u00e9ch\u00e9ance de 2035 est un rep\u00e8re essentiel pour le secteur automobile\u00a0\u00bb, plaident-ils.\u00a0Les deux pays affirment soutenir \u00ab\u00a0des flexibilit\u00e9s\u00a0\u00bb pour le secteur, \u00e0 condition qu&rsquo;ils profitent \u00e0 l&rsquo;industrie automobile europ\u00e9enne.<\/p>\n<p>Cette lettre sera au menu de discussions entre les 27 ministres de l&rsquo;Environnement, mardi en fin d&rsquo;apr\u00e8s-midi.<\/p>\n<p>Ces \u00e9changes ont lieu en plein virage pro-business au sein de l&rsquo;Union europ\u00e9enne, via notamment la r\u00e9vision de nombreuses mesures environnementales adopt\u00e9es lors du pr\u00e9c\u00e9dent mandat d&rsquo;Ursula von der Leyen.<\/p>\n<\/div>\n<p><script>(function(d, s, id) {  var js, fjs = d.getElementsByTagName(s)[0];  if (d.getElementById(id)) return;  js = d.createElement(s); js.id = id;  js.src = \"\/\/connect.facebook.net\/fr_FR\/sdk.js#xfbml=1&version=v2.3\";  fjs.parentNode.insertBefore(js, fjs);}(document, \"script\", \"facebook-jssdk\"));<\/script><br \/>\n<br \/><br \/>\n<br \/><a href=\"https:\/\/www.francesoir.fr\/societe-environnement\/la-france-et-l-espagne-reaffirment-leur-soutien-l-interdiction-des-voitures\" target=\"_blank\"\">Source link <\/a><\/p>\n","protected":false},"excerpt":{"rendered":"<p>La France et l&rsquo;Espagne ont r\u00e9affirm\u00e9 mardi leur soutien \u00e0 l&rsquo;interdiction, pr\u00e9vue pour 2035, de la vente de voitures neuves \u00e0 moteur thermique dans l&rsquo;Union europ\u00e9enne, une mesure d\u00e9cid\u00e9e il&hellip; <\/p>\n","protected":false},"author":1,"featured_media":18047,"comment_status":"open","ping_status":"open","sticky":false,"template":"","format":"standard","meta":{"footnotes":""},"categories":[1],"tags":[],"class_list":["post-18046","post","type-post","status-publish","format-standard","has-post-thumbnail","hentry","category-non-classe"],"_links":{"self":[{"href":"https:\/\/monde25.info\/index.php\/wp-json\/wp\/v2\/posts\/18046","targetHints":{"allow":["GET"]}}],"collection":[{"href":"https:\/\/monde25.info\/index.php\/wp-json\/wp\/v2\/posts"}],"about":[{"href":"https:\/\/monde25.info\/index.php\/wp-json\/wp\/v2\/types\/post"}],"author":[{"embeddable":true,"href":"https:\/\/monde25.info\/index.php\/wp-json\/wp\/v2\/users\/1"}],"replies":[{"embeddable":true,"href":"https:\/\/monde25.info\/index.php\/wp-json\/wp\/v2\/comments?post=18046"}],"version-history":[{"count":0,"href":"https:\/\/monde25.info\/index.php\/wp-json\/wp\/v2\/posts\/18046\/revisions"}],"wp:featuredmedia":[{"embeddable":true,"href":"https:\/\/monde25.info\/index.php\/wp-json\/wp\/v2\/media\/18047"}],"wp:attachment":[{"href":"https:\/\/monde25.info\/index.php\/wp-json\/wp\/v2\/media?parent=18046"}],"wp:term":[{"taxonomy":"category","embeddable":true,"href":"https:\/\/monde25.info\/index.php\/wp-json\/wp\/v2\/categories?post=18046"},{"taxonomy":"post_tag","embeddable":true,"href":"https:\/\/monde25.info\/index.php\/wp-json\/wp\/v2\/tags?post=18046"}],"curies":[{"name":"wp","href":"https:\/\/api.w.org\/{rel}","templated":true}]}}