{"id":18054,"date":"2025-10-21T22:41:35","date_gmt":"2025-10-21T20:41:35","guid":{"rendered":"https:\/\/monde25.info\/index.php\/2025\/10\/21\/12-jours-de-voiture-par-personne-et-par-an-cette-mesure-qui-divise-lallemagne\/"},"modified":"2025-10-21T22:41:35","modified_gmt":"2025-10-21T20:41:35","slug":"12-jours-de-voiture-par-personne-et-par-an-cette-mesure-qui-divise-lallemagne","status":"publish","type":"post","link":"https:\/\/monde25.info\/index.php\/2025\/10\/21\/12-jours-de-voiture-par-personne-et-par-an-cette-mesure-qui-divise-lallemagne\/","title":{"rendered":"12 jours de voiture par personne et par an, cette mesure qui divise l&#039;Allemagne"},"content":{"rendered":"<p> <br \/>\n<br \/><img loading=\"lazy\" decoding=\"async\" src=\"https:\/\/reporterre.net\/local\/cache-vignettes\/L700xH467\/015_paullouis_godier_reporterre-ca80c.jpg?1761056086\" class=\"spip_logo\" width=\"700\" height=\"467\" alt=\"\" \/><\/p>\n<p>Une initiative citoyenne berlinoise tente de limiter dans la ville l&rsquo;utilisation de la voiture \u00e0 douze jours par an. L&rsquo;id\u00e9e, soutenue par une partie de la gauche et des \u00e9cologistes, est loin de faire l&rsquo;unanimit\u00e9. <br class=\"autobr\" \/><br \/>\nBerlin (Allemagne), correspondance <br class=\"autobr\" \/><br \/>\nL&rsquo;id\u00e9e a de quoi \u00eatre radicale\u00a0: utiliser sa voiture seulement douze jours par an. Dans la capitale allemande, l&rsquo;initiative citoyenne Berlin Autofrei tente depuis plusieurs mois de pr\u00e9parer un r\u00e9f\u00e9rendum pour une capitale litt\u00e9ralement \u00ab<small class=\"fine d-inline\">\u00a0<\/small>sans\u00a0(\u2026)<\/p>\n<p>                    <a target=\"_blank\" href=\"https:\/\/reporterre.net\/A-Berlin-la-bataille-fait-rage-pour-une-ville-sans-voiture?utm_source=RSS&amp;utm_medium=RSS\">Lire la suite<\/a><\/p>\n<p>                    &#8211;<br \/>\n                        <a target=\"_blank\" href=\"https:\/\/reporterre.net\/Autres-infos\" rel=\"directory\">Info<\/a><\/p>\n<p>                    \/<br \/>\n                        <a target=\"_blank\" href=\"https:\/\/reporterre.net\/Transports\" rel=\"tag\">Transports<\/a><br \/>\n                    ,<br \/>\n                        <a target=\"_blank\" href=\"https:\/\/reporterre.net\/Alternatives\" rel=\"tag\">Alternatives<\/a><br \/>\n<br \/><br \/>\n<br \/><a href=\"https:\/\/reporterre.net\/A-Berlin-la-bataille-fait-rage-pour-une-ville-sans-voiture\" target=\"_blank\"\">Source link <\/a><\/p>\n","protected":false},"excerpt":{"rendered":"<p>Une initiative citoyenne berlinoise tente de limiter dans la ville l&rsquo;utilisation de la voiture \u00e0 douze jours par an. L&rsquo;id\u00e9e, soutenue par une partie de la gauche et des \u00e9cologistes,&hellip; <\/p>\n","protected":false},"author":1,"featured_media":0,"comment_status":"open","ping_status":"open","sticky":false,"template":"","format":"standard","meta":{"footnotes":""},"categories":[1],"tags":[],"class_list":["post-18054","post","type-post","status-publish","format-standard","hentry","category-non-classe"],"_links":{"self":[{"href":"https:\/\/monde25.info\/index.php\/wp-json\/wp\/v2\/posts\/18054","targetHints":{"allow":["GET"]}}],"collection":[{"href":"https:\/\/monde25.info\/index.php\/wp-json\/wp\/v2\/posts"}],"about":[{"href":"https:\/\/monde25.info\/index.php\/wp-json\/wp\/v2\/types\/post"}],"author":[{"embeddable":true,"href":"https:\/\/monde25.info\/index.php\/wp-json\/wp\/v2\/users\/1"}],"replies":[{"embeddable":true,"href":"https:\/\/monde25.info\/index.php\/wp-json\/wp\/v2\/comments?post=18054"}],"version-history":[{"count":0,"href":"https:\/\/monde25.info\/index.php\/wp-json\/wp\/v2\/posts\/18054\/revisions"}],"wp:attachment":[{"href":"https:\/\/monde25.info\/index.php\/wp-json\/wp\/v2\/media?parent=18054"}],"wp:term":[{"taxonomy":"category","embeddable":true,"href":"https:\/\/monde25.info\/index.php\/wp-json\/wp\/v2\/categories?post=18054"},{"taxonomy":"post_tag","embeddable":true,"href":"https:\/\/monde25.info\/index.php\/wp-json\/wp\/v2\/tags?post=18054"}],"curies":[{"name":"wp","href":"https:\/\/api.w.org\/{rel}","templated":true}]}}