{"id":18057,"date":"2025-10-21T23:47:50","date_gmt":"2025-10-21T21:47:50","guid":{"rendered":"https:\/\/monde25.info\/index.php\/2025\/10\/21\/facebook-veut-utiliser-les-contenus-stockes-dans-les-telephones-de-ses-utilisateurs-pour-entrainer-lia\/"},"modified":"2025-10-21T23:47:50","modified_gmt":"2025-10-21T21:47:50","slug":"facebook-veut-utiliser-les-contenus-stockes-dans-les-telephones-de-ses-utilisateurs-pour-entrainer-lia","status":"publish","type":"post","link":"https:\/\/monde25.info\/index.php\/2025\/10\/21\/facebook-veut-utiliser-les-contenus-stockes-dans-les-telephones-de-ses-utilisateurs-pour-entrainer-lia\/","title":{"rendered":"Facebook veut utiliser les contenus stock\u00e9s dans les t\u00e9l\u00e9phones de ses utilisateurs pour entra\u00eener l\u2019IA"},"content":{"rendered":"<p> <br \/>\n<\/p>\n<div>\n<p>Pour alimenter son IA, Facebook et sa maison m\u00e8re Meta ne reculent plus devant rien. Quitte \u00e0 fouiller dans votre t\u00e9l\u00e9phone afin de, \u00e0 terme, utiliser vos images pour entra\u00eener son intelligence artificielle. La fonctionnalit\u00e9 a \u00e9t\u00e9 lanc\u00e9e en Am\u00e9rique du Nord, suscitant des inqui\u00e9tudes en mati\u00e8re de confidentialit\u00e9 et de respect de la vie priv\u00e9e.<\/p>\n<p>Entre 2024 et 2025, Meta a progressivement d\u00e9ploy\u00e9 plusieurs mesures visant \u00e0 utiliser les contenus des utilisateurs de ses plateformes Facebook, Instagram, Messenger et WhatsApp pour entra\u00eener ses intelligences artificielles. D\u00e8s l\u2019\u00e9t\u00e9 2024, Meta avait d\u2019abord annonc\u00e9 son intention de s\u2019appuyer sur les publications publiques des utilisateurs europ\u00e9ens pour am\u00e9liorer ses mod\u00e8les d\u2019IA, notamment LLaMA. Ce projet fut rapidement suspendu apr\u00e8s les interventions de la Data Protection Commission (DPC) irlandaise et de la CNIL fran\u00e7aise, qui jugeaient la base juridique et la transparence du traitement incompatibles avec le RGPD.<span class=\"Apple-converted-space\">\u00a0<\/span><\/p>\n<p><strong>Meta pousse \u00e0 la publication des contenus priv\u00e9s<\/strong><\/p>\n<p>Moins d\u2019un an plus tard, la soci\u00e9t\u00e9 californienne est revenue \u00e0 la charge, officialisant le lancement de cette politique en Europe. \u00c0 ce stade, ce sont les contenus publics, que ce soit des textes, des photos, des commentaires ou toute r\u00e9action publique publi\u00e9e par les utilisateurs adultes de Facebook et Instagram qui serviront d\u00e9sormais \u00e0 l\u2019entra\u00eenement de ses mod\u00e8les d\u2019intelligence artificielle.<span class=\"Apple-converted-space\">\u00a0<\/span><\/p>\n<p>C\u2019est en mai dernier que la mise en \u0153uvre effective a commenc\u00e9. Meta a notifi\u00e9 ses utilisateurs europ\u00e9ens via des messages ou des courriels, les informant qu\u2019ils pouvaient refuser l\u2019usage de leurs donn\u00e9es gr\u00e2ce \u00e0 un formulaire d\u2019opposition. S\u2019ils ne remplissent pas ce formulaire, leurs contenus publics sont automatiquement inclus dans l\u2019entra\u00eenement des mod\u00e8les d\u2019IA, en vertu d\u2019un \u201cint\u00e9r\u00eat l\u00e9gitime\u201d d\u00e9fini par le RGPD.<\/p>\n<p>En parall\u00e8le, Meta\u202fAI, son assistant conversationnel a \u00e9t\u00e9 progressivement int\u00e9gr\u00e9 \u00e0 Facebook, Instagram et WhatsApp. Les interactions avec ce chatbot sont elles aussi enregistr\u00e9es et utilis\u00e9es pour am\u00e9liorer le syst\u00e8me.<span class=\"Apple-converted-space\">\u00a0<\/span><\/p>\n<p>Un nouveau cap est en train d\u2019\u00eatre franchi puisque la nouvelle fonctionnalit\u00e9 de Meta ne cible pas que les contenus publics mais aussi priv\u00e9s. Cette fois-ci, Facebook ira chercher ces contenus dans les t\u00e9l\u00e9phones de ses utilisateurs.<span class=\"Apple-converted-space\">\u00a0<\/span><\/p>\n<p>Cet outil, d\u00e9j\u00e0 lanc\u00e9 aux \u00c9tats-Unis ainsi qu\u2019au Canada, propose des montages, des collages ou des effets pour rendre les images non exploit\u00e9es \u201cpubliables\u201d sur Facebook Stories ou le fil d\u2019actualit\u00e9. Dans son communiqu\u00e9, le groupe am\u00e9ricain justifie sa d\u00e9marche par le fait que les utilisateurs prennent plusieurs images pour immortaliser des moments de leur quotidien sans les partager.<span class=\"Apple-converted-space\">\u00a0<\/span><\/p>\n<p>Si cette m\u00e9thode est d\u00e9j\u00e0 utilis\u00e9e par de nombreuses plateformes comme Google Photos, celles-ci effectuent leurs traitements localement sur le t\u00e9l\u00e9phone. \u00c0 l\u2019oppos\u00e9 de Meta, dont la solution transf\u00e8re les images sur ses serveurs cloud.<span class=\"Apple-converted-space\">\u00a0<\/span><\/p>\n<p><strong>Les casseroles s\u2019entassent<\/strong><\/p>\n<p>Dans un communiqu\u00e9, Meta assure que ces contenus resteront priv\u00e9s et ne seront pas exploit\u00e9s \u00e0 des fins publicitaires ni pour un entra\u00eenement de ses mod\u00e8les de l\u2019IA. Sauf si les utilisateurs \u00e9ditent ses images avec l\u2019outil de Meta et les publient. \u201cCela signifie que les contenus de la pellicule t\u00e9l\u00e9charg\u00e9s via cette fonctionnalit\u00e9 pour faire des suggestions ne seront pas utilis\u00e9s pour am\u00e9liorer l\u2019IA de Meta. Des am\u00e9liorations de l\u2019IA de Meta ne pourront \u00eatre apport\u00e9es que si vous modifiez les suggestions avec nos outils d\u2019IA ou si vous les publiez sur Facebook\u201d, explique Mari Melguizo, porte-parole du groupe.<\/p>\n<p>Qui veut bien croire Mark Zuckerberg, ce baron de la data&#8230; \u00c0 ce stade, la fonctionnalit\u00e9 n\u2019est disponible qu\u2019en Am\u00e9rique du Nord. Les r\u00e8gles du RGPD retardent ainsi son lancement. La principale source de pr\u00e9occupations ne r\u00e9side pas uniquement dans l\u2019exploitation des contenus publics pour nourrir l\u2019IA, ou dans le fait de promouvoir, \u00e0 l\u2019aide d\u2019outils dynamiques, la diffusion de contenus priv\u00e9s afin de pousser leurs propri\u00e9taires \u00e0 les publier, mais dans le transit des images dans les serveurs de Meta.<span class=\"Apple-converted-space\">\u00a0<\/span><\/p>\n<p>En 2023, Meta a admis avoir entra\u00een\u00e9 ses mod\u00e8les avec des contenus publics de Facebook et Instagram dont la publication remontait \u00e0 2007.<span class=\"Apple-converted-space\">\u00a0 <\/span>La soci\u00e9t\u00e9 tra\u00eene une longue histoire de mensonges et de violations concernant la gestion des donn\u00e9es personnelles de ses utilisateurs. Le scandale le plus retentissant reste celui de Cambridge Analytica, o\u00f9 les informations de pr\u00e8s de 87\u00a0millions de comptes ont \u00e9t\u00e9 utilis\u00e9es \u00e0 des fins politiques sans consentement. Cette affaire a abouti \u00e0 des condamnations massives \u202f: 5\u202fmilliards\u202f$ d\u2019amende par la Federal Trade Commission (FTC) am\u00e9ricaine en 2019, 500\u00a0000\u00a0\u20ac au Royaume-Uni, et 725\u00a0millions\u00a0$ vers\u00e9s en 2022 pour solder les recours collectifs.<span class=\"Apple-converted-space\">\u00a0<\/span><\/p>\n<p>Depuis, Meta a multipli\u00e9 les d\u00e9faillances, entre fuites de millions de donn\u00e9es, amendes et sanctions pour violations des r\u00e8gles en mati\u00e8re de gestion de la data des utilisateurs, adultes ou mineurs, en Europe comme aux \u00c9tats-Unis.<span class=\"Apple-converted-space\">\u00a0<\/span><\/p>\n<\/div>\n<p><script>(function(d, s, id) {  var js, fjs = d.getElementsByTagName(s)[0];  if (d.getElementById(id)) return;  js = d.createElement(s); js.id = id;  js.src = \"\/\/connect.facebook.net\/fr_FR\/sdk.js#xfbml=1&version=v2.3\";  fjs.parentNode.insertBefore(js, fjs);}(document, \"script\", \"facebook-jssdk\"));<\/script><br \/>\n<br \/><br \/>\n<br \/><a href=\"https:\/\/www.francesoir.fr\/societe-science-tech\/facebook-veut-utiliser-les-contenus-stockes-dans-les-telephones-de-ses\" target=\"_blank\"\">Source link <\/a><\/p>\n","protected":false},"excerpt":{"rendered":"<p>Pour alimenter son IA, Facebook et sa maison m\u00e8re Meta ne reculent plus devant rien. Quitte \u00e0 fouiller dans votre t\u00e9l\u00e9phone afin de, \u00e0 terme, utiliser vos images pour entra\u00eener&hellip; <\/p>\n","protected":false},"author":1,"featured_media":18058,"comment_status":"open","ping_status":"open","sticky":false,"template":"","format":"standard","meta":{"footnotes":""},"categories":[1],"tags":[],"class_list":["post-18057","post","type-post","status-publish","format-standard","has-post-thumbnail","hentry","category-non-classe"],"_links":{"self":[{"href":"https:\/\/monde25.info\/index.php\/wp-json\/wp\/v2\/posts\/18057","targetHints":{"allow":["GET"]}}],"collection":[{"href":"https:\/\/monde25.info\/index.php\/wp-json\/wp\/v2\/posts"}],"about":[{"href":"https:\/\/monde25.info\/index.php\/wp-json\/wp\/v2\/types\/post"}],"author":[{"embeddable":true,"href":"https:\/\/monde25.info\/index.php\/wp-json\/wp\/v2\/users\/1"}],"replies":[{"embeddable":true,"href":"https:\/\/monde25.info\/index.php\/wp-json\/wp\/v2\/comments?post=18057"}],"version-history":[{"count":0,"href":"https:\/\/monde25.info\/index.php\/wp-json\/wp\/v2\/posts\/18057\/revisions"}],"wp:featuredmedia":[{"embeddable":true,"href":"https:\/\/monde25.info\/index.php\/wp-json\/wp\/v2\/media\/18058"}],"wp:attachment":[{"href":"https:\/\/monde25.info\/index.php\/wp-json\/wp\/v2\/media?parent=18057"}],"wp:term":[{"taxonomy":"category","embeddable":true,"href":"https:\/\/monde25.info\/index.php\/wp-json\/wp\/v2\/categories?post=18057"},{"taxonomy":"post_tag","embeddable":true,"href":"https:\/\/monde25.info\/index.php\/wp-json\/wp\/v2\/tags?post=18057"}],"curies":[{"name":"wp","href":"https:\/\/api.w.org\/{rel}","templated":true}]}}