{"id":18065,"date":"2025-10-22T02:32:40","date_gmt":"2025-10-22T00:32:40","guid":{"rendered":"https:\/\/monde25.info\/index.php\/2025\/10\/22\/elles-preservent-des-semences-en-solidarite-avec-la-palestine\/"},"modified":"2025-10-22T02:32:40","modified_gmt":"2025-10-22T00:32:40","slug":"elles-preservent-des-semences-en-solidarite-avec-la-palestine","status":"publish","type":"post","link":"https:\/\/monde25.info\/index.php\/2025\/10\/22\/elles-preservent-des-semences-en-solidarite-avec-la-palestine\/","title":{"rendered":"Elles pr\u00e9servent des semences en solidarit\u00e9 avec la Palestine"},"content":{"rendered":"<p> <br \/>\n<br \/><img loading=\"lazy\" decoding=\"async\" src=\"https:\/\/reporterre.net\/local\/cache-vignettes\/L700xH467\/longomai_semencespalestiennes_estelle_pereira-2_resized-a5ab7.jpg?1761055579\" class=\"spip_logo\" width=\"700\" height=\"467\" alt=\"\" \/><\/p>\n<p>Les paysannes et paysans du r\u00e9seau Longo Ma\u00ef font germer des semences palestiniennes. Une d\u00e9marche symbolique et un plaidoyer sur l&rsquo;urgence d&rsquo;une r\u00e9appropriation des savoir-faire autour de la reproduction des graines. <br class=\"autobr\" \/><br \/>\nLimans (Alpes-de-Haute-Provence), reportage <br class=\"autobr\" \/><br \/>\nDans la lumi\u00e8re douce d&rsquo;octobre, la serre de la ferme de la Grange Neuve, \u00e0 Limans, dans les Alpes-de-Haute-Provence, d\u00e9borde de courges et de courgettes aux teintes vertes et orang\u00e9es. Pench\u00e9e sur une table de tri o\u00f9 s&rsquo;\u00e9talait,\u00a0(\u2026)<\/p>\n<p>                    <a target=\"_blank\" href=\"https:\/\/reporterre.net\/elles-preservent-des-semences-en-solidarite-avec-la-Palestine?utm_source=RSS&amp;utm_medium=RSS\">Lire la suite<\/a><\/p>\n<p>                    &#8211;<br \/>\n                        <a target=\"_blank\" href=\"https:\/\/reporterre.net\/Reportage\" rel=\"directory\">Reportage<\/a><\/p>\n<p>                    \/<br \/>\n                        <a target=\"_blank\" href=\"https:\/\/reporterre.net\/Agriculture\" rel=\"tag\">Agriculture<\/a><br \/>\n                    ,<br \/>\n                        <a target=\"_blank\" href=\"https:\/\/reporterre.net\/Luttes\" rel=\"tag\">Luttes<\/a><br \/>\n<br \/><br \/>\n<br \/><a href=\"https:\/\/reporterre.net\/elles-preservent-des-semences-en-solidarite-avec-la-Palestine\" target=\"_blank\"\">Source link <\/a><\/p>\n","protected":false},"excerpt":{"rendered":"<p>Les paysannes et paysans du r\u00e9seau Longo Ma\u00ef font germer des semences palestiniennes. Une d\u00e9marche symbolique et un plaidoyer sur l&rsquo;urgence d&rsquo;une r\u00e9appropriation des savoir-faire autour de la reproduction des&hellip; <\/p>\n","protected":false},"author":1,"featured_media":0,"comment_status":"open","ping_status":"open","sticky":false,"template":"","format":"standard","meta":{"footnotes":""},"categories":[1],"tags":[],"class_list":["post-18065","post","type-post","status-publish","format-standard","hentry","category-non-classe"],"_links":{"self":[{"href":"https:\/\/monde25.info\/index.php\/wp-json\/wp\/v2\/posts\/18065","targetHints":{"allow":["GET"]}}],"collection":[{"href":"https:\/\/monde25.info\/index.php\/wp-json\/wp\/v2\/posts"}],"about":[{"href":"https:\/\/monde25.info\/index.php\/wp-json\/wp\/v2\/types\/post"}],"author":[{"embeddable":true,"href":"https:\/\/monde25.info\/index.php\/wp-json\/wp\/v2\/users\/1"}],"replies":[{"embeddable":true,"href":"https:\/\/monde25.info\/index.php\/wp-json\/wp\/v2\/comments?post=18065"}],"version-history":[{"count":0,"href":"https:\/\/monde25.info\/index.php\/wp-json\/wp\/v2\/posts\/18065\/revisions"}],"wp:attachment":[{"href":"https:\/\/monde25.info\/index.php\/wp-json\/wp\/v2\/media?parent=18065"}],"wp:term":[{"taxonomy":"category","embeddable":true,"href":"https:\/\/monde25.info\/index.php\/wp-json\/wp\/v2\/categories?post=18065"},{"taxonomy":"post_tag","embeddable":true,"href":"https:\/\/monde25.info\/index.php\/wp-json\/wp\/v2\/tags?post=18065"}],"curies":[{"name":"wp","href":"https:\/\/api.w.org\/{rel}","templated":true}]}}