{"id":18068,"date":"2025-10-22T03:38:40","date_gmt":"2025-10-22T01:38:40","guid":{"rendered":"https:\/\/monde25.info\/index.php\/2025\/10\/22\/lephemere-ombres-dun-pouvoir-qui-sefface\/"},"modified":"2025-10-22T03:38:40","modified_gmt":"2025-10-22T01:38:40","slug":"lephemere-ombres-dun-pouvoir-qui-sefface","status":"publish","type":"post","link":"https:\/\/monde25.info\/index.php\/2025\/10\/22\/lephemere-ombres-dun-pouvoir-qui-sefface\/","title":{"rendered":"L&rsquo;\u00e9ph\u00e9m\u00e8re : ombres d&rsquo;un pouvoir qui s&rsquo;efface"},"content":{"rendered":"<p> <br \/>\n<\/p>\n<div>\n<p>Imaginez un simple SMS, quelques lignes sur un \u00e9cran, effac\u00e9 d&rsquo;un geste machinal. Un instantan\u00e9 de pouvoir, un \u00e9change confidentiel qui pourrait remodeler les destin\u00e9es d&rsquo;un continent. C&rsquo;est l&rsquo;affaire des messages disparus d&rsquo;Ursula von der Leyen, pr\u00e9sidente de la Commission europ\u00e9enne. En 2021, au c\u0153ur des n\u00e9gociations pour des milliards de doses de vaccins Pfizer, ces \u00ab\u00a0<em>textos intimes<\/em>\u00a0\u00bb avec le PDG du g\u00e9ant pharmaceutique, Albert Bourla, se sont volatilis\u00e9s. Ni archiv\u00e9s, ni produits lors de l&rsquo;enqu\u00eate du Parquet europ\u00e9en en 2022. Et en 2025, le scandale \u00ab\u00a0UrsulaGate\u00a0\u00bb pour Fr\u00e9d\u00e9ric Baldan, et baptis\u00e9 \u00ab\u00a0<em>Pfizergate<\/em>\u00a0\u00bb par d\u2019autres, resurgit de plus belle : <strong>la Cour de justice de l&rsquo;Union europ\u00e9enne a statu\u00e9 en mai que la Commission <\/strong><a target=\"_blank\" href=\"https:\/\/www.europarl.europa.eu\/doceo\/document\/P-10-2025-003182_EN.html\"><strong>avait tort de refuser la divulgation de ces communications<\/strong><\/a><strong>, tandis que l&rsquo;ex\u00e9cutif europ\u00e9en a admis avoir examin\u00e9 ces textes avant de les laisser <\/strong><a target=\"_blank\" href=\"https:\/\/www.politico.eu\/article\/commission-reviewed-von-der-leyens-pfizergate-texts-then-let-them-disappear\/\"><strong>s&rsquo;\u00e9vaporer d\u00e9finitivement<\/strong><\/a>.<\/p>\n<p><a target=\"_blank\" href=\"https:\/\/www.francesoir.fr\/politique-monde\/ursulagate-blackout-medias-francais-desinformation-politico\"><img decoding=\"async\" alt=\"Silence des m\u00e9dias fran\u00e7ais\" width=\"663\" height=\"375\" class=\"align-center lazyload\" loading=\"lazy\" src=\"https:\/\/www.francesoir.fr\/sites\/default\/files\/styles\/max_1300x1300\/public\/2024-05\/FB%20DP%20silence.png?itok=WwaoB9Yx\"\/><\/a><\/p>\n<p>Pire, un nouveau cas \u00e9clate en septembre : des messages avec Emmanuel Macron sur l&rsquo;accord UE-Mercosur, eux aussi \u00e9vanouis dans les limbes num\u00e9riques, d\u00e9clenchant une <a target=\"_blank\" href=\"https:\/\/www.euronews.com\/my-europe\/2025\/09\/24\/mercosur-deal-von-der-leyen-being-probed-for-auto-deleting-macrons-text\">enqu\u00eate de l&rsquo;\u00e9thique europ\u00e9enne<\/a> \u2013 et en octobre, une d\u00e9cision de la Cour g\u00e9n\u00e9rale de l&rsquo;UE aggrave le coup, avec <a target=\"_blank\" href=\"https:\/\/www.courthousenews.com\/pfizergate-eu-court-ruling-goes-against-von-der-leyen\/\">deux motions de censure pr\u00eates \u00e0 frapper la Commission<\/a>. Effac\u00e9s ? Oubli\u00e9s ? Peu importe : <strong>ces fant\u00f4mes num\u00e9riques incarnent l&rsquo;\u00e9ph\u00e9m\u00e8re au c\u0153ur du pouvoir<\/strong>, o\u00f9 un clic peut rayer une trace d&rsquo;un scandale plan\u00e9taire.<\/p>\n<p>L&rsquo;\u00e9ph\u00e9m\u00e8re, cette notion baudelairienne du fugace \u2013 un p\u00e9tale qui s&rsquo;ouvre et se fane en un souffle \u2013, hante notre \u00e8re acc\u00e9l\u00e9r\u00e9e. Elle n&rsquo;est pas seulement po\u00e9tique ; elle est politique, existentielle. Dans un monde de \u00ab\u00a0stories\u00a0\u00bb Instagram qui s&rsquo;effacent en vingt-quatre heures, o\u00f9 nos confessions les plus intimes sont con\u00e7ues pour dispara\u00eetre, <strong>l&rsquo;\u00e9ph\u00e9m\u00e8re devient illusion de contr\u00f4le<\/strong>.\u00a0<\/p>\n<blockquote>\n<p>Nous pensons graver l&rsquo;Histoire ; elle, nous efface. De Bruxelles \u00e0 l&rsquo;\u00c9lys\u00e9e, de nos vies \u00e9ph\u00e9m\u00e8res \u00e0 l&rsquo;ombre cosmique de notre passage sur terre, explorons ces volets contrast\u00e9s : le politique, o\u00f9 l&rsquo;on supprime pour survivre, et l&rsquo;humain, o\u00f9 l&rsquo;on creuse pour d\u00e9fier le temps.<\/p>\n<\/blockquote>\n<p>\u00a0<\/p>\n<h5><strong>L\u2019\u00e9ph\u00e9m\u00e8re politique : effacer pour r\u00e9gner ?<\/strong><\/h5>\n<p>Dans les couloirs feutr\u00e9s de l&rsquo;Union europ\u00e9enne, Ursula von der Leyen n&rsquo;efface pas seulement des preuves ; elle nie l&#8217;empreinte d&rsquo;une d\u00e9cision qui a englouti des milliards d&rsquo;euros publics. Ces SMS fant\u00f4mes, n\u00e9s de n\u00e9gociations opaques pour 1,8 milliard de doses de vaccins, ne sont pas un bug isol\u00e9, mais une caract\u00e9ristique du pouvoir moderne. En les supprimant, la pr\u00e9sidente allemande transforme l&rsquo;\u00e9ph\u00e9m\u00e8re en arme strat\u00e9gique : ce qui n&rsquo;existe plus n&rsquo;a pas eu lieu. Le \u00ab\u00a0<a target=\"_blank\" href=\"https:\/\/www.francesoir.fr\/videos-les-debriefings\/UrsulaGates-un-des-livres-phare-de-2024\">UrsulaGates<\/a> \u00bb tra\u00eene ainsi depuis quatre ans, avec des <a target=\"_blank\" href=\"https:\/\/www.francesoir.fr\/politique-france\/motion-de-censure-contre-ursula-von-der-leyen-veritable-crise-de-confiance-au\">motions de censure<\/a> en octobre 2025 pr\u00eates \u00e0 frapper la Commission, aliment\u00e9es par ces disparitions r\u00e9currentes. Von der Leyen, \u00e9lue en 2019 comme <strong>un rempart de transparence, incarne l&rsquo;ironie<\/strong> : son mandat, cens\u00e9 ancrer l&rsquo;Europe dans une \u00e8re de responsabilit\u00e9, se dissout dans l&rsquo;oubli num\u00e9rique. L&rsquo;Histoire, impitoyable, jugera-t-elle ces silences comme une fraude \u00e9ph\u00e9m\u00e8re, ou comme la norme d&rsquo;une \u00e9lite qui efface ses pas pour perdurer ?<\/p>\n<p><a target=\"_blank\" href=\"https:\/\/www.francesoir.fr\/societe-faits-divers\/apres-pfizergate-l-ombre-d-un-nouveau-scandale-lie-des-sms-echanges-entre\"><img decoding=\"async\" data-entity-uuid=\"2b95b074-456b-47a0-b346-2e906749c64a\" data-entity-type=\"file\" alt=\"SMS Mercosur\" width=\"661\" height=\"457\" class=\"align-center lazyload\" loading=\"lazy\" src=\"https:\/\/www.francesoir.fr\/sites\/default\/files\/inline-images\/image_700.png\"\/><\/a><\/p>\n<p>Traversons la Manche \u2013 ou plut\u00f4t le Rhin \u2013 pour observer un \u00e9cho fran\u00e7ais. Emmanuel Macron, apr\u00e8s huit ans \u00e0 l&rsquo;\u00c9lys\u00e9e, illustre parfaitement cette fugacit\u00e9 du pouvoir. \u00c9lu en 2017 sur un vent de disruption, avec son \u00ab\u00a0<em>et moi, mes z&rsquo;olives<\/em>\u00a0\u00bb viral et sa promesse d&rsquo;une \u00ab\u00a0<em>start-up nation<\/em>\u00a0\u00bb, il a <strong>jur\u00e9 une empreinte ind\u00e9l\u00e9bile<\/strong>. Pourtant, en octobre 2025, son passage pr\u00e9sidentiel s&rsquo;effrite comme du sable entre les doigts. Les sondages sont impitoyables : selon Elabe, sa cote d&rsquo;approbation chute \u00e0 un niveau record, \u00e9galant l&rsquo;impopularit\u00e9 de Fran\u00e7ois Hollande, avec un recul de trois points en un mois. Statista confirme : m\u00eame pendant la crise des Gilets jaunes en 2018, Macron n&rsquo;avait pas sombr\u00e9 aussi bas (20 % alors ; aujourd&rsquo;hui, moins encore). Un barom\u00e8tre Odoxa pour Public S\u00e9nat, fin septembre, n&rsquo;enregistre que 22 % d&rsquo;opinions favorables, un nadir historique \u2013 <a target=\"_blank\" href=\"https:\/\/www.francesoir.fr\/politique-france\/les-francais-en-crise-de-confiance-entre-desillusion-economique-et-scepticisme\">et les chiffres d&rsquo;octobre enfoncent le clou<\/a> : sa cote de confiance plonge \u00e0 2 %, un record absolu pire <a target=\"_blank\" href=\"https:\/\/www.theguardian.com\/world\/2025\/oct\/17\/broken-promises-and-political-crises-how-emmanuel-macron-fell-from-french-favour\">qu&rsquo;en pleine crise des Gilets jaunes<\/a>.<\/p>\n<p>Huit ans de r\u00e9formes contest\u00e9es \u2013 retraites, ch\u00f4mage, Europe \u2013 n&rsquo;ont pas suffi \u00e0 s&rsquo;ancrer dans le c\u0153ur des Fran\u00e7ais. Sa pr\u00e9sence glisse vers l&rsquo;anonymat des ex-pr\u00e9sidents, un feu de paille \u00e9lys\u00e9en. Ce qui restera de son legs ? Plus d&rsquo;un millier de milliards d&rsquo;euros de dette suppl\u00e9mentaire \u2013 la dette publique passant de 2 281 milliards en 2017 \u00e0 3 345 milliards en mars 2025, un gonflement record \u00e0 plus de 114 % du PIB \u2013, <strong>une haine sans pr\u00e9c\u00e9dent envers les politiques et les \u00e9lites<\/strong>, cristallis\u00e9e dans les barom\u00e8tres du CEVIPOF qui r\u00e9v\u00e8lent un \u00ab\u00a0<em>grand d\u00e9sarroi d\u00e9mocratique<\/em>\u00a0\u00bb : seulement 40 % de confiance dans les d\u00e9put\u00e9s, 27 % dans le Premier ministre, et <strong>74 % des Fran\u00e7ais consid\u00e9rant les \u00e9lus comme corrompus<\/strong>, avec une exasp\u00e9ration m\u00ealant d\u00e9go\u00fbt (51 %) et col\u00e8re (46 %). Une forme d&rsquo;\u00a0\u00ab\u00a0<em>apr\u00e8s moi le d\u00e9luge<\/em>\u00a0\u00bb, cette formule louis-quatorzienne d&rsquo;irresponsabilit\u00e9 royale, o\u00f9 l&rsquo;ambition \u00e9lys\u00e9enne laisse un oc\u00e9an de dettes et de ranc\u0153urs aux g\u00e9n\u00e9rations suivantes. Hormis un virage radical \u2013 un \u00ab\u00a0<em>en m\u00eame temps<\/em>\u00a0\u00bb r\u00e9invent\u00e9 en empathie collective, loin des discours stratosph\u00e9riques \u2013, <strong>Macron restera dans l&rsquo;Histoire comme l&rsquo;\u00e9ph\u00e9m\u00e8re pur<\/strong> : celui qui a tromp\u00e9 par exc\u00e8s d&rsquo;ambition, un m\u00e9t\u00e9ore politique qui a illumin\u00e9 avant de s&rsquo;\u00e9teindre sans trace durable.<\/p>\n<p>Ces cas ne sont pas isol\u00e9s. Pensez aux WhatsApp effac\u00e9s des leaders europ\u00e9ens, de \u00ab\u00a0<em>Nokia-gate<\/em>\u00a0\u00bb aux \u00e9changes Covid supprim\u00e9s en mai 2025, o\u00f9 des d\u00e9cisions vitales pour des millions d&rsquo;Europ\u00e9ens s&rsquo;\u00e9vaporent d&rsquo;un mouvement du doigt pour esquiver les enqu\u00eates publiques ; ou \u00e0 la fuite Signal des strat\u00e8ges am\u00e9ricains en mars, o\u00f9 un chat \u00e9ph\u00e9m\u00e8re sur des frappes au Y\u00e9men atterrit par erreur chez un journaliste, avant que les traces ne s&rsquo;autod\u00e9truisent. Dans la politique 2.0, <strong>l&rsquo;\u00e9ph\u00e9m\u00e8re est structurel : on publie pour conqu\u00e9rir, on supprime pour se prot\u00e9ger<\/strong>.\u00a0<\/p>\n<blockquote>\n<p>Mais si le pouvoir efface ses traces pour r\u00e9gner, l&rsquo;humain, lui, s&rsquo;acharne \u00e0 y laisser une marque. D&rsquo;o\u00f9 cette hubris face \u00e0 notre propre fugacit\u00e9 ?<\/p>\n<\/blockquote>\n<h5>\u00a0<\/h5>\n<h5><strong>L&rsquo;\u00e9ph\u00e9m\u00e8re existentiel : l&rsquo;illusion d&rsquo;une empreinte immortelle<\/strong><\/h5>\n<p>Sur terre, notre pr\u00e9sence n&rsquo;est qu&rsquo;un clin d&rsquo;\u0153il cosmique : quatre-vingts ans, une poussi\u00e8re face aux mill\u00e9naires g\u00e9ologiques. Pourtant, nous sculptons des pyramides modernes \u2013 selfies \u00e9ternis\u00e9s sur Instagram, CV gonfl\u00e9s pour la post\u00e9rit\u00e9, legs b\u00e2tis dans la pierre ou le code. Convaincus d&rsquo;\u00eatre plus grands que l&rsquo;Histoire, nous d\u00e9fions l&rsquo;\u00e9ph\u00e9m\u00e8re comme Sisyphe son rocher. Mais l&rsquo;Histoire, cette grande effaceuse, balaie tout : <strong>les pharaons deviennent poussi\u00e8re arch\u00e9ologique<\/strong>, les <strong>tweets viraux s&rsquo;endorment dans des archives num\u00e9riques oubli\u00e9es<\/strong>. Heidegger l&rsquo;appelait l&rsquo;\u00ab\u00a0<em>\u00eatre-pour-la-mort<\/em>\u00a0\u00bb : notre conscience du n\u00e9ant nous pousse \u00e0 graver, \u00e0 nier le vide. Marguerite Yourcenar, dans M\u00e9moires d&rsquo;Hadrien, le r\u00e9sumait avec une gravit\u00e9 imp\u00e9riale : \u00ab\u00a0<em>Notre destin commun est de vivre, d&rsquo;aimer, de souffrir, et de mourir<\/em>.\u00a0\u00bb L&#8217;empereur romain, au fa\u00eete du pouvoir, m\u00e9ditait d\u00e9j\u00e0 sur \u00ab\u00a0<em>ce qui passe<\/em>\u00a0\u00bb \u2013 un \u00e9cho lancinant \u00e0 nos von der Leyen et Macron d&rsquo;aujourd&rsquo;hui.<\/p>\n<p>Von der Leyen <strong>efface des SMS pour esquiver le jugement<\/strong> ; nous, simples mortels, postons des stories pour figer un instant, ignorant que l&rsquo;algorithme les noiera vite dans l&rsquo;oc\u00e9an du \u00ab\u00a0scroll\u00a0\u00bb infini. Macron, en cherchant \u00e0 \u00ab\u00a0<em>r\u00e9inventer<\/em>\u00a0\u00bb la France, illustre cette vanit\u00e9 existentielle : <strong>huit ans pour un impact fugace, car l&rsquo;\u00e9ph\u00e9m\u00e8re nous rattrape tous<\/strong>. Seuls comptent les gestes qui r\u00e9sonnent au-del\u00e0 du moi \u2013 non pas tromper l&rsquo;Histoire, mais la transformer par des actes humbles, durables. Comme l&rsquo;\u00e9crivait S\u00e9n\u00e8que dans ses Lettres \u00e0 Lucilius : \u00ab\u00a0<em>La vie, ce n&rsquo;est pas le temps, c&rsquo;est l&rsquo;usage qu&rsquo;on en fait<\/em>\u00a0\u00bb \u2013 une piq\u00fbre de rappel que nos gravures fr\u00e9n\u00e9tiques (selfies, r\u00e9formes, SMS effac\u00e9s) ne <strong>d\u00e9fient l&rsquo;\u00e9ph\u00e9m\u00e8re que si elles touchent l&rsquo;essentiel<\/strong>. Macron, von der Leyen : leurs hubris illustrent ce paradoxe antique, o\u00f9 <strong>le papillon<\/strong> \u2013 beau, mais vou\u00e9 \u00e0 s&rsquo;\u00e9teindre \u2013 <strong>nous enseigne plus que la pierre \u00e9ternelle<\/strong>.<\/p>\n<p>Et si l&rsquo;on osait un contrepoint \u00e9cologique ? L&rsquo;\u00e9ph\u00e9m\u00e8re des saisons s&rsquo;acc\u00e9l\u00e8re sous nos yeux port\u00e9s par les images des m\u00e9dias qui ne s&rsquo;interrogent plus sur la pertinence de leurs propos (ouragans plus f\u00e9roces, glaciers qui fondent en un battement de cil g\u00e9ologique). On va m\u00eame jusqu\u2019\u00e0 nous faire croire que notre empreinte carbone, loin d&rsquo;\u00eatre immortelle, serait destructrice\u00a0\u2013 une hubris qui acc\u00e9l\u00e8rerait la fin collective. Face au r\u00e9chauffement qui nous est vendu comme in\u00e9luctable sans regarder sa place relative dans les v\u00e9ritables cycles du climat, <strong>l&rsquo;Histoire nous jugera non sur nos selfies \u00e9ph\u00e9m\u00e8res<\/strong>, <strong>mais sur ce que nous l\u00e9guons aux g\u00e9n\u00e9rations futures<\/strong> : un monde viable, ou des ruines num\u00e9ris\u00e9es ?\u00a0<\/p>\n<p><img decoding=\"async\" data-entity-uuid=\"492a7169-bfc3-4ef5-9fbf-c726d86627b5\" data-entity-type=\"file\" alt=\"\u00e9ph\u00e9m\u00e8re DR \" width=\"613\" height=\"368\" class=\"align-center lazyload\" loading=\"lazy\" src=\"https:\/\/www.francesoir.fr\/sites\/default\/files\/inline-images\/FS102025%20%2838%29.png\"\/><\/p>\n<h5>\u00a0<\/h5>\n<h5><strong>Embrasser l&rsquo;\u00e9ph\u00e9m\u00e8re : une sagesse lucide<\/strong><\/h5>\n<p>De von der Leyen \u00e0 Macron, de nos vies fugaces \u00e0 l&rsquo;illusion d&rsquo;immortalit\u00e9, l&rsquo;\u00e9ph\u00e9m\u00e8re nous renvoie \u00e0 notre fragilit\u00e9 commune. Effacer un SMS ou un mandat ne change rien : le temps, ce grand archiviste anonyme, balaie tout. Mais c&rsquo;est dans cette acceptation que na\u00eet une grandeur nouvelle \u2013 non pas en gravant pour l&rsquo;\u00e9ternit\u00e9, <strong>mais en vivant pleinement l&rsquo;instant<\/strong>, en laissant <strong>une trace subtile<\/strong>, humaine, tiss\u00e9e d&#8217;empathie et de v\u00e9rit\u00e9.<\/p>\n<p>Et si, au lieu de tromper l&rsquo;Histoire, nous laissions l&rsquo;\u00e9ph\u00e9m\u00e8re nous enseigner l&rsquo;humilit\u00e9 ? Pour Macron, un cap \u00e0 virer d&rsquo;urgence, loin des sommets inaccessibles ; pour von der Leyen, une transparence qui ne s&rsquo;efface pas. Pour nous tous, un regard neuf sur ce qui passe : un appel \u00e0 saisir l&rsquo;instant, avant que le message ne s&rsquo;efface. Laissez l&rsquo;\u00e9ph\u00e9m\u00e8re vous br\u00fbler les doigts comme du sable chaud : un sursaut d&rsquo;humilit\u00e9 avant 2027 ; un refus de l&rsquo;effacement collectif.\u00a0<\/p>\n<blockquote>\n<p>Sinon, que restera-t-il ? Des dettes, des silences, et des stories effac\u00e9es. Mais si on ose ? Une trace fugace, oui \u2013 mais immortelle dans les c\u0153urs.\u00a0<\/p>\n<p>Car l&rsquo;\u00e9ph\u00e9m\u00e8re n&rsquo;est pas une mal\u00e9diction, mais une lib\u00e9ration. Comme un SMS lu \u00e0 la h\u00e2te sous la pluie, notre \u00e9poque file \u2013 vivons-la, avant qu&rsquo;elle ne nous quitte.<\/p>\n<\/blockquote>\n<\/div>\n<p><script>(function(d, s, id) {  var js, fjs = d.getElementsByTagName(s)[0];  if (d.getElementById(id)) return;  js = d.createElement(s); js.id = id;  js.src = \"\/\/connect.facebook.net\/fr_FR\/sdk.js#xfbml=1&version=v2.3\";  fjs.parentNode.insertBefore(js, fjs);}(document, \"script\", \"facebook-jssdk\"));<\/script><br \/>\n<br \/><br \/>\n<br \/><a href=\"https:\/\/www.francesoir.fr\/opinions-editos\/l-ephemere-ombres-d-un-pouvoir-qui-s-efface\" target=\"_blank\"\">Source link <\/a><\/p>\n","protected":false},"excerpt":{"rendered":"<p>Imaginez un simple SMS, quelques lignes sur un \u00e9cran, effac\u00e9 d&rsquo;un geste machinal. Un instantan\u00e9 de pouvoir, un \u00e9change confidentiel qui pourrait remodeler les destin\u00e9es d&rsquo;un continent. C&rsquo;est l&rsquo;affaire des&hellip; <\/p>\n","protected":false},"author":1,"featured_media":18069,"comment_status":"open","ping_status":"open","sticky":false,"template":"","format":"standard","meta":{"footnotes":""},"categories":[1],"tags":[],"class_list":["post-18068","post","type-post","status-publish","format-standard","has-post-thumbnail","hentry","category-non-classe"],"_links":{"self":[{"href":"https:\/\/monde25.info\/index.php\/wp-json\/wp\/v2\/posts\/18068","targetHints":{"allow":["GET"]}}],"collection":[{"href":"https:\/\/monde25.info\/index.php\/wp-json\/wp\/v2\/posts"}],"about":[{"href":"https:\/\/monde25.info\/index.php\/wp-json\/wp\/v2\/types\/post"}],"author":[{"embeddable":true,"href":"https:\/\/monde25.info\/index.php\/wp-json\/wp\/v2\/users\/1"}],"replies":[{"embeddable":true,"href":"https:\/\/monde25.info\/index.php\/wp-json\/wp\/v2\/comments?post=18068"}],"version-history":[{"count":0,"href":"https:\/\/monde25.info\/index.php\/wp-json\/wp\/v2\/posts\/18068\/revisions"}],"wp:featuredmedia":[{"embeddable":true,"href":"https:\/\/monde25.info\/index.php\/wp-json\/wp\/v2\/media\/18069"}],"wp:attachment":[{"href":"https:\/\/monde25.info\/index.php\/wp-json\/wp\/v2\/media?parent=18068"}],"wp:term":[{"taxonomy":"category","embeddable":true,"href":"https:\/\/monde25.info\/index.php\/wp-json\/wp\/v2\/categories?post=18068"},{"taxonomy":"post_tag","embeddable":true,"href":"https:\/\/monde25.info\/index.php\/wp-json\/wp\/v2\/tags?post=18068"}],"curies":[{"name":"wp","href":"https:\/\/api.w.org\/{rel}","templated":true}]}}