{"id":18074,"date":"2025-10-22T07:30:48","date_gmt":"2025-10-22T05:30:48","guid":{"rendered":"https:\/\/monde25.info\/index.php\/2025\/10\/22\/pfas-leau-du-robinet-interdite-a-la-consommation-dans-un-2e-village-des-vosges\/"},"modified":"2025-10-22T07:30:48","modified_gmt":"2025-10-22T05:30:48","slug":"pfas-leau-du-robinet-interdite-a-la-consommation-dans-un-2e-village-des-vosges","status":"publish","type":"post","link":"https:\/\/monde25.info\/index.php\/2025\/10\/22\/pfas-leau-du-robinet-interdite-a-la-consommation-dans-un-2e-village-des-vosges\/","title":{"rendered":"PFAS\u00a0: l&#039;eau du robinet interdite \u00e0 la consommation dans un 2e village des Vosges"},"content":{"rendered":"<p> <br \/>\n<br \/><img loading=\"lazy\" decoding=\"async\" src=\"https:\/\/reporterre.net\/local\/cache-vignettes\/L700xH467\/table-water-floor-interior-glass-kitchen-723004-pxhere.com_resized-47b02.jpg?1761054324\" class=\"spip_logo\" width=\"700\" height=\"467\" alt=\"\" \/><\/p>\n<p>En une poign\u00e9e de jours, c&rsquo;est le deuxi\u00e8me village des Vosges \u00e0 conna\u00eetre le m\u00eame sort. Lundi 20\u00a0octobre, l&rsquo;eau du robinet a \u00e9t\u00e9 interdite \u00e0 la consommation pour les personnes sensibles dans le village de Tendon. La raison<small class=\"fine d-inline\">\u00a0<\/small>? Un taux anormalement \u00e9lev\u00e9 de <span class=\"caps\">PFAS<\/span>, a annonc\u00e9 la pr\u00e9fecture. <br class=\"autobr\" \/><br \/>\nTandis que la norme maximale autoris\u00e9e de ces polluants \u00e9ternels est de 0,1\u00a0microgramme par litre, celle de Tendon \u00ab<small class=\"fine d-inline\">\u00a0<\/small>s&rsquo;\u00e9l\u00e8ve en moyenne \u00e0 0,14\u00a0microgramme par litre<small class=\"fine d-inline\">\u00a0<\/small>\u00bb. <br class=\"autobr\" \/><br \/>\nL&rsquo;interdiction vise les personnes\u00a0(\u2026)<\/p>\n<p>                    <a target=\"_blank\" href=\"https:\/\/reporterre.net\/PFAS-l-eau-du-robinet-interdite-a-la-consommation-dans-un-2e-village-des-Vosges?utm_source=RSS&amp;utm_medium=RSS\">Lire la suite<\/a><\/p>\n<p>                    &#8211;<br \/>\n                        <a target=\"_blank\" href=\"https:\/\/reporterre.net\/Breves-20\" rel=\"directory\">En bref<\/a><\/p>\n<p>                    \/<br \/>\n                        <a target=\"_blank\" href=\"https:\/\/reporterre.net\/Pollutions\" rel=\"tag\">Pollutions<\/a><br \/>\n                    ,<br \/>\n                        <a target=\"_blank\" href=\"https:\/\/reporterre.net\/Sante\" rel=\"tag\">Sant\u00e9<\/a><br \/>\n<br \/><br \/>\n<br \/><a href=\"https:\/\/reporterre.net\/PFAS-l-eau-du-robinet-interdite-a-la-consommation-dans-un-2e-village-des-Vosges\" target=\"_blank\"\">Source link <\/a><\/p>\n","protected":false},"excerpt":{"rendered":"<p>En une poign\u00e9e de jours, c&rsquo;est le deuxi\u00e8me village des Vosges \u00e0 conna\u00eetre le m\u00eame sort. Lundi 20\u00a0octobre, l&rsquo;eau du robinet a \u00e9t\u00e9 interdite \u00e0 la consommation pour les personnes&hellip; <\/p>\n","protected":false},"author":1,"featured_media":0,"comment_status":"open","ping_status":"open","sticky":false,"template":"","format":"standard","meta":{"footnotes":""},"categories":[1],"tags":[],"class_list":["post-18074","post","type-post","status-publish","format-standard","hentry","category-non-classe"],"_links":{"self":[{"href":"https:\/\/monde25.info\/index.php\/wp-json\/wp\/v2\/posts\/18074","targetHints":{"allow":["GET"]}}],"collection":[{"href":"https:\/\/monde25.info\/index.php\/wp-json\/wp\/v2\/posts"}],"about":[{"href":"https:\/\/monde25.info\/index.php\/wp-json\/wp\/v2\/types\/post"}],"author":[{"embeddable":true,"href":"https:\/\/monde25.info\/index.php\/wp-json\/wp\/v2\/users\/1"}],"replies":[{"embeddable":true,"href":"https:\/\/monde25.info\/index.php\/wp-json\/wp\/v2\/comments?post=18074"}],"version-history":[{"count":0,"href":"https:\/\/monde25.info\/index.php\/wp-json\/wp\/v2\/posts\/18074\/revisions"}],"wp:attachment":[{"href":"https:\/\/monde25.info\/index.php\/wp-json\/wp\/v2\/media?parent=18074"}],"wp:term":[{"taxonomy":"category","embeddable":true,"href":"https:\/\/monde25.info\/index.php\/wp-json\/wp\/v2\/categories?post=18074"},{"taxonomy":"post_tag","embeddable":true,"href":"https:\/\/monde25.info\/index.php\/wp-json\/wp\/v2\/tags?post=18074"}],"curies":[{"name":"wp","href":"https:\/\/api.w.org\/{rel}","templated":true}]}}