{"id":18077,"date":"2025-10-22T08:37:16","date_gmt":"2025-10-22T06:37:16","guid":{"rendered":"https:\/\/monde25.info\/index.php\/2025\/10\/22\/la-silicon-valley-avec-peter-thiel-adopte-le-nationalisme-chretien-de-donald-trump\/"},"modified":"2025-10-22T08:37:16","modified_gmt":"2025-10-22T06:37:16","slug":"la-silicon-valley-avec-peter-thiel-adopte-le-nationalisme-chretien-de-donald-trump","status":"publish","type":"post","link":"https:\/\/monde25.info\/index.php\/2025\/10\/22\/la-silicon-valley-avec-peter-thiel-adopte-le-nationalisme-chretien-de-donald-trump\/","title":{"rendered":"La Silicon Valley, avec Peter Thiel, adopte le \u00abnationalisme chr\u00e9tien\u00bb de Donald Trump"},"content":{"rendered":"<p> <br \/>\n<\/p>\n<div>\n<ol class=\"campaign-loop campaign-list\">\n<li id=\"campaign-482494\" class=\"post-482494 campaign type-campaign status-publish hentry campaign-has-goal campaign-has-not-achieved-goal campaign-has-end-date campaign-has-not-ended\">\n\t<a target=\"_blank\" href=\"https:\/\/reseauinternational.net\/campaigns\/campagne-de-dons-septembre-octobre-2025\/\"><\/p>\n<h3>Campagne de dons Octobre 2025<\/h3>\n<p>\t\t\t<\/a><\/p>\n<p>\n\tAppel aux dons \u2013 Votre soutien nous est indispensable pour continuer \u00e0 vous fournir le meilleur de l\u2019information internationale alternative. C\u2019est gr\u00e2ce \u00e0 vos dons que nous pourrons maintenir le cap pour une information plurielle et r\u00e9ellement alternative. Nous comptons sur vous.<\/p>\n<p>\n<span class=\"amount\">11 750,87\u00a0\u20ac<\/span> de l\u2019objectif de <span class=\"goal-amount\">25 000,00\u00a0\u20ac<\/span> atteint<\/p>\n<\/li>\n<\/ol>\n<p>par <strong>Alfredo Jalife-Rahme<\/strong><\/p>\n<p><strong>C\u2019est une r\u00e9volution intellectuelle qui secoue la Silicon Valley : selon le super-milliardaire Peter Thiel, depuis un demi-si\u00e8cle, les principales puissances mondiales ont con\u00e7u une forme de globalisation qui n\u2019est rien d\u2019autre que le r\u00e8gne de l\u2019Antecrist. Les nations disparaissent au profit d\u2019institutions comme la Cour p\u00e9nale internationale et les Nations unies, tandis que les innovations scientifiques, comme l\u2019IA, sont ralenties.<\/strong><\/p>\n<div class=\"wp-block-image\">\n<figure class=\"aligncenter size-full is-resized\"><a target=\"_blank\" href=\"https:\/\/i0.wp.com\/reseauinternational.net\/wp-content\/uploads\/2025\/10\/image-356.png?ssl=1\"><img data-recalc-dims=\"1\" decoding=\"async\" width=\"800\" height=\"467\" src=\"https:\/\/i0.wp.com\/reseauinternational.net\/wp-content\/uploads\/2025\/10\/image-356.png?resize=800%2C467&amp;ssl=1\" alt=\"\" class=\"wp-image-490052\" style=\"width:600px\" loading=\"lazy\" srcset=\"https:\/\/i0.wp.com\/reseauinternational.net\/wp-content\/uploads\/2025\/10\/image-356.png?w=800&amp;ssl=1 800w, https:\/\/i0.wp.com\/reseauinternational.net\/wp-content\/uploads\/2025\/10\/image-356.png?resize=300%2C175&amp;ssl=1 300w, https:\/\/i0.wp.com\/reseauinternational.net\/wp-content\/uploads\/2025\/10\/image-356.png?resize=768%2C448&amp;ssl=1 768w, https:\/\/i0.wp.com\/reseauinternational.net\/wp-content\/uploads\/2025\/10\/image-356.png?resize=740%2C431&amp;ssl=1 740w\" sizes=\"auto, (max-width: 800px) 100vw, 800px\"\/><\/a><\/figure>\n<\/div>\n<p class=\"has-text-align-center\"><em>Le super-milliardaire Peter Thiel a qualifi\u00e9 de \u00abl\u00e9gionnaires de l\u2019Ant\u00e9christ\u00bb ceux qui critiquent <\/em><br \/><em>l\u2019intelligence artificielle \u00e0 Silicon Valley. La s\u00e9rie de t\u00e9l\u00e9vision \u00abSouth Park\u00bb a r\u00e9alis\u00e9 une <\/em><br \/><em>parodie de la chose.<\/em><\/p>\n<p>Aujourd\u2019hui, un conflit g\u00e9ostrat\u00e9gique oppose les trois plus grandes puissances de la Voie lact\u00e9e qui configurent la \u00abstabilit\u00e9 strat\u00e9gique\u00bb \u2013 \u00c9tats-Unis\/Russie\/Chine -, auxquelles pourrait tr\u00e8s bien s\u2019ajouter l\u2019Inde gr\u00e2ce \u00e0 sa nouvelle adh\u00e9sion au concept RIC de Primakov (Russie\/Inde\/Chine), ce qui, en somme, nous donnerait un nouvel ordre t\u00e9trapolaire.<\/p>\n<p>En Occident, principalement dans l\u2019anglosph\u00e8re dirig\u00e9e par les \u00c9tats-Unis et l\u2019Union europ\u00e9enne, se joue une v\u00e9ritable bataille cosmogonique et th\u00e9ologique entre le d\u00e9clin de la sorosocratie mondialiste du Forum \u00e9conomique mondial de Davos, dont le pr\u00e9sident par int\u00e9rim est Larry Fink, grand patron de BlackRock, avec son Agenda 2030\/woke\/vert controvers\u00e9, et le retour du \u00abnationalisme chr\u00e9tien\u00bb de type souverainiste\/reaganien avec son <em>Project Heritage 2025<\/em>\u00a0.<\/p>\n<p>Le multimillionnaire germano-am\u00e9ricain Peter Thiel (PT) a donn\u00e9 \u00e0 San Francisco quatre conf\u00e9rences \u00abpriv\u00e9es\u00bb \u00e0 caract\u00e8re apocalyptique\/eschatologique \u2013 dont le contenu a \u00e9t\u00e9 divulgu\u00e9 par le <em>Washington Post<\/em> (WP) \u2013 dans lesquelles il fustige les d\u00e9tracteurs de l\u2019intelligence artificielle (IA) de la Silicon Valley, qu\u2019il qualifie de \u00abl\u00e9gionnaires de l\u2019Ant\u00e9christ\u00bb.<\/p>\n<p>Thiel, 58 ans, cofondateur de Palantir Technologies, PayPal, Founders Fund et investisseur externe de Facebook, avec une fortune de 26 milliards de dollars, est le grand alli\u00e9 du vice-pr\u00e9sident JD Vance : un \u00abnationaliste chr\u00e9tien\u00bb de la g\u00e9n\u00e9ration Y et mentor de Charlie Kirk, assassin\u00e9 r\u00e9cemment.<\/p>\n<p>Peter Thiel fustige Greta Thunberg, notoire adepte de la sorosocratie mondialiste, et Eliezer Yudkowsky, critique de la d\u00e9r\u00e9glementation de l\u2019IA dans la Silicon Valley, qu\u2019il qualifie de \u00ab<em>thurif\u00e9raires de l\u2019Ant\u00e9christ du XXIe si\u00e8cle<\/em>\u00bb. Gerrit de Vynck du <em>Washington Post<\/em> ne manque pas de souligner que les conf\u00e9rences de Peter Thiel \u00ab<em>co\u00efncident avec la mont\u00e9e du nationalisme chr\u00e9tien aux \u00c9tats-Unis<\/em>\u00bb. Gerrit de Vynck commente que \u00ab<em>les chr\u00e9tiens ont diff\u00e9rentes interpr\u00e9tations de l\u2019Ant\u00e9christ biblique, mais son image est souvent comprise comme celle d\u2019un adversaire de Dieu, qui appara\u00eet \u00e0 la fin des temps<\/em>\u00bb.<\/p>\n<p>Reuters, porte-parole de l\u2019anglosph\u00e8re, avait d\u00e9j\u00e0 expos\u00e9 une partie des conf\u00e9rences de Peter Thiel \u00e0 San Francisco, ajoutant que l\u2019actuel partisan de Trump avait sugg\u00e9r\u00e9 \u00e0 son ancien partenaire Elon Musk de ne pas tomber dans le pi\u00e8ge na\u00eff de donner sa fortune \u00e0 \u00ab<em>des organisations \u00e0 but non lucratif de gauche qui seraient s\u00e9lectionn\u00e9es par Bill Gates, selon lui l\u2019un des dirigeants du gouvernement mondial<\/em>\u00bb et le plus proche de l\u2019\u00abAnt\u00e9christ\u00bb.<\/p>\n<p>Selon Gerrit de Vynck, \u00ab<em>l\u2019un des leaders les plus influents de l\u2019industrie de l\u2019IA r\u00e9siste \u00e0 la surveillance du d\u00e9veloppement technologique comme une bataille religieuse qui pourrait intensifier la croisade de l\u2019industrie<\/em>\u00bb, ce qui attire l\u2019attention comme \u00ab<em>une d\u00e9monstration convaincante de religiosit\u00e9 dans une industrie qui a toujours \u00e9t\u00e9 la\u00efque. Le christianisme s\u2019impose depuis peu avec une pr\u00e9sence significative dans certains cercles technologiques influents, en partie gr\u00e2ce \u00e0 ACTS 17 Collective, une organisation \u00e0 but non lucratif qui se consacre \u00e0 la diffusion des principes chr\u00e9tiens au sein de l\u2019industrie technologique qui a organis\u00e9 les conf\u00e9rences de Thiel<\/em>\u00bb.<\/p>\n<p>\u00c0 propos, ACTS 17 Collective tire son nom d\u2019ACTS 17 (Actes des Ap\u00f4tres 17), le texte qui relate les pr\u00eaches de l\u2019ap\u00f4tre Paul aux \u00e9lites d\u2019Ath\u00e8nes. ACTS 17 est aussi l\u2019acronyme de Acknowledging Christ in Technology and Society : Reconna\u00eetre le Christ dans la technologie et la soci\u00e9t\u00e9.<\/p>\n<p>D\u00e8s mars dernier, Lauren Goode, du portail scientifique <em>Wired,<\/em> d\u00e9crivait les \u00ab<em>chr\u00e9tiens de la Silicon Valley comme ceux qui souhaitent construire le paradis sur terre<\/em>\u00bb. Gerrit de Vynck explique que Peter Thiele \u00ab<em>faisait partie d\u2019un r\u00e9seau d\u2019\u00e9lites technologiques qui ont contribu\u00e9 \u00e0 installer Vance, son prot\u00e9g\u00e9, au poste de vice-pr\u00e9sident<\/em>\u00bb.<\/p>\n<p>\u00c0 mon avis, l\u2019\u00abAnt\u00e9christ\u00bb de Peter Thiele est une m\u00e9taphore manich\u00e9enne tr\u00e8s puissante pour la cosmogonie biblique aux \u00c9tats-Unis, qui a de profondes ramifications \u00e9lectorales.<\/p>\n<p><strong>Apostille de la traductrice<\/strong> : Yuval Hariri, consid\u00e9r\u00e9 par Isra\u00ebl comme l\u2019homme le plus intelligent de la plan\u00e8te, tient absolument \u00e0 brider l\u2019intelligence artificielle, pour des raisons politiques, et ce sont des catholiques qui d\u00e9noncent ce viol de la rationalit\u00e9. Cf. \u00ab<em><a target=\"_blank\" href=\"https:\/\/plumenclume.com\/2023\/05\/23\/yuval-hariri-et-lintelligence-artificielle-par-e-michael-jones-21-mai-2023\/\">Yuval Harari et l\u2019intelligence artificielle<\/a><\/em>\u00bb, E. Michael Jones, <em>La plume et l\u2019enclume<\/em>, 24 mai 2023.<\/p>\n<p>source\u00a0: <a target=\"_blank\" href=\"https:\/\/www.voltairenet.org\/auteur124000.html?lang=fr\">La Jornada<\/a> via <a target=\"_blank\" href=\"https:\/\/www.voltairenet.org\/article223017.html\">R\u00e9seau Voltaire<\/a><\/p>\n<p>traduction <a target=\"_blank\" href=\"https:\/\/www.voltairenet.org\/auteur125321.html?lang=fr\">Maria Poumier<\/a><\/p>\n<div class=\"sharedaddy sd-block sd-like jetpack-likes-widget-wrapper jetpack-likes-widget-unloaded\" id=\"like-post-wrapper-237719536-489994-68f87a429f031\" data-src=\"https:\/\/widgets.wp.com\/likes\/?ver=15.0.2#blog_id=237719536&amp;post_id=489994&amp;origin=reseauinternational.net&amp;obj_id=237719536-489994-68f87a429f031\" data-name=\"like-post-frame-237719536-489994-68f87a429f031\" data-title=\"Aimer ou rebloguer\">\n<h3 class=\"sd-title\">J\u2019aime \u00e7a\u00a0:<\/h3>\n<p><span class=\"button\"><span>J\u2019aime<\/span><\/span> <span class=\"loading\">chargement\u2026<\/span><\/p>\n<p><span class=\"sd-text-color\"\/><a target=\"_blank\" class=\"sd-link-color\"\/><\/div>\n<p><meta itemscope=\"\" itemprop=\"mainEntityOfPage\" itemtype=\"https:\/\/schema.org\/WebPage\" itemid=\"https:\/\/reseauinternational.net\/la-silicon-valley-avec-peter-thiel-adopte-le-nationalisme-chretien-de-donald-trump\/\"\/><meta itemprop=\"headline\" content=\"La Silicon Valley, avec Peter Thiel, adopte le \u00abnationalisme chr\u00e9tien\u00bb de Donald Trump\"\/><span style=\"display: none;\" itemprop=\"author\" itemscope=\"\" itemtype=\"https:\/\/schema.org\/Person\"><meta itemprop=\"name\" content=\"R\u00e9seau International\"\/><\/span><span style=\"display: none;\" itemprop=\"image\" itemscope=\"\" itemtype=\"https:\/\/schema.org\/ImageObject\"><meta itemprop=\"url\" content=\"https:\/\/i0.wp.com\/reseauinternational.net\/wp-content\/uploads\/2025\/10\/Sans-titre-25-2.png?fit=800%2C467&amp;ssl=1\"\/><meta itemprop=\"width\" content=\"800\"\/><meta itemprop=\"height\" content=\"467\"\/><\/span><span style=\"display: none;\" itemprop=\"publisher\" itemscope=\"\" itemtype=\"https:\/\/schema.org\/Organization\"><span style=\"display: none;\" itemprop=\"logo\" itemscope=\"\" itemtype=\"https:\/\/schema.org\/ImageObject\"><meta itemprop=\"url\" content=\"https:\/\/reseauinternational.net\/wp-content\/uploads\/2022\/06\/Capture-de\u0301cran-2022-06-14-a\u0300-16.51.07.png\"\/><\/span><meta itemprop=\"name\" content=\"R\u00e9seau International\"\/><\/span><meta itemprop=\"datePublished\" content=\"2025-10-22T08:30:44+00:00\"\/><meta itemprop=\"dateModified\" content=\"2025-10-22T08:31:07+00:00\"\/><\/div>\n<p><br \/>\n<br \/><a href=\"https:\/\/reseauinternational.net\/la-silicon-valley-avec-peter-thiel-adopte-le-nationalisme-chretien-de-donald-trump\/\" target=\"_blank\"\">Source link <\/a><\/p>\n","protected":false},"excerpt":{"rendered":"<p>Campagne de dons Octobre 2025 Appel aux dons \u2013 Votre soutien nous est indispensable pour continuer \u00e0 vous fournir le meilleur de l\u2019information internationale alternative. C\u2019est gr\u00e2ce \u00e0 vos dons&hellip; <\/p>\n","protected":false},"author":1,"featured_media":18078,"comment_status":"open","ping_status":"open","sticky":false,"template":"","format":"standard","meta":{"footnotes":""},"categories":[1],"tags":[],"class_list":["post-18077","post","type-post","status-publish","format-standard","has-post-thumbnail","hentry","category-non-classe"],"_links":{"self":[{"href":"https:\/\/monde25.info\/index.php\/wp-json\/wp\/v2\/posts\/18077","targetHints":{"allow":["GET"]}}],"collection":[{"href":"https:\/\/monde25.info\/index.php\/wp-json\/wp\/v2\/posts"}],"about":[{"href":"https:\/\/monde25.info\/index.php\/wp-json\/wp\/v2\/types\/post"}],"author":[{"embeddable":true,"href":"https:\/\/monde25.info\/index.php\/wp-json\/wp\/v2\/users\/1"}],"replies":[{"embeddable":true,"href":"https:\/\/monde25.info\/index.php\/wp-json\/wp\/v2\/comments?post=18077"}],"version-history":[{"count":0,"href":"https:\/\/monde25.info\/index.php\/wp-json\/wp\/v2\/posts\/18077\/revisions"}],"wp:featuredmedia":[{"embeddable":true,"href":"https:\/\/monde25.info\/index.php\/wp-json\/wp\/v2\/media\/18078"}],"wp:attachment":[{"href":"https:\/\/monde25.info\/index.php\/wp-json\/wp\/v2\/media?parent=18077"}],"wp:term":[{"taxonomy":"category","embeddable":true,"href":"https:\/\/monde25.info\/index.php\/wp-json\/wp\/v2\/categories?post=18077"},{"taxonomy":"post_tag","embeddable":true,"href":"https:\/\/monde25.info\/index.php\/wp-json\/wp\/v2\/tags?post=18077"}],"curies":[{"name":"wp","href":"https:\/\/api.w.org\/{rel}","templated":true}]}}