{"id":18089,"date":"2025-10-22T13:36:39","date_gmt":"2025-10-22T11:36:39","guid":{"rendered":"https:\/\/monde25.info\/index.php\/2025\/10\/22\/sud-radio-cnews-europe-1-un-nouveau-deni-climatique-se-repand-dans-les-medias\/"},"modified":"2025-10-22T13:36:39","modified_gmt":"2025-10-22T11:36:39","slug":"sud-radio-cnews-europe-1-un-nouveau-deni-climatique-se-repand-dans-les-medias","status":"publish","type":"post","link":"https:\/\/monde25.info\/index.php\/2025\/10\/22\/sud-radio-cnews-europe-1-un-nouveau-deni-climatique-se-repand-dans-les-medias\/","title":{"rendered":"Sud Radio, CNews, Europe 1&#8230; Un \u00ab\u00a0nouveau d\u00e9ni climatique\u00a0\u00bb se r\u00e9pand dans les m\u00e9dias"},"content":{"rendered":"<p> <br \/>\n<br \/><img loading=\"lazy\" decoding=\"async\" src=\"https:\/\/reporterre.net\/local\/cache-vignettes\/L700xH467\/afp__20220202__hl_rlongieras_1650282__v1__highres__francemediaillustration_1_-6f70a.jpg?1761126542\" class=\"spip_logo\" width=\"700\" height=\"467\" alt=\"\" \/><\/p>\n<p>Des cha\u00eenes de t\u00e9l\u00e9vision et des radios sont min\u00e9es par la d\u00e9sinformation sur le climat, r\u00e9v\u00e8le un rapport publi\u00e9 le 22\u00a0octobre. Certains m\u00e9dias sont des \u00ab<small class=\"fine d-inline\">\u00a0<\/small>relais proactifs<small class=\"fine d-inline\">\u00a0<\/small>\u00bb, via leurs invit\u00e9s et m\u00eame leurs journalistes. <br class=\"autobr\" \/> La d\u00e9sinformation climatique se porte \u00e0 merveille dans les m\u00e9dias grand public fran\u00e7ais. Entre janvier et ao\u00fbt, quelque 529\u00a0cas de m\u00e9sinformation climatique (terme comprenant la d\u00e9sinformation potentiellement involontaire, sans intention de nuire d\u00e9montr\u00e9e) ont \u00e9t\u00e9\u00a0(\u2026)<\/p>\n<p>                    <a target=\"_blank\" href=\"https:\/\/reporterre.net\/Desinformation-un-nouveau-deni-climatique-se-repand-dans-les-medias-Europe-1-RMC-CNews-un?utm_source=RSS&amp;utm_medium=RSS\">Lire la suite<\/a><\/p>\n<p>                    &#8211;<br \/>\n                        <a target=\"_blank\" href=\"https:\/\/reporterre.net\/Autres-infos\" rel=\"directory\">Info<\/a><\/p>\n<p>                    \/<br \/>\n                        <a target=\"_blank\" href=\"https:\/\/reporterre.net\/Medias\" rel=\"tag\">M\u00e9dias<\/a><br \/>\n<br \/><br \/>\n<br \/><a href=\"https:\/\/reporterre.net\/Desinformation-un-nouveau-deni-climatique-se-repand-dans-les-medias-Europe-1-RMC-CNews-un\" target=\"_blank\"\">Source link <\/a><\/p>\n","protected":false},"excerpt":{"rendered":"<p>Des cha\u00eenes de t\u00e9l\u00e9vision et des radios sont min\u00e9es par la d\u00e9sinformation sur le climat, r\u00e9v\u00e8le un rapport publi\u00e9 le 22\u00a0octobre. Certains m\u00e9dias sont des \u00ab\u00a0relais proactifs\u00a0\u00bb, via leurs invit\u00e9s&hellip; <\/p>\n","protected":false},"author":1,"featured_media":0,"comment_status":"open","ping_status":"open","sticky":false,"template":"","format":"standard","meta":{"footnotes":""},"categories":[1],"tags":[],"class_list":["post-18089","post","type-post","status-publish","format-standard","hentry","category-non-classe"],"_links":{"self":[{"href":"https:\/\/monde25.info\/index.php\/wp-json\/wp\/v2\/posts\/18089","targetHints":{"allow":["GET"]}}],"collection":[{"href":"https:\/\/monde25.info\/index.php\/wp-json\/wp\/v2\/posts"}],"about":[{"href":"https:\/\/monde25.info\/index.php\/wp-json\/wp\/v2\/types\/post"}],"author":[{"embeddable":true,"href":"https:\/\/monde25.info\/index.php\/wp-json\/wp\/v2\/users\/1"}],"replies":[{"embeddable":true,"href":"https:\/\/monde25.info\/index.php\/wp-json\/wp\/v2\/comments?post=18089"}],"version-history":[{"count":0,"href":"https:\/\/monde25.info\/index.php\/wp-json\/wp\/v2\/posts\/18089\/revisions"}],"wp:attachment":[{"href":"https:\/\/monde25.info\/index.php\/wp-json\/wp\/v2\/media?parent=18089"}],"wp:term":[{"taxonomy":"category","embeddable":true,"href":"https:\/\/monde25.info\/index.php\/wp-json\/wp\/v2\/categories?post=18089"},{"taxonomy":"post_tag","embeddable":true,"href":"https:\/\/monde25.info\/index.php\/wp-json\/wp\/v2\/tags?post=18089"}],"curies":[{"name":"wp","href":"https:\/\/api.w.org\/{rel}","templated":true}]}}