{"id":1809,"date":"2024-12-09T07:42:42","date_gmt":"2024-12-09T06:42:42","guid":{"rendered":"https:\/\/monde25.info\/index.php\/2024\/12\/09\/laffaire-la-plus-importante-de-lhistoire-de-lhumanite-se-tient-a-la-haye\/"},"modified":"2024-12-09T07:42:42","modified_gmt":"2024-12-09T06:42:42","slug":"laffaire-la-plus-importante-de-lhistoire-de-lhumanite-se-tient-a-la-haye","status":"publish","type":"post","link":"https:\/\/monde25.info\/index.php\/2024\/12\/09\/laffaire-la-plus-importante-de-lhistoire-de-lhumanite-se-tient-a-la-haye\/","title":{"rendered":"l\u2019affaire \u00ab\u00a0la plus importante de l\u2019histoire de l\u2019humanit\u00e9\u00a0\u00bb se tient \u00e0 La Haye"},"content":{"rendered":"<p> <br \/>\n<\/p>\n<div>\n<p>    <span class=\"date\">6 d\u00e9cembre 2024  \u00e0 09h30<\/span><\/p>\n<p>    <span class=\"date_modif\">Mis \u00e0 jour le 7 d\u00e9cembre 2024 \u00e0 09h48<\/span>      <\/p>\n<p class=\"duree_lecture\">\n        Dur\u00e9e de lecture : 4 minutes\n      <\/p>\n<\/p><\/div>\n<div>\n<p>Il pourrait s\u2019agir de <i>\u00ab<small class=\"fine d-inline\">\u00a0<\/small>l\u2019affaire la plus importante de l\u2019histoire de l\u2019humanit\u00e9<small class=\"fine d-inline\">\u00a0<\/small>\u00bb<\/i>. Le repr\u00e9sentant du Vanuatu, Ralph Regenvanu, <a target=\"_blank\" href=\"https:\/\/www.lesechos.fr\/monde\/enjeux-internationaux\/climat-a-la-haye-les-premieres-audiences-de-l-affaire-la-plus-importante-de-lhistoire-de-lhumanite-2135776\" class=\"spip_out\" rel=\"external\">n\u2019a pas m\u00e2ch\u00e9 ses mots<\/a>, lundi 2\u00a0d\u00e9cembre, devant la Cour internationale de justice (<span class=\"caps\">CIJ<\/span>) \u00e0 La Haye (Pays-Bas). Et pour cause\u00a0: jusqu\u2019au 13\u00a0d\u00e9cembre, les quinze juges internationaux vont entendre une centaine d\u2019\u00c9tats sur leurs obligations en mati\u00e8re de <a target=\"_blank\" href=\"Qu-est-ce-que-le-rechauffement-climatique\">changement climatique<\/a>.<\/p>\n<p>Plus pr\u00e9cis\u00e9ment, la Cour devra rendre un avis sur deux questions essentielles\u00a0: quelles sont les obligations climatiques des pays au regard du droit international<small class=\"fine d-inline\">\u00a0<\/small>? Et quelles sont les cons\u00e9quences juridiques pour les \u00c9tats en cas de manquement<small class=\"fine d-inline\">\u00a0<\/small>? <i>\u00ab<small class=\"fine d-inline\">\u00a0<\/small>Il existe aujourd\u2019hui des trait\u00e9s, comme l\u2019Accord de Paris, mais qui sont clairement insuffisants pour lutter contre le changement climatique et ses effets,<\/i> pr\u00e9cise Charlotte Ruzzica de La Chauss\u00e9e, avocate pour la Commission des petits \u00c9tats insulaires (<a target=\"_blank\" href=\"https:\/\/www.cosis-ccil.org\/\" class=\"spip_out\" rel=\"external\">Cosis<\/a>) pr\u00e9sente \u00e0 la Haye. <i>L\u2019id\u00e9e, c\u2019est de clarifier les responsabilit\u00e9s et les potentielles sanctions.<small class=\"fine d-inline\">\u00a0<\/small>\u00bb<\/i><\/p>\n<p>Pour bien comprendre ce qui se joue aux Pays-Bas, il faut se pencher sur la situation \u2014 quasi-d\u00e9sesp\u00e9r\u00e9e \u2014 des \u00eeles du Pacifique. Tandis que ces petits \u00c9tats <a target=\"_blank\" href=\"https:\/\/reporterre.net\/Face-a-la-montee-des-eaux-l-exil-climatique-est-un-drame-existentiel\">voient la mer monter inexorablement<\/a>, les <span class=\"caps\">COP<\/span> se sont encha\u00een\u00e9es, sans parvenir \u00e0 poser de limite stricte aux \u00e9missions polluantes ni \u00e0 d\u00e9cider d\u2019aides substantielles pour les peuples les plus vuln\u00e9rables.<\/p>\n<div class=\"spip_document_85981 spip_document spip_documents spip_document_image spip_documents_center spip_document_center spip_document_avec_legende\" data-legende-len=\"189\" data-legende-lenx=\"xxx\">\n<figure class=\"spip_doc_inner\">\n      <picture><source type=\"image\/webp\" srcset=\"https:\/\/reporterre.net\/local\/cache-vignettes\/L1050xH700\/iss002-e-6439-29b19.jpg@.webp?1731056137\"><img decoding=\"async\" src=\"https:\/\/reporterre.net\/IMG\/jpg\/iss002-e-6439.jpg\" width=\"1200\" height=\"800\" loading=\"lazy\" alt=\"\"\/><br \/>\n    <\/source><\/picture><figcaption class=\"spip_doc_legende\">\n<p>Les \u00eeles Carteret en Papouasie-Nouvelle-Guin\u00e9e sont un ensemble de six \u00e9clats de terre qui forment un atoll. Leurs habitants (plus d\u2019un millier aujourd\u2019hui) sont contraints \u00e0 l\u2019exil.<br \/>\n<i>Nasa<br \/>\n<\/i><\/p>\n<\/figcaption><\/figure>\n<\/p><\/div>\n<p>D\u00e9\u00e7us par la lenteur des processus diplomatiques, le Vanuatu et ses alli\u00e9s ont d\u00e9cid\u00e9 de se tourner vers l\u2019organe supr\u00eame de la justice mondiale\u00a0: la Cour internationale de justice, seule institution \u00e0 m\u00eame de juger des diff\u00e9rends entre \u00c9tats. Ils esp\u00e8rent ainsi contraindre tous les pays \u00e0 acc\u00e9l\u00e9rer la r\u00e9duction de leurs \u00e9missions par crainte de recours juridiques.<\/p>\n<h2 class=\"spip\">\u00c9pauler la lutte dans les tribunaux<\/h2>\n<p>Attention cependant, la Cour ne va pas d\u00e9signer de coupables ni fixer le montant des pr\u00e9judices. <i>\u00ab<small class=\"fine d-inline\">\u00a0<\/small>L\u2019enjeu ne sera pas de faire reconna\u00eetre que les \u00c9tats ont des obligations\u00a0climatiques, mais plut\u00f4t \u00e0 partir de quel texte, et avec quelles cons\u00e9quences<small class=\"fine d-inline\">\u00a0<\/small>\u00bb<\/i>, soulignait Arnaud Gossement <a target=\"_blank\" href=\"https:\/\/www.lesechos.fr\/monde\/enjeux-internationaux\/climat-a-la-haye-les-premieres-audiences-de-l-affaire-la-plus-importante-de-lhistoire-de-lhumanite-2135776\" class=\"spip_out\" rel=\"external\">aupr\u00e8s des <i>\u00c9chos<\/i><\/a>. En clair, aujourd\u2019hui, seuls trois pav\u00e9s onusiens parlent explicitement de lutte contre le changement climatique\u00a0: la Convention-cadre des Nations unies sur le changement climatique (Ccnucc), le Protocole de Kyoto et l\u2019Accord de Paris. Des trait\u00e9s peu contraignants juridiquement.<\/p>\n<p>Or d\u2019autres textes pourraient \u00e9galement \u00eatre invoqu\u00e9s \u2014 notamment devant les tribunaux \u2014 comme le Pacte international relatif aux droits civils et politiques ou la D\u00e9claration universelle des droits de l\u2019Homme. Si les juges proposaient <i>in fine<\/i> cette interpr\u00e9tation plus large, <i>\u00ab<small class=\"fine d-inline\">\u00a0<\/small>\u00e7a pourrait nourrir le contentieux et la r\u00e9ponse des tribunaux mondiaux<small class=\"fine d-inline\">\u00a0<\/small>\u00bb<\/i>, indique Charlotte Ruzzica de La Chauss\u00e9e. Dit autrement, l\u2019objectif est de donner plus de grains \u00e0 moudre aux juges du monde entier pour statuer sur les d\u00e9saccords climatiques.<\/p>\n<div class=\"spip_document_86906 spip_document spip_documents spip_document_image spip_documents_center spip_document_center spip_document_avec_legende\" data-legende-len=\"192\" data-legende-lenx=\"xxx\">\n<figure class=\"spip_doc_inner\">\n      <picture><source type=\"image\/webp\" srcset=\"https:\/\/reporterre.net\/local\/cache-vignettes\/L1050xH700\/6982134155_98d6a8c896_k-8aec0.jpg@.webp?1733420467\"><img decoding=\"async\" src=\"https:\/\/reporterre.net\/IMG\/jpg\/6982134155_98d6a8c896_k.jpg\" width=\"1200\" height=\"800\" loading=\"lazy\" alt=\"\"\/><br \/>\n    <\/source><\/picture><figcaption class=\"spip_doc_legende\">\n<p>Objectif de ces audiences devant la Cour internationale de justice\u00a0: d\u00e9finir des obligations juridiques afin de faire face au changement climatique.<br \/>\n<i>Flickr \/ <span class=\"caps\">CC<\/span> <span class=\"caps\">BY<\/span> 2.0 \/ United Nations Photo<br \/>\n<\/i><\/p>\n<\/figcaption><\/figure>\n<\/p><\/div>\n<p>Par exemple, illustraient deux chercheurs australiens <a target=\"_blank\" href=\"https:\/\/theconversation.com\/trusted-partner-to-the-pacific-or-giant-fossil-fuel-exporter-this-week-australia-chose-the-latter-245268\" class=\"spip_out\" rel=\"external\">dans <i>The Conversation<\/i><\/a>, <i>\u00ab<small class=\"fine d-inline\">\u00a0<\/small>si l\u2019avis de la Cour \u00e9tablit un lien clair entre les exportateurs de combustibles fossiles et les dommages caus\u00e9s au climat, il pourrait y avoir de graves cons\u00e9quences pour [les pays concern\u00e9s comme] l\u2019Australie<\/i>, indiquaient-ils. <i>Cela pourrait, par exemple, ouvrir la voie \u00e0 des actions en justice visant \u00e0 obtenir des compensations pour les dommages caus\u00e9s au climat.<small class=\"fine d-inline\">\u00a0<\/small>\u00bb<\/i><\/p>\n<h2 class=\"spip\">La France gu\u00e8re int\u00e9ress\u00e9e<\/h2>\n<p>On n\u2019en est pas encore l\u00e0, mais la proc\u00e9dure fait clairement r\u00e9agir. Signe de l\u2019importance du sujet, une centaine d\u2019\u00c9tats sont attendus \u00e0 la Haye pour y \u00eatre entendus. Sans surprise, les plus pollueurs ont tent\u00e9 de se d\u00e9douaner. Ainsi, le repr\u00e9sentant de l\u2019Australie <i>\u00ab<small class=\"fine d-inline\">\u00a0<\/small>a sugg\u00e9r\u00e9 que la responsabilit\u00e9 des dommages caus\u00e9s par le changement climatique ne pouvait pas \u00eatre imput\u00e9e \u00e0 des \u00c9tats individuels<small class=\"fine d-inline\">\u00a0<\/small>\u00bb<\/i>, <a target=\"_blank\" href=\"https:\/\/theconversation.com\/trusted-partner-to-the-pacific-or-giant-fossil-fuel-exporter-this-week-australia-chose-the-latter-245268\" class=\"spip_out\" rel=\"external\">selon les chercheurs<\/a>.<\/p>\n<p>Quant \u00e0 la France, auditionn\u00e9e jeudi 5\u00a0d\u00e9cembre, <i>\u00ab<small class=\"fine d-inline\">\u00a0<\/small>elle s\u2019est focalis\u00e9e sur la d\u00e9fense de l\u2019Accord de Paris<\/i>, nous indique une observatrice qui souhaite rester anonyme. <i>Elle a insist\u00e9 sur le caract\u00e8re consensuel de l\u2019accord, qui pr\u00f4ne la solidarit\u00e9, et sur le fait que chaque \u00c9tat dispose de sa souverainet\u00e9 et de sa marge d\u2019appr\u00e9ciation pour prendre les mesures climatiques ad\u00e9quates.<small class=\"fine d-inline\">\u00a0<\/small>\u00bb<\/i> Circulez, il n\u2019y a rien \u00e0 voir.<\/p>\n<div class=\"spip_document_86907 spip_document spip_documents spip_document_image spip_documents_center spip_document_center spip_document_avec_legende\" data-legende-len=\"203\" data-legende-lenx=\"xxx\">\n<figure class=\"spip_doc_inner\">\n      <picture><source type=\"image\/webp\" srcset=\"https:\/\/reporterre.net\/local\/cache-vignettes\/L1050xH700\/screenshot_2024-12-05_at_18-10-01_facebook-755a2.png?1733420467\"><img decoding=\"async\" src=\"https:\/\/reporterre.net\/IMG\/png\/screenshot_2024-12-05_at_18-10-01_facebook.png\" width=\"1200\" height=\"800\" loading=\"lazy\" alt=\"\"\/><br \/>\n    <\/source><\/picture><figcaption class=\"spip_doc_legende\">\n<p>En 2021, le ministre des Affaires \u00e9trang\u00e8res de l\u2019archipel des Tuvalu, Simon Kof\u00e9, avait tenu un discours les pieds dans l\u2019eau.<br \/>\n<i>Ministry of Justice, Communication and Foreign Affairs, Tuvalu Government<br \/>\n<\/i><\/p>\n<\/figcaption><\/figure>\n<\/p><\/div>\n<p>Les audiences vont se poursuivre encore une semaine. Les juges prendront ensuite plusieurs mois pour produire leur avis, consultatif. M\u00eame si les espoirs sont grands, pour l\u2019heure, rien n\u2019est donc jou\u00e9. Les observateurs se montrent d\u2019ailleurs tr\u00e8s prudents, la Cour internationale de justice \u00e9tant r\u00e9put\u00e9e conservatrice. Quoiqu\u2019il en soit, pour Arnaud Gossement, <i>\u00ab<small class=\"fine d-inline\">\u00a0<\/small>l\u2019avis est tr\u00e8s attendu car sa port\u00e9e m\u00e9diatique et politique potentielle lui donnera une importance capitale dans tous les proc\u00e8s climatiques \u00e0 venir<small class=\"fine d-inline\">\u00a0<\/small>\u00bb<\/i>.<\/p>\n<aside class=\"boite_encarts\">\n<div class=\"encart encart_gris noprint\">\n<p><strong>Il est de retour.<\/strong><\/p>\n<p>Dans quelques semaines, Donald Trump se r\u00e9-installera \u00e0 la Maison Blanche.<\/p>\n<p>Un milliardaire, pour qui le r\u00e9chauffement climatique est \u00ab<small class=\"fine d-inline\">\u00a0<\/small>un canular<small class=\"fine d-inline\">\u00a0<\/small>\u00bb, sera \u00e0 la t\u00eate de la plus grande puissance mondiale.<\/p>\n<p>Dans une d\u00e9cennie cruciale pour l\u2019\u00e9cologie, nous ne pouvons pas nous permettre de perdre plus de temps.<\/p>\n<p>La soci\u00e9t\u00e9 civile doit continuer de se soulever, de se mobiliser et de faire pression sur les puissants.<\/p>\n<p>Mais pour agir, il faut savoir.<\/p>\n<p><strong>Depuis 11 ans, nous publions des articles de qualit\u00e9 sur l\u2019\u00e9cologie, en acc\u00e8s libre et sans publicit\u00e9, pour tous.<\/strong><\/p>\n<p>Nous avons la conviction que l\u2019urgence \u00e9cologique est l\u2019enjeu majeur de notre \u00e9poque.<br class=\"autobr\"\/><br \/>\n Et comme plus de 2 millions de lectrices et lecteurs chaque mois, vous partagez sans doute cette conviction&#8230;<\/p>\n<p>Alors si vous en avez les moyens, sachez qu\u2019un don, m\u00eame d\u20191\u20ac, est un acte de soutien fort pour l\u2019\u00e9cologie et le journalisme ind\u00e9pendant.<br class=\"autobr\"\/><br \/>\n (Et \u00e7a vous prendra moins de temps que la lecture de ce texte).<\/p>\n<p><strong>Si vous le pouvez, choisissez un soutien mensuel. Merci.<\/strong><\/p>\n<p><a target=\"_blank\" href=\"https:\/\/reporterre.net\/dons\" class=\"bt_soutenir\">Je soutiens <i>Reporterre<\/i><\/a><\/p>\n<\/p><\/div>\n<div class=\"encart encart_vert noprint montre_1023\">\n<div class=\"infolettre-form-container noprint\">\n<p>Abonnez-vous \u00e0 la lettre d\u2019info de Reporterre<\/p>\n<\/div><\/div>\n<\/aside>\n<aside class=\"boite_apresarticle encart_note\">\n<h4>Apr\u00e8s cet article<\/h4>\n<p>      <a target=\"_blank\" href=\"https:\/\/reporterre.net\/Face-a-la-montee-des-eaux-l-exil-climatique-est-un-drame-existentiel\" class=\"lien_article\">\n      <picture class=\"vignette_gauche\"><source type=\"image\/webp\" srcset=\"https:\/\/reporterre.net\/local\/cache-gd2\/07\/2de7a3bea6c4582049bee45df6e5b9.jpg@.webp?1731070871\"><img decoding=\"async\" src=\"https:\/\/reporterre.net\/local\/cache-gd2\/07\/2de7a3bea6c4582049bee45df6e5b9.jpg?1731070871\" width=\"450\" height=\"300\" alt=\"\" class=\"marge12\" loading=\"lazy\"\/><br \/>\n<\/source><\/picture>\n<p class=\"libelle\">\n<p>          Tribune \u2014<\/p>\n<p>      Climat\n    <\/p>\n<p class=\"titre pol20\">Face \u00e0 la mont\u00e9e des eaux, \u00ab<small class=\"fine d-inline\">\u00a0<\/small>l\u2019exil climatique est un drame existentiel<small class=\"fine d-inline\">\u00a0<\/small>\u00bb<\/p>\n<p>      <\/a><br \/>\n    <\/aside>\n<aside class=\"boite_complement texte\">\n<p>      <!-- zone_forum --><br \/>\n          <\/aside>\n<aside class=\"boite_lireaussi noprint\">\n<\/aside>\n<aside class=\"colonne\">\n<div class=\"article_info cache_1023 noprint\">\n<p>    <span class=\"date\">6 d\u00e9cembre 2024  \u00e0 09h30<\/span><\/p>\n<p>    <span class=\"date_modif\">Mis \u00e0 jour le 7 d\u00e9cembre 2024 \u00e0 09h48<\/span>      <\/p>\n<p class=\"duree_lecture\">\n        Dur\u00e9e de lecture : 4 minutes\n      <\/p>\n<\/p><\/div>\n<div class=\"bloc_infolettre\">\n<div class=\"infolettre-form-container noprint\">\n<p>Abonnez-vous \u00e0 la lettre d\u2019info de Reporterre<\/p>\n<\/div><\/div>\n<\/aside>\n<div id=\"galerie\">\n  <img decoding=\"async\" src=\"\" class=\"principale\" id=\"principale\"\/><\/p>\n<p id=\"legende\">legende<\/p>\n<\/div>\n<footer class=\"noprint\">\n<\/footer>\n<\/div>\n<p><br \/>\n<br \/><a href=\"https:\/\/reporterre.net\/Climat-l-affaire-la-plus-importante-de-l-histoire-de-l-humanite-se-tient-a-La-Haye\" target=\"_blank\"\">Source link <\/a><\/p>\n","protected":false},"excerpt":{"rendered":"<p>6 d\u00e9cembre 2024 \u00e0 09h30 Mis \u00e0 jour le 7 d\u00e9cembre 2024 \u00e0 09h48 Dur\u00e9e de lecture : 4 minutes Il pourrait s\u2019agir de \u00ab\u00a0l\u2019affaire la plus importante de l\u2019histoire&hellip; <\/p>\n","protected":false},"author":1,"featured_media":1810,"comment_status":"open","ping_status":"open","sticky":false,"template":"","format":"standard","meta":{"footnotes":""},"categories":[1],"tags":[],"class_list":["post-1809","post","type-post","status-publish","format-standard","has-post-thumbnail","hentry","category-non-classe"],"_links":{"self":[{"href":"https:\/\/monde25.info\/index.php\/wp-json\/wp\/v2\/posts\/1809","targetHints":{"allow":["GET"]}}],"collection":[{"href":"https:\/\/monde25.info\/index.php\/wp-json\/wp\/v2\/posts"}],"about":[{"href":"https:\/\/monde25.info\/index.php\/wp-json\/wp\/v2\/types\/post"}],"author":[{"embeddable":true,"href":"https:\/\/monde25.info\/index.php\/wp-json\/wp\/v2\/users\/1"}],"replies":[{"embeddable":true,"href":"https:\/\/monde25.info\/index.php\/wp-json\/wp\/v2\/comments?post=1809"}],"version-history":[{"count":0,"href":"https:\/\/monde25.info\/index.php\/wp-json\/wp\/v2\/posts\/1809\/revisions"}],"wp:featuredmedia":[{"embeddable":true,"href":"https:\/\/monde25.info\/index.php\/wp-json\/wp\/v2\/media\/1810"}],"wp:attachment":[{"href":"https:\/\/monde25.info\/index.php\/wp-json\/wp\/v2\/media?parent=1809"}],"wp:term":[{"taxonomy":"category","embeddable":true,"href":"https:\/\/monde25.info\/index.php\/wp-json\/wp\/v2\/categories?post=1809"},{"taxonomy":"post_tag","embeddable":true,"href":"https:\/\/monde25.info\/index.php\/wp-json\/wp\/v2\/tags?post=1809"}],"curies":[{"name":"wp","href":"https:\/\/api.w.org\/{rel}","templated":true}]}}