{"id":18102,"date":"2025-10-22T19:40:24","date_gmt":"2025-10-22T17:40:24","guid":{"rendered":"https:\/\/monde25.info\/index.php\/2025\/10\/22\/presidentielle-2027-marine-tondelier-candidate-a-une-primaire-de-la-gauche\/"},"modified":"2025-10-22T19:40:24","modified_gmt":"2025-10-22T17:40:24","slug":"presidentielle-2027-marine-tondelier-candidate-a-une-primaire-de-la-gauche","status":"publish","type":"post","link":"https:\/\/monde25.info\/index.php\/2025\/10\/22\/presidentielle-2027-marine-tondelier-candidate-a-une-primaire-de-la-gauche\/","title":{"rendered":"Pr\u00e9sidentielle 2027\u00a0: Marine Tondelier candidate \u00e0 une primaire de la gauche"},"content":{"rendered":"<p> <br \/>\n<br \/><img loading=\"lazy\" decoding=\"async\" src=\"https:\/\/reporterre.net\/local\/cache-vignettes\/L700xH467\/afp__20250821__726e9x4__v1__highres__francepoliticspartiesecologists_1_-2-855e1.jpg?1761153812\" class=\"spip_logo\" width=\"700\" height=\"467\" alt=\"\" \/><\/p>\n<p>La secr\u00e9taire nationale des \u00c9cologistes a annonc\u00e9 se lancer dans la course \u00e0 l&rsquo;\u00c9lys\u00e9e, mercredi 22\u00a0octobre. Elle veut \u00e9galement organiser une primaire \u00e0 gauche. <br class=\"autobr\" \/> Ses ambitions pr\u00e9sidentielles \u00e9taient connues, elle a d\u00e9cid\u00e9 de passer \u00e0 la vitesse sup\u00e9rieure. La patronne des \u00c9cologistes Marine Tondelier a annonc\u00e9 dans L&rsquo;Obs sa candidature \u00e0 l&rsquo;\u00e9lection pr\u00e9sidentielle de 2027, mercredi 22\u00a0octobre. <br class=\"autobr\" \/><br \/>\nC&rsquo;est un \u00ab<small class=\"fine d-inline\">\u00a0<\/small>acte d&rsquo;amour pour la France, par ce qu&rsquo;on ne peut pas aimer son pays et accepter\u00a0(\u2026)<\/p>\n<p>                    <a target=\"_blank\" href=\"https:\/\/reporterre.net\/Presidentielle-2027-Marine-Tondelier-candidate-a-une-primaire-de-la-gauche?utm_source=RSS&amp;utm_medium=RSS\">Lire la suite<\/a><\/p>\n<p>                    &#8211;<br \/>\n                        <a target=\"_blank\" href=\"https:\/\/reporterre.net\/Reportage\" rel=\"directory\">Reportage<\/a><\/p>\n<p>                    \/<br \/>\n                        <a target=\"_blank\" href=\"https:\/\/reporterre.net\/Politique\" rel=\"tag\">Politique<\/a><br \/>\n<br \/><br \/>\n<br \/><a href=\"https:\/\/reporterre.net\/Presidentielle-2027-Marine-Tondelier-candidate-a-une-primaire-de-la-gauche\" target=\"_blank\"\">Source link <\/a><\/p>\n","protected":false},"excerpt":{"rendered":"<p>La secr\u00e9taire nationale des \u00c9cologistes a annonc\u00e9 se lancer dans la course \u00e0 l&rsquo;\u00c9lys\u00e9e, mercredi 22\u00a0octobre. Elle veut \u00e9galement organiser une primaire \u00e0 gauche. Ses ambitions pr\u00e9sidentielles \u00e9taient connues, elle&hellip; <\/p>\n","protected":false},"author":1,"featured_media":0,"comment_status":"open","ping_status":"open","sticky":false,"template":"","format":"standard","meta":{"footnotes":""},"categories":[1],"tags":[],"class_list":["post-18102","post","type-post","status-publish","format-standard","hentry","category-non-classe"],"_links":{"self":[{"href":"https:\/\/monde25.info\/index.php\/wp-json\/wp\/v2\/posts\/18102","targetHints":{"allow":["GET"]}}],"collection":[{"href":"https:\/\/monde25.info\/index.php\/wp-json\/wp\/v2\/posts"}],"about":[{"href":"https:\/\/monde25.info\/index.php\/wp-json\/wp\/v2\/types\/post"}],"author":[{"embeddable":true,"href":"https:\/\/monde25.info\/index.php\/wp-json\/wp\/v2\/users\/1"}],"replies":[{"embeddable":true,"href":"https:\/\/monde25.info\/index.php\/wp-json\/wp\/v2\/comments?post=18102"}],"version-history":[{"count":0,"href":"https:\/\/monde25.info\/index.php\/wp-json\/wp\/v2\/posts\/18102\/revisions"}],"wp:attachment":[{"href":"https:\/\/monde25.info\/index.php\/wp-json\/wp\/v2\/media?parent=18102"}],"wp:term":[{"taxonomy":"category","embeddable":true,"href":"https:\/\/monde25.info\/index.php\/wp-json\/wp\/v2\/categories?post=18102"},{"taxonomy":"post_tag","embeddable":true,"href":"https:\/\/monde25.info\/index.php\/wp-json\/wp\/v2\/tags?post=18102"}],"curies":[{"name":"wp","href":"https:\/\/api.w.org\/{rel}","templated":true}]}}