{"id":18105,"date":"2025-10-22T20:47:22","date_gmt":"2025-10-22T18:47:22","guid":{"rendered":"https:\/\/monde25.info\/index.php\/2025\/10\/22\/et-pourquoi-pas-un-sarkothon-tant-quon-y-est\/"},"modified":"2025-10-22T20:47:22","modified_gmt":"2025-10-22T18:47:22","slug":"et-pourquoi-pas-un-sarkothon-tant-quon-y-est","status":"publish","type":"post","link":"https:\/\/monde25.info\/index.php\/2025\/10\/22\/et-pourquoi-pas-un-sarkothon-tant-quon-y-est\/","title":{"rendered":"Et pourquoi pas un \u00ab\u00a0Sarkothon\u00a0\u00bb, tant qu&rsquo;on y est ?"},"content":{"rendered":"<p> <br \/>\n<\/p>\n<div>\n<p>La <a target=\"_blank\" href=\"https:\/\/rmc.bfmtv.com\/actualites\/politique\/c-est-le-christ-qui-va-a-la-croix-la-mise-en-scene-de-l-incarceration-de-nicolas-sarkozy-agace-certains_AV-202510210458.html\">mise en sc\u00e8ne de l\u2019incarc\u00e9ration<\/a> de Nicolas Sarkozy agace certains. Et on les comprend !<\/p>\n<p><img decoding=\"async\" data-entity-uuid=\"c429a1f4-b91c-47bb-beec-5c8d34d7fba6\" data-entity-type=\"file\" alt=\"Mise en sc\u00e8ne\" width=\"601\" height=\"480\" loading=\"lazy\" class=\"lazyload\" src=\"https:\/\/www.francesoir.fr\/sites\/default\/files\/inline-images\/image_701.png\"\/><\/p>\n<p>Parmi eux, l&rsquo;\u00e9ducateur Abel Boyi, offusqu\u00e9 sur BFMTV en commentant le rassemblement de soutien organis\u00e9 ce matin par ses fils devant son domicile, alors qu&rsquo;il partait pour la prison de La Sant\u00e9\u00a0: \u00ab <em>Ils ont le droit d&rsquo;\u00eatre tristes et de se rassembler, mais le message insidieux est ind\u00e9cent. On a l&rsquo;impression que c&rsquo;est le Christ qui va \u00e0 la croix&#8230; Avec le Comte de Monte-Cristo et une biographie de J\u00e9sus-Christ, y a-t-il besoin de dire tout \u00e7a ? Qu&rsquo;on ne rajoute pas d&rsquo;huile sur le feu.<\/em> \u00bb<\/p>\n<p>Cette th\u00e9\u00e2tralisation parait d&rsquo;autant plus difficilement acceptable que Nicolas Sarkozy a d\u00e9j\u00e0 enferm\u00e9 70 millions de Fran\u00e7ais par non respect de leur volont\u00e9 : en violant le \u00ab\u00a0<em>Non<\/em>\u00a0\u00bb massif au r\u00e9f\u00e9rendum de 2005 sur le trait\u00e9 constitutionnel europ\u00e9en, il a fait adopter le trait\u00e9 de Lisbonne par le Parlement \u2013 un coup d&rsquo;\u00c9tat institutionnel, grav\u00e9 dans le marbre europ\u00e9en.<\/p>\n<p>\u00c0 cet \u00e9gard, la <a target=\"_blank\" href=\"https:\/\/twitter.com\/i\/status\/1980571735985360972\">grossi\u00e8ret\u00e9 de Karl Olive, d\u00e9put\u00e9 Renaissance<\/a>, qui justifiait sa pr\u00e9sence au rassemblement par \u00ab\u00a0<em>l&rsquo;amiti\u00e9<\/em>\u00a0\u00bb (\u00ab\u00a0<em>On va me le reprocher, mais je les emmerde, et bien comme il faut<\/em>\u00a0\u00bb), m\u00e9rite une r\u00e9plique sarkozyste \u00ab\u00a0<em>Casse-toi, pov&rsquo; con !<\/em>\u00a0\u00bb me souffle un lecteur de <em>France-Soir<\/em>.<\/p>\n<p>Mais la palme du cynisme ne revient-elle pas au principal int\u00e9ress\u00e9 ? Voici ce que Nicolas Sarkozy a <a target=\"_blank\" href=\"https:\/\/x.com\/NicolasSarkozy\/status\/1980533625146978759\">publi\u00e9 ce matin<\/a>, en commentaire de son incarc\u00e9ration : \u00ab <em>Au moment o\u00f9 je m&rsquo;appr\u00eate \u00e0 franchir les murs de la prison de La Sant\u00e9, mes pens\u00e9es vont vers les Fran\u00e7aises et les Fran\u00e7ais de toutes conditions et de toutes opinions. Je veux leur dire avec la force in\u00e9branlable qui est la mienne que ce n&rsquo;est pas un ancien Pr\u00e9sident de la R\u00e9publique qu&rsquo;on enferme ce matin : c&rsquo;est un innocent. Je continuerai \u00e0 d\u00e9noncer ce scandale judiciaire, ce chemin de croix que je subis depuis plus de 10 ans. Voil\u00e0 donc une affaire de financement ill\u00e9gal sans la moindre irr\u00e9gularit\u00e9 ! Une instruction judiciaire au long cours lanc\u00e9e sur la base d&rsquo;un document dont la fausset\u00e9 est d\u00e9sormais \u00e9tablie. Je ne demande aucun avantage, aucune faveur. Je ne suis pas \u00e0 plaindre, car ma voix porte. Je ne suis pas \u00e0 plaindre parce que ma femme et mes enfants sont \u00e0 mes c\u00f4t\u00e9s, et mes amis sont innombrables. Mais ce matin, j&rsquo;\u00e9prouve une peine profonde pour la France qui se trouve humili\u00e9e par l&rsquo;expression d&rsquo;une vengeance qui a port\u00e9 la haine \u00e0 un niveau in\u00e9gal\u00e9. Je n&rsquo;ai pas de doute. La v\u00e9rit\u00e9 triomphera. Mais le prix \u00e0 payer aura \u00e9t\u00e9 \u00e9crasant&#8230; NS<\/em> \u00bb<\/p>\n<blockquote class=\"twitter-tweet\">\n<p lang=\"zxx\" dir=\"ltr\"><a target=\"_blank\" href=\"https:\/\/t.co\/m1gl7j7gQj\">pic.twitter.com\/m1gl7j7gQj<\/a><\/p>\n<p>\u2014 Nicolas Sarkozy (@NicolasSarkozy) <a target=\"_blank\" href=\"https:\/\/twitter.com\/NicolasSarkozy\/status\/1980533625146978759?ref_src=twsrc%5Etfw\">October 21, 2025<\/a><\/p>\n<\/blockquote>\n<p>Lou\u00e9 par ses coll\u00e8gues LR, Nicolas Sarkozy n&rsquo;a-t-il pas contribu\u00e9 \u00e0 ronger la souverainet\u00e9 fran\u00e7aise &#8211; humiliation \u00e9conomique et militaire impos\u00e9e aux \u00c9tats-Unis via le retour dans l&rsquo;OTAN en 2007 ? N\u2019est-ce pas l\u00e0 le comble du cynisme, d&rsquo;\u00eatre pos\u00e9 <strong>en martyr alors qu&rsquo;on a pi\u00e9tin\u00e9 la volont\u00e9 du peuple<\/strong> ?N\u2019est-ce pas se moquer du monde et prendre les Fran\u00e7ais pour des idiots\u00a0? Et en Libye, en 2011 ? La haine n&rsquo;a-t-elle pas \u00e9t\u00e9 attis\u00e9e, de mani\u00e8re d\u00e9vastatrice, semant le chaos au nom d&rsquo;int\u00e9r\u00eats g\u00e9opolitiques\u00a0?<\/p>\n<p>Mais au-del\u00e0 du spectacle judiciaire dont l&rsquo;appel reste \u00e0 venir pour d\u00e9terminer si Nicolas Sarkozy est r\u00e9ellement coupable ou non, <strong>quel est le sc\u00e9nario de cette pi\u00e8ce politico-m\u00e9diatique ? <\/strong>Tout parait calcul\u00e9, y compris la victimisation qui le pare en bouc \u00e9missaire d&rsquo;une \u00ab\u00a0<em>cabale<\/em>\u00a0\u00bb. Un indice : Laurence Sailliet, ex-eurod\u00e9put\u00e9e LR, au rassemblement\u00a0: \u00ab <em>Je voulais apporter mon soutien et mon amiti\u00e9 \u00e0 Nicolas Sarkozy. C&rsquo;est ce que ressentent des millions de Fran\u00e7ais.<\/em> \u00bb Et ceci, sans prendre en consid\u00e9ration, l\u2019avis des Fran\u00e7ais\u00a0: dans <a target=\"_blank\" href=\"https:\/\/www.francesoir.fr\/politique-france\/les-francais-en-crise-de-confiance-entre-desillusion-economique-et-scepticisme\">un sondage MIS<\/a> Group pour France-Soir\/BonSens.org, 31 % des Fran\u00e7ais estiment que la condamnation de Nicolas Sarkozy est injuste, et 52 % la pensent l\u00e9gitime.<\/p>\n<p><img decoding=\"async\" data-entity-uuid=\"0e9cf167-69f5-41dd-ad99-8f1cb2a8022d\" data-entity-type=\"file\" width=\"945\" height=\"305\" alt=\"Sodnage\" loading=\"lazy\" class=\"lazyload\" src=\"https:\/\/www.francesoir.fr\/sites\/default\/files\/inline-images\/image_702.png\"\/><\/p>\n<p>Alors <strong>oui, l&rsquo;objectif est clair<\/strong>. Transformer la peine en suffrage, et cette fois sans demander l\u2019avis aux Fran\u00e7ais, \u00e0 la diff\u00e9rence du r\u00e9f\u00e9rendum de 2005\u00a0! Faire de celui qui a enferm\u00e9 les Fran\u00e7ais en ne respectant pas le r\u00e9f\u00e9rendum en 2006, en un martyr aujourd&rsquo;hui. Serait-ce pour en faire le sauveur demain, en 2027\u00a0? Apr\u00e8s les dix ans d&rsquo;Emmanuel Macron \u2013 ce \u00ab\u00a0<em>projet<\/em>\u00a0\u00bb qui aura achev\u00e9 de fracturer la France \u2013, <strong>Nicolas Sarkozy sera-t-il intronis\u00e9 \u00ab\u00a0<\/strong><em><strong>unificateur de la droite r\u00e9publicaine<\/strong><\/em><strong>\u00a0\u00bb,<\/strong> rempart contre un RN diabolis\u00e9 comme chemin vers la guerre civile\u00a0? Un RN qui se sabordera lui-m\u00eame, comme toujours, pour lui livrer la victoire. Et, il ressuscitera le slogan macronien \u00ab\u00a0<em>C&rsquo;est soit moi, soit le chaos !<\/em> \u00bb<\/p>\n<p>Pire encore : ce retour paverait-il la voie \u00e0 l&rsquo;\u00e9tape finale du \u00ab\u00a0<em>projet<\/em>\u00a0\u00bb\u00a0? Une destruction mat\u00e9rielle du pays, consistant en une guerre contre la Russie, livr\u00e9e par l&rsquo;OTAN (o\u00f9 Nicolas Sarkozy nous a replong\u00e9s en 2007) et une Union Europ\u00e9enne belliqueuse, qui pourrait \u00eatre pilot\u00e9e d&rsquo;ici 2027 par un Emmanuel Macron pr\u00e9sident de la Commission \u2013 successeur d&rsquo;Ursula von der Leyen, plac\u00e9e l\u00e0 pour pr\u00e9parer le terrain. D\u2019o\u00f9 la mise en place du <a target=\"_blank\" href=\"https:\/\/www.francesoir.fr\/politique-monde\/plan-rearm-europe-ursula-von-der-leyen-justifie-sa-decision-de-contourner-le\">plan REARM<\/a> par von der Leyen et la proposition de mutualisation de l\u2019arme nucl\u00e9aire fran\u00e7aise <a target=\"_blank\" href=\"https:\/\/www.francesoir.fr\/opinions-tribunes\/dissuasion-nucleaire-francaise-soutien-l-appel-des-militaires-lance-sur-france\">au grand dam des militaires ayant le respect des engagements et des armes<\/a> ainsi que la <a target=\"_blank\" href=\"https:\/\/www.francesoir.fr\/politique-france\/rearmement-ou-desarmement-bonsensorg-secoue-l-ue-et-s-engage-pour-la-paix\">connaissance du Trait\u00e9 de non-prolif\u00e9ration<\/a> dont Macron s\u2019affranchit ais\u00e9ment comme de la Constitution.<\/p>\n<p>Un frisson plus gla\u00e7ant : verra-t-on prendre place des \u00e9chos troublants entre le parcours judiciaire de Nicolas Sarkozy \u2013 VIP en prison, lib\u00e9ration rapide pour \u00ab\u00a0<em>bonne conduite<\/em>\u00a0\u00bb, livre \u00e0 venir pendant la d\u00e9tention \u2013 et de celui, qui \u00e9crivit Mein Kampf en cellule apr\u00e8s son putsch rat\u00e9\u00a0? Ironie du sort : le \u00ab\u00a0<em>putsch<\/em>\u00a0\u00bb de Nicolas Sarkozy en 2008 (Lisbonne), lui, a r\u00e9ussi. Et Emmanuel Macron\u00a0? Il n&rsquo;intervient pas, feignant la neutralit\u00e9 pour parfaire la mise en sc\u00e8ne. Vendredi, \u00e0 l&rsquo;\u00c9lys\u00e9e, ce n&rsquo;\u00e9tait pas une visite : c&rsquo;\u00e9taient des instructions. Nicolas Sarkozy, le marionnettiste ? L&rsquo;hypoth\u00e8se, autrefois farfelue, gagne en vraisemblance.<\/p>\n<p>Bient\u00f4t, la Cour d&rsquo;appel tranchera sur sa remise en libert\u00e9 (demande d\u00e9pos\u00e9e aujourd&rsquo;hui en invoquant son \u00e2ge). Si refus\u00e9e, ce sera la preuve : <strong>cette victimisation n&rsquo;est qu&rsquo;un acte du grand th\u00e9\u00e2tre du \u00ab\u00a0<\/strong><em><strong>projet<\/strong><\/em><strong>\u00a0\u00bb.<\/strong><\/p>\n<p>L&rsquo;avenir s&rsquo;annonce sombre. Noir.<\/p>\n<p>Heureusement que, dans ce th\u00e9\u00e2tre sombre, <a target=\"_blank\" href=\"https:\/\/rmc.bfmtv.com\/actualites\/politique\/on-peut-voir-des-matchs-depuis-sa-cellule-les-conseils-lunaires-de-balkany-a-sarkozy-sur-la-prison_AV-202510160487.html\">Patrick Balkany est l\u00e0 pour nous faire rigoler<\/a> en donnant des conseils \u00e0 Nicolas Sarkozy pour son temps en prison. Cela afin de contraster avec les v\u00e9rit\u00e9s morbides dont j&rsquo;ai d\u00fb vous faire \u00e9tat ici.\u00a0Car comme journaliste, li\u00e9 par la Charte de Munich, je vous dois la v\u00e9rit\u00e9 \u2013 aussi am\u00e8re et inqui\u00e9tante soit-elle.<\/p>\n<p>\u00a0<\/p>\n<p>PS\u00a0: j&rsquo;ajoute ce dessin partag\u00e9 par un lecteur, montrant en somme un Nicolas Sarkozy Pr\u00e9sident ah doc d&rsquo;une s\u00e9ance de l&rsquo;Assembl\u00e9e nationale, justement compos\u00e9e de politiciens style Patrick Balkany, J\u00e9r\u00f4me Cahuzac, Claude\u202fGu\u00e9ant, L\u00e9on\u202fBertrand, Alain\u202fCarignon, Pierre Botton &amp; Cie.<\/p>\n<p><img decoding=\"async\" data-entity-uuid=\"aecc5e0b-397f-46b2-91d9-fbc43e6dc478\" data-entity-type=\"file\" width=\"400\" height=\"500\" alt=\"Casier\" class=\"align-center lazyload\" loading=\"lazy\" src=\"https:\/\/www.francesoir.fr\/sites\/default\/files\/inline-images\/image_703.png\"\/><\/div>\n<p><script async src=\"\/\/platform.twitter.com\/widgets.js\" charset=\"utf-8\"><\/script><script>(function(d, s, id) {  var js, fjs = d.getElementsByTagName(s)[0];  if (d.getElementById(id)) return;  js = d.createElement(s); js.id = id;  js.src = \"\/\/connect.facebook.net\/fr_FR\/sdk.js#xfbml=1&version=v2.3\";  fjs.parentNode.insertBefore(js, fjs);}(document, \"script\", \"facebook-jssdk\"));<\/script><br \/>\n<br \/><br \/>\n<br \/><a href=\"https:\/\/www.francesoir.fr\/opinions-editos\/et-pourquoi-pas-un-sarkothon-tant-qu-y-est\" target=\"_blank\"\">Source link <\/a><\/p>\n","protected":false},"excerpt":{"rendered":"<p>La mise en sc\u00e8ne de l\u2019incarc\u00e9ration de Nicolas Sarkozy agace certains. Et on les comprend ! Parmi eux, l&rsquo;\u00e9ducateur Abel Boyi, offusqu\u00e9 sur BFMTV en commentant le rassemblement de soutien&hellip; <\/p>\n","protected":false},"author":1,"featured_media":18106,"comment_status":"open","ping_status":"open","sticky":false,"template":"","format":"standard","meta":{"footnotes":""},"categories":[1],"tags":[],"class_list":["post-18105","post","type-post","status-publish","format-standard","has-post-thumbnail","hentry","category-non-classe"],"_links":{"self":[{"href":"https:\/\/monde25.info\/index.php\/wp-json\/wp\/v2\/posts\/18105","targetHints":{"allow":["GET"]}}],"collection":[{"href":"https:\/\/monde25.info\/index.php\/wp-json\/wp\/v2\/posts"}],"about":[{"href":"https:\/\/monde25.info\/index.php\/wp-json\/wp\/v2\/types\/post"}],"author":[{"embeddable":true,"href":"https:\/\/monde25.info\/index.php\/wp-json\/wp\/v2\/users\/1"}],"replies":[{"embeddable":true,"href":"https:\/\/monde25.info\/index.php\/wp-json\/wp\/v2\/comments?post=18105"}],"version-history":[{"count":0,"href":"https:\/\/monde25.info\/index.php\/wp-json\/wp\/v2\/posts\/18105\/revisions"}],"wp:featuredmedia":[{"embeddable":true,"href":"https:\/\/monde25.info\/index.php\/wp-json\/wp\/v2\/media\/18106"}],"wp:attachment":[{"href":"https:\/\/monde25.info\/index.php\/wp-json\/wp\/v2\/media?parent=18105"}],"wp:term":[{"taxonomy":"category","embeddable":true,"href":"https:\/\/monde25.info\/index.php\/wp-json\/wp\/v2\/categories?post=18105"},{"taxonomy":"post_tag","embeddable":true,"href":"https:\/\/monde25.info\/index.php\/wp-json\/wp\/v2\/tags?post=18105"}],"curies":[{"name":"wp","href":"https:\/\/api.w.org\/{rel}","templated":true}]}}