{"id":18115,"date":"2025-10-23T01:13:00","date_gmt":"2025-10-22T23:13:00","guid":{"rendered":"https:\/\/monde25.info\/index.php\/2025\/10\/23\/hommes-au-bord-de-la-crise-de-nerfs-par-helene-fiche-le-monde-diplomatique-octobre-2025\/"},"modified":"2025-10-23T01:13:00","modified_gmt":"2025-10-22T23:13:00","slug":"hommes-au-bord-de-la-crise-de-nerfs-par-helene-fiche-le-monde-diplomatique-octobre-2025","status":"publish","type":"post","link":"https:\/\/monde25.info\/index.php\/2025\/10\/23\/hommes-au-bord-de-la-crise-de-nerfs-par-helene-fiche-le-monde-diplomatique-octobre-2025\/","title":{"rendered":"Hommes au bord de la crise de nerfs, par H\u00e9l\u00e8ne Fiche (Le Monde diplomatique, octobre 2025)"},"content":{"rendered":"<p> <br \/>\n<\/p>\n<div>\n<p class=\"crayon article-surtitre-68822 surtitre\">Ce que la soci\u00e9t\u00e9 fait au cin\u00e9ma<\/p>\n<div class=\"crayon article-chapo-68822 chapo\">\n<p>Dans une d\u00e9cennie 1970 marqu\u00e9e par les luttes f\u00e9ministes et la conqu\u00eate de nouveaux droits pour les femmes, le cin\u00e9ma fran\u00e7ais a largement mis en sc\u00e8ne la \u00ab<small class=\"fine\">\u00a0<\/small>crise de la masculinit\u00e9<small class=\"fine\">\u00a0<\/small>\u00bb. Enregistrant les m\u00e9tamorphoses et les bouleversements de l\u2019ordre sexuel, il a souvent servi de vecteur \u00e0 une contre-attaque patriarcale prot\u00e9iforme.<\/p>\n<\/div><\/div>\n<div couleurfade=\"fde9e5\" couleurclaire=\"f5e7d5\" couleurpale=\"f3d0a4\" couleurmi=\"be2e0d\" couleurfoncee=\"8e220a\" couleursombre=\"2f0b03\" couleurfond=\"7b554c\" couleurtexte=\"ffffff\">\n<div class=\"enapercu\">\n<p><span class=\"mot-lettrine\"><span class=\"lettrine\">A<\/span>u<\/span> cours des ann\u00e9es\u00a01970, une d\u00e9cennie marqu\u00e9e par de r\u00e9els progr\u00e8s de la condition des femmes, l\u2019industrie cin\u00e9matographique fran\u00e7aise semble schizophr\u00e8ne. Alors que les personnages f\u00e9minins conduisant l\u2019action des films n\u2019ont jamais \u00e9t\u00e9 aussi nombreux, le succ\u00e8s des figures de \u00ab<small class=\"fine\">\u00a0<\/small>macho<small class=\"fine\">\u00a0<\/small>\u00bb ultraviril atteint des sommets.<\/p>\n<p>Mais c\u2019est un autre type masculin qui se trouve le plus fr\u00e9quemment repr\u00e9sent\u00e9 au cours de cette p\u00e9riode\u00a0: celui de l\u2019\u00ab<small class=\"fine\">\u00a0<\/small>homme en crise<small class=\"fine\">\u00a0<\/small>\u00bb, soit un personnage qui traverse un moment de sa vie per\u00e7u comme \u00ab<small class=\"fine\">\u00a0<\/small>critique<small class=\"fine\">\u00a0<\/small>\u00bb, sans que ce sentiment soit n\u00e9cessairement provoqu\u00e9 par des \u00e9v\u00e9nements hors du commun. Sur les 362\u00a0films \u00e9tudi\u00e9s, 82 ont un ou plusieurs hommes en crise pour personnage principal, et 42 pour personnage secondaire. Le motif concerne ainsi presque 30<small class=\"fine\">\u00a0<\/small>% des 280\u00a0protagonistes masculins, ce qui le place loin devant les personnages de macho, pourtant omnipr\u00e9sents dans les films policiers.<\/p>\n<p>Le fait de donner \u00e0 voir des hommes en \u00e9tat de crise est loin d\u2019\u00eatre anodin dans un contexte qui a vu se d\u00e9velopper, en r\u00e9action au mouvement f\u00e9ministe, un discours m\u00e9diatique et intellectuel sur la \u00ab<small class=\"fine\">\u00a0<\/small>crise de la masculinit\u00e9<small class=\"fine\">\u00a0<\/small>\u00bb. L\u2019expression, que l\u2019on voit appara\u00eetre \u00e0 partir de 1976, fait office apr\u00e8s 1978 de lieu commun m\u00e9diatique. Une s\u00e9rie d\u2019\u00e9missions de d\u00e9bat et d\u2019actualit\u00e9 qui se veulent \u00ab<small class=\"fine\">\u00a0<\/small>post-f\u00e9ministes<small class=\"fine\">\u00a0<\/small>\u00bb, intitul\u00e9es par exemple \u00ab<small class=\"fine\">\u00a0<\/small>Le f\u00e9minisme a-t-il chang\u00e9 les hommes<small class=\"fine\">\u00a0<\/small>?<small class=\"fine\">\u00a0<\/small>\u00bb ou \u00ab<small class=\"fine\">\u00a0<\/small>\u00c7a va les hommes<small class=\"fine\">\u00a0<\/small>?<small class=\"fine\">\u00a0<\/small>\u00bb. v\u00e9hiculent alors une vision alarmiste de la place des hommes dans la soci\u00e9t\u00e9.<\/p>\n<p>Les discours d\u00e9plorant un d\u00e9clin des suppos\u00e9es \u00ab<small class=\"fine\">\u00a0<\/small>valeurs masculines<small class=\"fine\">\u00a0<\/small>\u00bb ou une f\u00e9minisation des hommes ont toujours exist\u00e9 en Occident. Ils \u00e9mergent de mani\u00e8re r\u00e9currente \u00e0 la suite de bouleversements sociaux ou \u00e9conomiques, en particulier les guerres et la conqu\u00eate de nouveaux droits par les femmes. Ils prennent ainsi une grande ampleur en France \u00e0 la fin du Moyen \u00c2ge, apr\u00e8s les guerres de Religion, pendant la R\u00e9volution fran\u00e7aise\u2026 Loin de refl\u00e9ter une r\u00e9alit\u00e9 sociale \u2014 dans les ann\u00e9es\u00a01970 comme aujourd\u2019hui, toutes les donn\u00e9es statistiques attestent une\u00a0(&#8230;)<\/p>\n<\/p><\/div>\n<p>Taille de l\u2019article complet\u00a0:\u00a0<span>2\u00a0401<\/span>\u00a0mots.<\/p>\n<div class=\"promo_dispo_article\">\n<h2 class=\"avantbloc\">\n\tCet article est r\u00e9serv\u00e9 aux\u00a0abonn\u00e9s<\/p>\n<\/h2>\n<div class=\"abo_inst\">\n\t<strong>Lyc\u00e9es, biblioth\u00e8ques, administrations, entreprises,<\/strong><br \/>\n\tacc\u00e9dez \u00e0 la base de donn\u00e9es en ligne de tous les articles du <i>Monde diplomatique<\/i> de 1954 \u00e0 nos\u00a0jours.<br \/>\n\t<a target=\"_blank\" id=\"pw-institutions\" class=\"suivi\" href=\"https:\/\/www.monde-diplomatique.fr\/archives\/institutions\">Retrouvez cette\u00a0offre sp\u00e9cifique<\/a>.\n<\/div>\n<\/div><\/div>\n<div>\n<p class=\"nom\">H\u00e9l\u00e8ne Fiche<\/p>\n<p>\n\t\t\t\t\tHistorienne. Auteure de <i>Ce que le f\u00e9minisme fait au cin\u00e9ma. Les ann\u00e9es\u00a01970, de l\u2019\u00e9mancipation \u00e0 la contre-attaque patriarcale,<\/i> qui vient de para\u00eetre aux \u00e9ditions Agone (Marseille) et dont ce texte est extrait.<\/p>\n<\/p><\/div>\n<p><br \/>\n<br \/><a href=\"https:\/\/www.monde-diplomatique.fr\/2025\/10\/FICHE\/68822\" target=\"_blank\"\">Source link <\/a><\/p>\n","protected":false},"excerpt":{"rendered":"<p>Ce que la soci\u00e9t\u00e9 fait au cin\u00e9ma Dans une d\u00e9cennie 1970 marqu\u00e9e par les luttes f\u00e9ministes et la conqu\u00eate de nouveaux droits pour les femmes, le cin\u00e9ma fran\u00e7ais a largement&hellip; <\/p>\n","protected":false},"author":1,"featured_media":18116,"comment_status":"open","ping_status":"open","sticky":false,"template":"","format":"standard","meta":{"footnotes":""},"categories":[1],"tags":[],"class_list":["post-18115","post","type-post","status-publish","format-standard","has-post-thumbnail","hentry","category-non-classe"],"_links":{"self":[{"href":"https:\/\/monde25.info\/index.php\/wp-json\/wp\/v2\/posts\/18115","targetHints":{"allow":["GET"]}}],"collection":[{"href":"https:\/\/monde25.info\/index.php\/wp-json\/wp\/v2\/posts"}],"about":[{"href":"https:\/\/monde25.info\/index.php\/wp-json\/wp\/v2\/types\/post"}],"author":[{"embeddable":true,"href":"https:\/\/monde25.info\/index.php\/wp-json\/wp\/v2\/users\/1"}],"replies":[{"embeddable":true,"href":"https:\/\/monde25.info\/index.php\/wp-json\/wp\/v2\/comments?post=18115"}],"version-history":[{"count":0,"href":"https:\/\/monde25.info\/index.php\/wp-json\/wp\/v2\/posts\/18115\/revisions"}],"wp:featuredmedia":[{"embeddable":true,"href":"https:\/\/monde25.info\/index.php\/wp-json\/wp\/v2\/media\/18116"}],"wp:attachment":[{"href":"https:\/\/monde25.info\/index.php\/wp-json\/wp\/v2\/media?parent=18115"}],"wp:term":[{"taxonomy":"category","embeddable":true,"href":"https:\/\/monde25.info\/index.php\/wp-json\/wp\/v2\/categories?post=18115"},{"taxonomy":"post_tag","embeddable":true,"href":"https:\/\/monde25.info\/index.php\/wp-json\/wp\/v2\/tags?post=18115"}],"curies":[{"name":"wp","href":"https:\/\/api.w.org\/{rel}","templated":true}]}}