{"id":18117,"date":"2025-10-23T01:45:36","date_gmt":"2025-10-22T23:45:36","guid":{"rendered":"https:\/\/monde25.info\/index.php\/2025\/10\/23\/trop-de-cerfs-en-foret-le-recours-aux-chasseurs-est-il-obligatoire\/"},"modified":"2025-10-23T01:45:36","modified_gmt":"2025-10-22T23:45:36","slug":"trop-de-cerfs-en-foret-le-recours-aux-chasseurs-est-il-obligatoire","status":"publish","type":"post","link":"https:\/\/monde25.info\/index.php\/2025\/10\/23\/trop-de-cerfs-en-foret-le-recours-aux-chasseurs-est-il-obligatoire\/","title":{"rendered":"Trop de cerfs en for\u00eat\u00a0: le recours aux chasseurs est-il obligatoire\u00a0?"},"content":{"rendered":"<p> <br \/>\n<br \/><img loading=\"lazy\" decoding=\"async\" src=\"https:\/\/reporterre.net\/local\/cache-vignettes\/L700xH467\/adobestock_539964883-e9b03.jpg?1761145466\" class=\"spip_logo\" width=\"700\" height=\"467\" alt=\"\" \/><\/p>\n<p>Le cerf \u00e9laphe, tr\u00e8s rare dans les ann\u00e9es 1950, a \u00e9t\u00e9 r\u00e9introduit et s&rsquo;est r\u00e9install\u00e9 dans pr\u00e8s de la moiti\u00e9 du pays. Ses effectifs d\u00e9rangent. Chasse, loups, cr\u00e9ation de prairies\u2026 Que faire pour r\u00e9guler sa pr\u00e9sence<small class=\"fine d-inline\">\u00a0<\/small>? <br class=\"autobr\" \/> Cet article est publi\u00e9 en partenariat avec la Revue Salamandre. De nos jours, les populations de cerfs se portent bien en France. Mais il n&rsquo;en a pas toujours \u00e9t\u00e9 ainsi. Au milieu du <span class=\"caps\">XX<\/span><sup class=\"typo_exposants\">e<\/sup> si\u00e8cle, ces animaux se faisaient rares. Les chasseurs \u00e9taient accus\u00e9s d&rsquo;en tuer trop et\u00a0(\u2026)<\/p>\n<p>                    <a target=\"_blank\" href=\"https:\/\/reporterre.net\/INF-Trop-de-cerfs-pose-un-probleme-au-renouvellement-des-forets-Trop-de-cerfs-Les-forets?utm_source=RSS&amp;utm_medium=RSS\">Lire la suite<\/a><\/p>\n<p>                    &#8211;<br \/>\n                        <a target=\"_blank\" href=\"https:\/\/reporterre.net\/Autres-infos\" rel=\"directory\">Info<\/a><\/p>\n<p>                    \/<br \/>\n                        <a target=\"_blank\" href=\"https:\/\/reporterre.net\/Animaux\" rel=\"tag\">Animaux<\/a><br \/>\n<br \/><br \/>\n<br \/><a href=\"https:\/\/reporterre.net\/INF-Trop-de-cerfs-pose-un-probleme-au-renouvellement-des-forets-Trop-de-cerfs-Les-forets\" target=\"_blank\"\">Source link <\/a><\/p>\n","protected":false},"excerpt":{"rendered":"<p>Le cerf \u00e9laphe, tr\u00e8s rare dans les ann\u00e9es 1950, a \u00e9t\u00e9 r\u00e9introduit et s&rsquo;est r\u00e9install\u00e9 dans pr\u00e8s de la moiti\u00e9 du pays. Ses effectifs d\u00e9rangent. Chasse, loups, cr\u00e9ation de prairies\u2026&hellip; <\/p>\n","protected":false},"author":1,"featured_media":0,"comment_status":"open","ping_status":"open","sticky":false,"template":"","format":"standard","meta":{"footnotes":""},"categories":[1],"tags":[],"class_list":["post-18117","post","type-post","status-publish","format-standard","hentry","category-non-classe"],"_links":{"self":[{"href":"https:\/\/monde25.info\/index.php\/wp-json\/wp\/v2\/posts\/18117","targetHints":{"allow":["GET"]}}],"collection":[{"href":"https:\/\/monde25.info\/index.php\/wp-json\/wp\/v2\/posts"}],"about":[{"href":"https:\/\/monde25.info\/index.php\/wp-json\/wp\/v2\/types\/post"}],"author":[{"embeddable":true,"href":"https:\/\/monde25.info\/index.php\/wp-json\/wp\/v2\/users\/1"}],"replies":[{"embeddable":true,"href":"https:\/\/monde25.info\/index.php\/wp-json\/wp\/v2\/comments?post=18117"}],"version-history":[{"count":0,"href":"https:\/\/monde25.info\/index.php\/wp-json\/wp\/v2\/posts\/18117\/revisions"}],"wp:attachment":[{"href":"https:\/\/monde25.info\/index.php\/wp-json\/wp\/v2\/media?parent=18117"}],"wp:term":[{"taxonomy":"category","embeddable":true,"href":"https:\/\/monde25.info\/index.php\/wp-json\/wp\/v2\/categories?post=18117"},{"taxonomy":"post_tag","embeddable":true,"href":"https:\/\/monde25.info\/index.php\/wp-json\/wp\/v2\/tags?post=18117"}],"curies":[{"name":"wp","href":"https:\/\/api.w.org\/{rel}","templated":true}]}}