{"id":18122,"date":"2025-10-23T03:25:45","date_gmt":"2025-10-23T01:25:45","guid":{"rendered":"https:\/\/monde25.info\/index.php\/2025\/10\/23\/un-proche-de-macron-nomme-prefet-de-police-de-paris-un-poste-cle\/"},"modified":"2025-10-23T03:25:45","modified_gmt":"2025-10-23T01:25:45","slug":"un-proche-de-macron-nomme-prefet-de-police-de-paris-un-poste-cle","status":"publish","type":"post","link":"https:\/\/monde25.info\/index.php\/2025\/10\/23\/un-proche-de-macron-nomme-prefet-de-police-de-paris-un-poste-cle\/","title":{"rendered":"Un proche de Macron nomm\u00e9 pr\u00e9fet de police de Paris, un poste-cl\u00e9"},"content":{"rendered":"<p> <br \/>\n<\/p>\n<div>\n<p>Un proche du pr\u00e9sident fran\u00e7ais Emmanuel Macron dont il est l&rsquo;actuel directeur de cabinet a \u00e9t\u00e9 nomm\u00e9 mercredi pr\u00e9fet de police de Paris, un poste hautement sensible au carrefour du politique et de la s\u00e9curit\u00e9 quotidienne, a annonc\u00e9 la porte-parole du gouvernement.<\/p>\n<p>Patrice Faure, 58 ans, succ\u00e8de \u00e0 Laurent Nu\u00f1ez, d\u00e9sormais ministre de l&rsquo;Int\u00e9rieur.<\/p>\n<p>Parmi les candidats, Patrice Faure, fid\u00e8le parmi les fid\u00e8les du pr\u00e9sident Emmanuel Macron, faisait figure de favori en raison de sa proximit\u00e9 avec le chef de l&rsquo;\u00c9tat, dont cet ancien militaire, p\u00e8re de six enfants, dirigeait le cabinet depuis d\u00e9but 2024.<\/p>\n<p>La pr\u00e9fecture de police (PP), v\u00e9ritable \u00ab\u00a0\u00c9tat dans l&rsquo;\u00c9tat\u00a0\u00bb avec ses 43 000 agents, est install\u00e9e sur l&rsquo;\u00eele de la Cit\u00e9, au c\u0153ur de la capitale, et son patron passe pour \u00eatre la personne la mieux inform\u00e9e de Paris.<\/p>\n<p>Issu d&rsquo;un milieu modeste, titulaire d&rsquo;un dipl\u00f4me de p\u00e2tisserie, qu&rsquo;il a compl\u00e9t\u00e9 avec une ma\u00eetrise en histoire et en math\u00e9matiques, Patrice Faure a d&rsquo;abord choisi la carri\u00e8re militaire.<\/p>\n<p>Sous-officier, il gravit les \u00e9chelons en interne. Son parcours bascule au d\u00e9but des ann\u00e9es 2000 : en 2002, il rejoint la Direction g\u00e9n\u00e9rale de la S\u00e9curit\u00e9 Ext\u00e9rieure (DGSE), les renseignements ext\u00e9rieurs fran\u00e7ais, puis, deux ans plus tard, le minist\u00e8re des Outre-mer comme chef du cabinet militaire.<\/p>\n<p>Suivront plusieurs postes sensibles, dont un premier passage \u00e0 une direction de la pr\u00e9fecture de police en 2016, puis une nomination comme pr\u00e9fet de Guyane en 2017, au moment o\u00f9 le territoire sort d&rsquo;un vaste mouvement social.<\/p>\n<p>C&rsquo;est l\u00e0, dit-on, qu&rsquo;il attire l&rsquo;attention d&rsquo;Emmanuel Macron, lors d&rsquo;un d\u00e9placement dans le d\u00e9partement amazonien en octobre 2017. \u00ab\u00a0Le probl\u00e8me de l&rsquo;administration fran\u00e7aise, c&rsquo;est qu&rsquo;il y a plus de slips en dotation que de paires de couilles !\u00a0\u00bb, l\u00e2che-t-il. \u00c9tait-ce d\u00e9j\u00e0 un message subliminal en direction de l&rsquo;\u00c9lys\u00e9e ? \u00c0 l&rsquo;heure du \u00ab\u00a0Candace Owen attitude\u00a0\u00bb, rien n&rsquo;est moins s\u00fbr.<\/p>\n<\/div>\n<p><script>(function(d, s, id) {  var js, fjs = d.getElementsByTagName(s)[0];  if (d.getElementById(id)) return;  js = d.createElement(s); js.id = id;  js.src = \"\/\/connect.facebook.net\/fr_FR\/sdk.js#xfbml=1&version=v2.3\";  fjs.parentNode.insertBefore(js, fjs);}(document, \"script\", \"facebook-jssdk\"));<\/script><br \/>\n<br \/><br \/>\n<br \/><a href=\"https:\/\/www.francesoir.fr\/politique-france\/un-proche-de-macron-nomme-prefet-de-police-de-paris-un-poste-cle\" target=\"_blank\"\">Source link <\/a><\/p>\n","protected":false},"excerpt":{"rendered":"<p>Un proche du pr\u00e9sident fran\u00e7ais Emmanuel Macron dont il est l&rsquo;actuel directeur de cabinet a \u00e9t\u00e9 nomm\u00e9 mercredi pr\u00e9fet de police de Paris, un poste hautement sensible au carrefour du&hellip; <\/p>\n","protected":false},"author":1,"featured_media":18123,"comment_status":"open","ping_status":"open","sticky":false,"template":"","format":"standard","meta":{"footnotes":""},"categories":[1],"tags":[],"class_list":["post-18122","post","type-post","status-publish","format-standard","has-post-thumbnail","hentry","category-non-classe"],"_links":{"self":[{"href":"https:\/\/monde25.info\/index.php\/wp-json\/wp\/v2\/posts\/18122","targetHints":{"allow":["GET"]}}],"collection":[{"href":"https:\/\/monde25.info\/index.php\/wp-json\/wp\/v2\/posts"}],"about":[{"href":"https:\/\/monde25.info\/index.php\/wp-json\/wp\/v2\/types\/post"}],"author":[{"embeddable":true,"href":"https:\/\/monde25.info\/index.php\/wp-json\/wp\/v2\/users\/1"}],"replies":[{"embeddable":true,"href":"https:\/\/monde25.info\/index.php\/wp-json\/wp\/v2\/comments?post=18122"}],"version-history":[{"count":0,"href":"https:\/\/monde25.info\/index.php\/wp-json\/wp\/v2\/posts\/18122\/revisions"}],"wp:featuredmedia":[{"embeddable":true,"href":"https:\/\/monde25.info\/index.php\/wp-json\/wp\/v2\/media\/18123"}],"wp:attachment":[{"href":"https:\/\/monde25.info\/index.php\/wp-json\/wp\/v2\/media?parent=18122"}],"wp:term":[{"taxonomy":"category","embeddable":true,"href":"https:\/\/monde25.info\/index.php\/wp-json\/wp\/v2\/categories?post=18122"},{"taxonomy":"post_tag","embeddable":true,"href":"https:\/\/monde25.info\/index.php\/wp-json\/wp\/v2\/tags?post=18122"}],"curies":[{"name":"wp","href":"https:\/\/api.w.org\/{rel}","templated":true}]}}