{"id":18128,"date":"2025-10-23T07:17:55","date_gmt":"2025-10-23T05:17:55","guid":{"rendered":"https:\/\/monde25.info\/index.php\/2025\/10\/23\/du-multilateralisme-au-regne-de-la-brutalite-par-anne-cecile-robert-christophe-ventura-le-monde-diplomatique-octobre-2025\/"},"modified":"2025-10-23T07:17:55","modified_gmt":"2025-10-23T05:17:55","slug":"du-multilateralisme-au-regne-de-la-brutalite-par-anne-cecile-robert-christophe-ventura-le-monde-diplomatique-octobre-2025","status":"publish","type":"post","link":"https:\/\/monde25.info\/index.php\/2025\/10\/23\/du-multilateralisme-au-regne-de-la-brutalite-par-anne-cecile-robert-christophe-ventura-le-monde-diplomatique-octobre-2025\/","title":{"rendered":"Du multilat\u00e9ralisme au r\u00e8gne de la brutalit\u00e9, par Anne-C\u00e9cile Robert &#038; Christophe Ventura (Le Monde diplomatique, octobre 2025)"},"content":{"rendered":"<p> <br \/>\n<\/p>\n<div>\n<p class=\"crayon article-surtitre-68816 surtitre\">Il y a quatre-vingts ans, la cr\u00e9ation de l\u2019Organisation des Nations unies<\/p>\n<div class=\"crayon article-chapo-68816 chapo\">\n<p>C\u2019est une Organisation des Nations unies (ONU) affaiblie qui c\u00e9l\u00e8bre son 80e\u00a0anniversaire. \u00ab<small class=\"fine\">\u00a0<\/small>L\u2019ONU ne r\u00e8gle pas les probl\u00e8mes (\u2026), elle en cr\u00e9e de nouveaux que nous devons r\u00e9soudre<small class=\"fine\">\u00a0<\/small>\u00bb, tan\u00e7ait M.\u00a0Donald Trump devant son Assembl\u00e9e g\u00e9n\u00e9rale, le 22\u00a0septembre. Confront\u00e9e au d\u00e9sengagement des \u00c9tats-Unis et aux d\u00e9sordres d\u2019un monde chaque jour plus mena\u00e7ant, l\u2019institution doit se r\u00e9inventer.<\/p>\n<\/div><\/div>\n<div couleurfade=\"e5ecee\" couleurclaire=\"ddeaed\" couleurpale=\"addeea\" couleurmi=\"477884\" couleurfoncee=\"1c697c\" couleursombre=\"111e21\" couleurfond=\"4c5b5f\" couleurtexte=\"ffffff\">\n<div class=\"enapercu\">\n<figure class=\"spip_document_34970 spip_documents spip_documents_center xl\" style=\"width:890px;\">\n<div class=\"limage\">\n<p>\t\t\t<img loading=\"lazy\" decoding=\"async\" src=\"https:\/\/www.monde-diplomatique.fr\/\/local\/cache-vignettes\/L890xH554\/12_2541.hr-25a4b.jpg?1759245405\" width=\"890\" height=\"554\" class=\"spip_logos\" alt=\"JPEG - 133.4\u00a0ko\"\/><\/p><\/div><figcaption>\n<p>Chemu Ng\u2019ok. \u2014 \u00ab<small class=\"fine\">\u00a0<\/small>Strategy<small class=\"fine\">\u00a0<\/small>\u00bb, 2016<\/p>\n<p>\u00a9 Chemu Ng\u2019ok, photographie\u00a0: Silvia Ros &#8211; Courtesy de l\u2019artiste et de Central Fine, Miami\n<\/p>\n<\/figcaption><\/figure>\n<p><span class=\"mot-lettrine\"><span class=\"lettrine\">S<\/span>oixante<\/span> et un conflits impliquent trente-six \u00c9tats dans le monde, du jamais-vu depuis 1945. Le champ des relations internationales poursuit sa fragmentation, tandis que son architecture institutionnelle, b\u00e2tie sur les d\u00e9combres de la seconde guerre mondiale, ploie sous l\u2019effet de plusieurs dynamiques combin\u00e9es. D\u00e9positaire de la s\u00e9curit\u00e9 internationale et du <i>\u00ab<small class=\"fine\">\u00a0<\/small>respect des obligations<\/i> [des \u00c9tats] <i>n\u00e9es des trait\u00e9s et autres sources du droit international<small class=\"fine\">\u00a0<\/small>\u00bb,<\/i> selon le pr\u00e9ambule de sa Charte, l\u2019Organisation des Nations unies (ONU) ne parvient pas \u00e0 enrayer la prolif\u00e9ration guerri\u00e8re et le recours de plus en plus d\u00e9brid\u00e9 \u00e0 la force, sans aucune r\u00e8gle ni pr\u00e9caution. Plusieurs \u00e9quip\u00e9es sauvages de Tel-Aviv et Washington l\u2019ont encore montr\u00e9 r\u00e9cemment\u00a0: \u00ab<small class=\"fine\">\u00a0<\/small>guerre des douze jours<small class=\"fine\">\u00a0<\/small>\u00bb lanc\u00e9e par Isra\u00ebl contre l\u2019Iran (13-24\u00a0juin\u00a02025), bombardements am\u00e9ricains des sites nucl\u00e9aires de Fordo, Ispahan et Natanz en juin\u00a02025 puis isra\u00e9lien du Qatar en septembre\u00a02025, mobilisation de l\u2019arsenal militaire de Washington dans la Cara\u00efbe face au Venezuela au nom de la lutte antidrogue. Surtout, l\u2019ONU est impuissante \u00e0 arr\u00eater l\u2019agression russe de l\u2019Ukraine et les crimes contre l\u2019humanit\u00e9 \u00e0 Gaza.<\/p>\n<h3 class=\"spip\">Un fardeau co\u00fbteux<\/h3>\n<p>Depuis son retour \u00e0 la Maison Blanche, le pr\u00e9sident Donald Trump poursuit une strat\u00e9gie globale visant \u00e0 d\u00e9gager les \u00c9tats-Unis du syst\u00e8me d\u2019alliances qu\u2019ils ont dirig\u00e9 pendant quatre-vingts ans. L\u2019ordre lib\u00e9ral est d\u00e9sormais consid\u00e9r\u00e9 par Washington comme un fardeau co\u00fbteux et une entrave \u00e0 la libert\u00e9 d\u2019action des \u00c9tats-Unis, confront\u00e9s \u00e0 la mont\u00e9e en puissance de la Chine, au retour de la Russie dans le jeu international apr\u00e8s l\u2019effacement des ann\u00e9es\u00a01990, et \u00e0 l\u2019affirmation, sans unit\u00e9 constante, des pays \u00e9mergents. M.\u00a0Trump estime que son pays fait mieux seul pour r\u00e9gler les affaires du monde qu\u2019avec ses alli\u00e9s, notamment europ\u00e9ens, qu\u2019il se d\u00e9lecte de ridiculiser et de r\u00e9primander. Il choisit donc de ne plus payer certaines contributions au budget de l\u2019ONU et de pratiquer des coupes\u00a0(&#8230;)<\/p>\n<\/p><\/div>\n<p>Taille de l\u2019article complet\u00a0:\u00a0<span>1\u00a0530<\/span>\u00a0mots.<\/p>\n<div class=\"promo_dispo_article\">\n<h2 class=\"avantbloc\">\n\tCet article est r\u00e9serv\u00e9 aux\u00a0abonn\u00e9s<\/p>\n<\/h2>\n<div class=\"abo_inst\">\n\t<strong>Lyc\u00e9es, biblioth\u00e8ques, administrations, entreprises,<\/strong><br \/>\n\tacc\u00e9dez \u00e0 la base de donn\u00e9es en ligne de tous les articles du <i>Monde diplomatique<\/i> de 1954 \u00e0 nos\u00a0jours.<br \/>\n\t<a target=\"_blank\" id=\"pw-institutions\" class=\"suivi\" href=\"https:\/\/www.monde-diplomatique.fr\/archives\/institutions\">Retrouvez cette\u00a0offre sp\u00e9cifique<\/a>.\n<\/div>\n<\/div><\/div>\n<p><br \/>\n<br \/><a href=\"https:\/\/www.monde-diplomatique.fr\/2025\/10\/ROBERT\/68816\" target=\"_blank\"\">Source link <\/a><\/p>\n","protected":false},"excerpt":{"rendered":"<p>Il y a quatre-vingts ans, la cr\u00e9ation de l\u2019Organisation des Nations unies C\u2019est une Organisation des Nations unies (ONU) affaiblie qui c\u00e9l\u00e8bre son 80e\u00a0anniversaire. \u00ab\u00a0L\u2019ONU ne r\u00e8gle pas les probl\u00e8mes&hellip; <\/p>\n","protected":false},"author":1,"featured_media":18129,"comment_status":"open","ping_status":"open","sticky":false,"template":"","format":"standard","meta":{"footnotes":""},"categories":[1],"tags":[],"class_list":["post-18128","post","type-post","status-publish","format-standard","has-post-thumbnail","hentry","category-non-classe"],"_links":{"self":[{"href":"https:\/\/monde25.info\/index.php\/wp-json\/wp\/v2\/posts\/18128","targetHints":{"allow":["GET"]}}],"collection":[{"href":"https:\/\/monde25.info\/index.php\/wp-json\/wp\/v2\/posts"}],"about":[{"href":"https:\/\/monde25.info\/index.php\/wp-json\/wp\/v2\/types\/post"}],"author":[{"embeddable":true,"href":"https:\/\/monde25.info\/index.php\/wp-json\/wp\/v2\/users\/1"}],"replies":[{"embeddable":true,"href":"https:\/\/monde25.info\/index.php\/wp-json\/wp\/v2\/comments?post=18128"}],"version-history":[{"count":0,"href":"https:\/\/monde25.info\/index.php\/wp-json\/wp\/v2\/posts\/18128\/revisions"}],"wp:featuredmedia":[{"embeddable":true,"href":"https:\/\/monde25.info\/index.php\/wp-json\/wp\/v2\/media\/18129"}],"wp:attachment":[{"href":"https:\/\/monde25.info\/index.php\/wp-json\/wp\/v2\/media?parent=18128"}],"wp:term":[{"taxonomy":"category","embeddable":true,"href":"https:\/\/monde25.info\/index.php\/wp-json\/wp\/v2\/categories?post=18128"},{"taxonomy":"post_tag","embeddable":true,"href":"https:\/\/monde25.info\/index.php\/wp-json\/wp\/v2\/tags?post=18128"}],"curies":[{"name":"wp","href":"https:\/\/api.w.org\/{rel}","templated":true}]}}