{"id":18130,"date":"2025-10-23T07:50:41","date_gmt":"2025-10-23T05:50:41","guid":{"rendered":"https:\/\/monde25.info\/index.php\/2025\/10\/23\/submersion-rejets-toxiques-lepr2-de-penly-dans-le-viseur-de-lautorite-environnementale\/"},"modified":"2025-10-23T07:50:41","modified_gmt":"2025-10-23T05:50:41","slug":"submersion-rejets-toxiques-lepr2-de-penly-dans-le-viseur-de-lautorite-environnementale","status":"publish","type":"post","link":"https:\/\/monde25.info\/index.php\/2025\/10\/23\/submersion-rejets-toxiques-lepr2-de-penly-dans-le-viseur-de-lautorite-environnementale\/","title":{"rendered":"Submersion, rejets toxiques&#8230; L&#039;EPR2 de Penly dans le viseur de l&#039;Autorit\u00e9 environnementale"},"content":{"rendered":"<p> <br \/>\n<br \/><img loading=\"lazy\" decoding=\"async\" src=\"https:\/\/reporterre.net\/local\/cache-vignettes\/L700xH466\/afp__20221209__32zw7wr__v1__highres__franceenergynuclear-49bb9.jpg?1761143615\" class=\"spip_logo\" width=\"700\" height=\"466\" alt=\"\" \/><\/p>\n<p>L&rsquo;Autorit\u00e9 environnementale a point\u00e9 de s\u00e9rieuses zones d&rsquo;ombre autour du chantier des deux r\u00e9acteurs <span class=\"caps\">EPR2<\/span> que <span class=\"caps\">EDF<\/span> pr\u00e9voit de construire \u00e0 Penly (Seine-Maritime). Dans un avis publi\u00e9 le 15\u00a0octobre, cette instance ind\u00e9pendante estime que plusieurs aspects du projet pr\u00e9sentent des \u00ab<small class=\"fine d-inline\">\u00a0<\/small>implications possibles pour le milieu et la sant\u00e9 humaine<small class=\"fine d-inline\">\u00a0<\/small>\u00bb que le ma\u00eetre d&rsquo;ouvrage doit \u00ab<small class=\"fine d-inline\">\u00a0<\/small>approfondir<small class=\"fine d-inline\">\u00a0<\/small>\u00bb. <br class=\"autobr\" \/><br \/>\nL&rsquo;instance juge \u00ab<small class=\"fine d-inline\">\u00a0<\/small>encore insuffisante<small class=\"fine d-inline\">\u00a0<\/small>\u00bb la prise en compte du d\u00e9r\u00e8glement climatique par <span class=\"caps\">EDF<\/span>, notamment\u00a0(\u2026)<\/p>\n<p>                    <a target=\"_blank\" href=\"https:\/\/reporterre.net\/Submersion-rejets-toxiques-L-EPR2-a-Penly-dans-le-viseur-de-l-Autorite-environnementale?utm_source=RSS&amp;utm_medium=RSS\">Lire la suite<\/a><\/p>\n<p>                    &#8211;<br \/>\n                        <a target=\"_blank\" href=\"https:\/\/reporterre.net\/Breves-20\" rel=\"directory\">En bref<\/a><\/p>\n<p>                    \/<br \/>\n                        <a target=\"_blank\" href=\"https:\/\/reporterre.net\/Nucleaire\" rel=\"tag\">Nucl\u00e9aire<\/a><br \/>\n<br \/><br \/>\n<br \/><a href=\"https:\/\/reporterre.net\/Submersion-rejets-toxiques-L-EPR2-a-Penly-dans-le-viseur-de-l-Autorite-environnementale\" target=\"_blank\"\">Source link <\/a><\/p>\n","protected":false},"excerpt":{"rendered":"<p>L&rsquo;Autorit\u00e9 environnementale a point\u00e9 de s\u00e9rieuses zones d&rsquo;ombre autour du chantier des deux r\u00e9acteurs EPR2 que EDF pr\u00e9voit de construire \u00e0 Penly (Seine-Maritime). Dans un avis publi\u00e9 le 15\u00a0octobre, cette&hellip; <\/p>\n","protected":false},"author":1,"featured_media":0,"comment_status":"open","ping_status":"open","sticky":false,"template":"","format":"standard","meta":{"footnotes":""},"categories":[1],"tags":[],"class_list":["post-18130","post","type-post","status-publish","format-standard","hentry","category-non-classe"],"_links":{"self":[{"href":"https:\/\/monde25.info\/index.php\/wp-json\/wp\/v2\/posts\/18130","targetHints":{"allow":["GET"]}}],"collection":[{"href":"https:\/\/monde25.info\/index.php\/wp-json\/wp\/v2\/posts"}],"about":[{"href":"https:\/\/monde25.info\/index.php\/wp-json\/wp\/v2\/types\/post"}],"author":[{"embeddable":true,"href":"https:\/\/monde25.info\/index.php\/wp-json\/wp\/v2\/users\/1"}],"replies":[{"embeddable":true,"href":"https:\/\/monde25.info\/index.php\/wp-json\/wp\/v2\/comments?post=18130"}],"version-history":[{"count":0,"href":"https:\/\/monde25.info\/index.php\/wp-json\/wp\/v2\/posts\/18130\/revisions"}],"wp:attachment":[{"href":"https:\/\/monde25.info\/index.php\/wp-json\/wp\/v2\/media?parent=18130"}],"wp:term":[{"taxonomy":"category","embeddable":true,"href":"https:\/\/monde25.info\/index.php\/wp-json\/wp\/v2\/categories?post=18130"},{"taxonomy":"post_tag","embeddable":true,"href":"https:\/\/monde25.info\/index.php\/wp-json\/wp\/v2\/tags?post=18130"}],"curies":[{"name":"wp","href":"https:\/\/api.w.org\/{rel}","templated":true}]}}