{"id":18141,"date":"2025-10-23T13:20:42","date_gmt":"2025-10-23T11:20:42","guid":{"rendered":"https:\/\/monde25.info\/index.php\/2025\/10\/23\/giorgia-meloni-est-elle-en-passe-de-devenir-un-modele-le-monde-diplomatique-22-octobre-2025\/"},"modified":"2025-10-23T13:20:42","modified_gmt":"2025-10-23T11:20:42","slug":"giorgia-meloni-est-elle-en-passe-de-devenir-un-modele-le-monde-diplomatique-22-octobre-2025","status":"publish","type":"post","link":"https:\/\/monde25.info\/index.php\/2025\/10\/23\/giorgia-meloni-est-elle-en-passe-de-devenir-un-modele-le-monde-diplomatique-22-octobre-2025\/","title":{"rendered":"Giorgia Meloni est-elle en passe de devenir un mod\u00e8le ? (Le Monde diplomatique, 22 octobre 2025)"},"content":{"rendered":"<p> <br \/>\n<\/p>\n<div>\n<figure class=\"spip_document_35047 spip_documents spip_documents_center xl\" style=\"width:890px;\">\n<div class=\"limage\">\n<p>            <img loading=\"lazy\" decoding=\"async\" src=\"https:\/\/www.monde-diplomatique.fr\/\/local\/cache-vignettes\/L890xH417\/meloni_article-48f74.jpg?1761150975\" width=\"890\" alt=\"Simone Memmi de Sienne. D\u00e9tail de \u00ab&lt;small class=&quot;fine&quot;&gt;\u00a0&lt;\/small&gt;L'Annonciation entre les saints Ansan et Marguerite&lt;small class=&quot;fine&quot;&gt;\u00a0&lt;\/small&gt;\u00bb. Galerie des Offices, Florence.\" title=\"Simone Memmi de Sienne. D\u00e9tail de \u00ab&lt;small class=&quot;fine&quot;&gt;\u00a0&lt;\/small&gt;L'Annonciation entre les saints Ansan et Marguerite&lt;small class=&quot;fine&quot;&gt;\u00a0&lt;\/small&gt;\u00bb. Galerie des Offices, Florence.\" height=\"417\"\/><\/p><\/div>\n<\/figure>\n<p>Trois ans apr\u00e8s son arriv\u00e9e \u00e0 la pr\u00e9sidence du Conseil italien, Mme\u00a0Giorgia Meloni a r\u00e9ussi son pari\u00a0: rassurer l\u2019Europe et les march\u00e9s tout en normalisant un projet h\u00e9rit\u00e9 du n\u00e9ofascisme. Cette strat\u00e9gie de double langage, m\u00ealant orthodoxie \u00e9conomique et croisade identitaire, s\u2019impose d\u00e9sormais comme un mod\u00e8le pour les droites radicales du continent.<\/p>\n<\/p><\/div>\n<p><br \/>\n<br \/><a href=\"https:\/\/www.monde-diplomatique.fr\/carnet\/2025-10-22-meloni\" target=\"_blank\"\">Source link <\/a><\/p>\n","protected":false},"excerpt":{"rendered":"<p>Trois ans apr\u00e8s son arriv\u00e9e \u00e0 la pr\u00e9sidence du Conseil italien, Mme\u00a0Giorgia Meloni a r\u00e9ussi son pari\u00a0: rassurer l\u2019Europe et les march\u00e9s tout en normalisant un projet h\u00e9rit\u00e9 du n\u00e9ofascisme.&hellip; <\/p>\n","protected":false},"author":1,"featured_media":18142,"comment_status":"open","ping_status":"open","sticky":false,"template":"","format":"standard","meta":{"footnotes":""},"categories":[1],"tags":[],"class_list":["post-18141","post","type-post","status-publish","format-standard","has-post-thumbnail","hentry","category-non-classe"],"_links":{"self":[{"href":"https:\/\/monde25.info\/index.php\/wp-json\/wp\/v2\/posts\/18141","targetHints":{"allow":["GET"]}}],"collection":[{"href":"https:\/\/monde25.info\/index.php\/wp-json\/wp\/v2\/posts"}],"about":[{"href":"https:\/\/monde25.info\/index.php\/wp-json\/wp\/v2\/types\/post"}],"author":[{"embeddable":true,"href":"https:\/\/monde25.info\/index.php\/wp-json\/wp\/v2\/users\/1"}],"replies":[{"embeddable":true,"href":"https:\/\/monde25.info\/index.php\/wp-json\/wp\/v2\/comments?post=18141"}],"version-history":[{"count":0,"href":"https:\/\/monde25.info\/index.php\/wp-json\/wp\/v2\/posts\/18141\/revisions"}],"wp:featuredmedia":[{"embeddable":true,"href":"https:\/\/monde25.info\/index.php\/wp-json\/wp\/v2\/media\/18142"}],"wp:attachment":[{"href":"https:\/\/monde25.info\/index.php\/wp-json\/wp\/v2\/media?parent=18141"}],"wp:term":[{"taxonomy":"category","embeddable":true,"href":"https:\/\/monde25.info\/index.php\/wp-json\/wp\/v2\/categories?post=18141"},{"taxonomy":"post_tag","embeddable":true,"href":"https:\/\/monde25.info\/index.php\/wp-json\/wp\/v2\/tags?post=18141"}],"curies":[{"name":"wp","href":"https:\/\/api.w.org\/{rel}","templated":true}]}}