{"id":18143,"date":"2025-10-23T13:53:36","date_gmt":"2025-10-23T11:53:36","guid":{"rendered":"https:\/\/monde25.info\/index.php\/2025\/10\/23\/a-brest-le-chantier-du-stade-de-foot-suspendu-en-raison-despeces-protegees\/"},"modified":"2025-10-23T13:53:36","modified_gmt":"2025-10-23T11:53:36","slug":"a-brest-le-chantier-du-stade-de-foot-suspendu-en-raison-despeces-protegees","status":"publish","type":"post","link":"https:\/\/monde25.info\/index.php\/2025\/10\/23\/a-brest-le-chantier-du-stade-de-foot-suspendu-en-raison-despeces-protegees\/","title":{"rendered":"\u00c0 Brest, le chantier du stade de foot suspendu en raison d&#039;esp\u00e8ces prot\u00e9g\u00e9es"},"content":{"rendered":"<p> <br \/>\n<br \/><img loading=\"lazy\" decoding=\"async\" src=\"https:\/\/reporterre.net\/local\/cache-vignettes\/L700xH467\/_52733_1_-521ac.jpg?1761211511\" class=\"spip_logo\" width=\"700\" height=\"467\" alt=\"\" \/><\/p>\n<p>C&rsquo;est une premi\u00e8re victoire pour les esp\u00e8ces prot\u00e9g\u00e9es et leurs d\u00e9fenseurs, contre le projet de nouveau stade de football \u00e0 Brest. Le 22\u00a0octobre, le juge des r\u00e9f\u00e9r\u00e9s du tribunal administratif de Rennes a suspendu l&rsquo;autorisation des travaux pr\u00e9alables \u00e0 la construction de ce projet de nouveau stade, baptis\u00e9 Ark\u00e9a Park et destin\u00e9 au Stade brestois, le club de Ligue 1, l&rsquo;\u00e9lite du football fran\u00e7ais. <br class=\"autobr\" \/><br \/>\nPlus pr\u00e9cis\u00e9ment, le juge a suspendu l&rsquo;arr\u00eat\u00e9 du pr\u00e9fet du Finist\u00e8re qui accordait aux porteurs\u00a0(\u2026)<\/p>\n<p>                    <a target=\"_blank\" href=\"https:\/\/reporterre.net\/A-Brest-le-chantier-du-stade-de-foot-suspendu-en-raison-d-especes-protegees?utm_source=RSS&amp;utm_medium=RSS\">Lire la suite<\/a><\/p>\n<p>                    &#8211;<br \/>\n                        <a target=\"_blank\" href=\"https:\/\/reporterre.net\/Breves-20\" rel=\"directory\">En bref<\/a><\/p>\n<p>                    \/<br \/>\n                        <a target=\"_blank\" href=\"https:\/\/reporterre.net\/Etalement-urbain\" rel=\"tag\">\u00c9talement urbain<\/a><br \/>\n                    ,<br \/>\n                        <a target=\"_blank\" href=\"https:\/\/reporterre.net\/Sports\" rel=\"tag\">Sports<\/a><br \/>\n<br \/><br \/>\n<br \/><a href=\"https:\/\/reporterre.net\/A-Brest-le-chantier-du-stade-de-foot-suspendu-en-raison-d-especes-protegees\" target=\"_blank\"\">Source link <\/a><\/p>\n","protected":false},"excerpt":{"rendered":"<p>C&rsquo;est une premi\u00e8re victoire pour les esp\u00e8ces prot\u00e9g\u00e9es et leurs d\u00e9fenseurs, contre le projet de nouveau stade de football \u00e0 Brest. Le 22\u00a0octobre, le juge des r\u00e9f\u00e9r\u00e9s du tribunal administratif&hellip; <\/p>\n","protected":false},"author":1,"featured_media":0,"comment_status":"open","ping_status":"open","sticky":false,"template":"","format":"standard","meta":{"footnotes":""},"categories":[1],"tags":[],"class_list":["post-18143","post","type-post","status-publish","format-standard","hentry","category-non-classe"],"_links":{"self":[{"href":"https:\/\/monde25.info\/index.php\/wp-json\/wp\/v2\/posts\/18143","targetHints":{"allow":["GET"]}}],"collection":[{"href":"https:\/\/monde25.info\/index.php\/wp-json\/wp\/v2\/posts"}],"about":[{"href":"https:\/\/monde25.info\/index.php\/wp-json\/wp\/v2\/types\/post"}],"author":[{"embeddable":true,"href":"https:\/\/monde25.info\/index.php\/wp-json\/wp\/v2\/users\/1"}],"replies":[{"embeddable":true,"href":"https:\/\/monde25.info\/index.php\/wp-json\/wp\/v2\/comments?post=18143"}],"version-history":[{"count":0,"href":"https:\/\/monde25.info\/index.php\/wp-json\/wp\/v2\/posts\/18143\/revisions"}],"wp:attachment":[{"href":"https:\/\/monde25.info\/index.php\/wp-json\/wp\/v2\/media?parent=18143"}],"wp:term":[{"taxonomy":"category","embeddable":true,"href":"https:\/\/monde25.info\/index.php\/wp-json\/wp\/v2\/categories?post=18143"},{"taxonomy":"post_tag","embeddable":true,"href":"https:\/\/monde25.info\/index.php\/wp-json\/wp\/v2\/tags?post=18143"}],"curies":[{"name":"wp","href":"https:\/\/api.w.org\/{rel}","templated":true}]}}