{"id":18149,"date":"2025-10-23T16:05:38","date_gmt":"2025-10-23T14:05:38","guid":{"rendered":"https:\/\/monde25.info\/index.php\/2025\/10\/23\/le-principal-suspect-aurait-eu-des-liens-avec-daesh-en-syrie-rt-en-francais\/"},"modified":"2025-10-23T16:05:38","modified_gmt":"2025-10-23T14:05:38","slug":"le-principal-suspect-aurait-eu-des-liens-avec-daesh-en-syrie-rt-en-francais","status":"publish","type":"post","link":"https:\/\/monde25.info\/index.php\/2025\/10\/23\/le-principal-suspect-aurait-eu-des-liens-avec-daesh-en-syrie-rt-en-francais\/","title":{"rendered":"le principal suspect aurait eu \u00abdes liens\u00bb avec Daesh en Syrie \u2014 RT en fran\u00e7ais"},"content":{"rendered":"<p> <br \/>\n<br \/><img decoding=\"async\" src=\"https:\/\/mf.b37mrtl.ru\/french\/images\/2025.10\/thumbnail\/68fa19cf6f7ccc1b9f5c1e8d.jpg\" \/><\/p>\n<div>\n<p class=\"text__summary\">\n                                        Selon des informations publi\u00e9es ce 23 octobre par Le Figaro, le tueur d\u2019Ashur Sarnaya, r\u00e9fugi\u00e9 irakien de 45 ans, handicap\u00e9, \u00e9gorg\u00e9 le 10 septembre en plein live TikTok au pied de son immeuble, aurait traqu\u00e9 sa victime via ses directs sur la plateforme. L\u2019enqu\u00eate pointerait \u00e9galement \u00abdes liens\u00bb entre cet alg\u00e9rien de 28 ans et Daesh au Levant.\n                                    <\/p>\n<p>Une semaine apr\u00e8s le placement en garde \u00e0 vue de cinq suspects, depuis <a target=\"_blank\" href=\"https:\/\/actu.fr\/auvergne-rhone-alpes\/lyon_69123\/ashur-sarnaya-tue-en-direct-sur-tiktok-a-lyon-cinq-garde-a-vues-levees-sans-poursuites_63320961.html\">rel\u00e2ch\u00e9s<\/a>,\u00a0dans l\u2019affaire de l\u2019assassinat d\u2019Ashur Sarnaya \u00e0 Lyon, un influenceur chr\u00e9tien irakien \u00e9gorg\u00e9 au pied de son immeuble lyonnais, <em>Le Figaro<\/em> a publi\u00e9 ce 23 octobre <a target=\"_blank\" href=\"https:\/\/www.lefigaro.fr\/faits-divers\/assassinat-de-l-influenceur-chretien-ashur-sarnaya-a-lyon-le-suspect-sabri-b-surveillait-la-victime-via-son-live-tiktok-depuis-plusieurs-jours-20251023\">des informations<\/a> sur l\u2019enqu\u00eate men\u00e9e par des juges d\u2019instruction du Parquet national antiterroriste (Pnat).<\/p>\n<p>D\u2019apr\u00e8s le quotidien fran\u00e7ais, des investigations ont permis \u00ab\u00a0d\u2019\u00e9tablir que le compte TikTok du suspect s\u2019\u00e9tait connect\u00e9 plusieurs fois aux lives d\u2019Ashur Sarnaya en tant que spectateur\u00a0\u00bb. \u00ab\u00a0Le jour m\u00eame de son meurtre, il assistait \u00e0 son direct depuis une demi-heure, \u00e0 quelques dizaines de m\u00e8tres du domicile des Sarnaya\u00a0\u00bb, peut-on encore lire.<\/p>\n<p>Le 10 septembre, aux alentours de 22h30, dans le 9e arrondissement de Lyon, alors en plein direct sur Tiktok au pied de son immeuble, Ashur Sarnaya avait \u00e9t\u00e9 poignard\u00e9 \u00e0 la carotide par un individu qui avait surgi derri\u00e8re lui. Le quarantenaire, r\u00e9fugi\u00e9 politique irakien, handicap\u00e9 de naissance, avait agonis\u00e9 dans son fauteuil roulant pendant que son agresseur prenait la fuite. Ashur Sarnaya \u00e9tait tr\u00e8s pr\u00e9sent sur les r\u00e9seaux sociaux, o\u00f9 il partageait sur sa foi.<\/p>\n<p>Au-del\u00e0 des aller-retour effectu\u00e9s par le meurtrier le jour m\u00eame, aux alentours du domicile des Sarnaya, \u00ab\u00a0des habitants du quartier de Gorge du Loup racontent aussi avoir constat\u00e9 la pr\u00e9sence d\u2019un r\u00f4deur dans les jours pr\u00e9c\u00e9dant le drame\u00a0\u00bb, a \u00e9galement rapport\u00e9 <em>Le Figaro<\/em>. \u00ab\u00a0De quoi laisser penser que Sabri B. a pr\u00e9m\u00e9dit\u00e9 son geste. Et qu\u2019Ashur Sarnaya aurait bien \u00e9t\u00e9 victime d\u2019un guet-apens\u00a0\u00bb, poursuit le quotidien.<\/p>\n<h3>Un tueur \u00ab\u00a0inspir\u00e9 ou m\u00eame t\u00e9l\u00e9guid\u00e9 depuis l\u2019\u00e9tranger\u00a0?\u00ad\u00a0\u00bb<\/h3>\n<p>\u00ab\u00a0D\u2019apr\u00e8s nos informations, Sabri B. pourrait en effet avoir eu des liens avec l\u2019\u00c9tat islamique en Syrie remontant \u00e0 plusieurs mois \u00bb, a \u00e9galement rapport\u00e9 <em>Le Figaro<\/em>. \u00ab\u00a0L\u2019int\u00e9ress\u00e9 aurait-il pu alors \u00eatre inspir\u00e9 ou m\u00eame t\u00e9l\u00e9guid\u00e9 depuis l\u2019\u00e9tranger ? Ou aurait-il agi, comme nombre de terroristes \u00ab\u00a0endog\u00e8nes\u00a0\u00bb, sous l\u2019effet de la propagande djihadiste en ligne\u00a0?\u00a0\u00bb, s\u2019interroge alors le quotidien.<\/p>\n<p>Dans la foul\u00e9e du meurtre, la police d\u00e9clarant ne privil\u00e9gier \u00ab\u00a0<a target=\"_blank\" href=\"https:\/\/www.leparisien.fr\/faits-divers\/qui-etait-ashur-46-ans-chretien-dirak-refugie-a-lyon-et-tue-en-direct-sur-tiktok-12-09-2025-74X5O22W5FCX7KOA2HN3ASUM24.php\">aucune th\u00e8se<\/a>\u00a0\u00bb, le parquet de Lyon avait ouvert une enqu\u00eate pour \u00ab\u00a0homicide volontaire\u00a0\u00bb. Le 2 octobre, Sabri B., ressortissant alg\u00e9rien de 28 ans, <a target=\"_blank\" href=\"https:\/\/www.parismatch.com\/actu\/faits-divers\/exclusif-paris-match-meurtre-dashur-sarnaya-a-lyon-un-suspect-interpelle-en-italie-258024\">\u00e9tait arr\u00eat\u00e9<\/a> \u00e0 Andria, dans la r\u00e9gion des Pouilles en Italie.<\/p>\n<p>Le 9 octobre, le tribunal judiciaire de Lyon <a target=\"_blank\" href=\"https:\/\/www.leprogres.fr\/faits-divers-justice\/2025\/10\/13\/meurtre-d-ashur-sarnaya-l-instruction-confiee-au-pole-antiterroriste-du-tribunal-judiciaire-de-paris\">se dessaisissait<\/a> de l\u2019affaire au profit du p\u00f4le antiterroriste de l\u2019instruction du tribunal judiciaire de Paris. Les deux procureurs avaient alors expliqu\u00e9 qu\u2019en raison \u00ab\u00a0des derni\u00e8res avanc\u00e9es de l\u2019enqu\u00eate\u00a0\u00bb, l\u2019information judiciaire \u00e9tait dor\u00e9navant \u00e9tendue aux faits d\u2019\u00ab\u00a0assassinat en relation avec une entreprise terroriste\u00a0\u00bb et d\u2019\u00ab\u00a0association de malfaiteurs terroriste\u00a0\u00bb.<\/p>\n<p>Les cinq autres suspects, interpell\u00e9s le 16 octobre dans l\u2019agglom\u00e9ration lyonnaise, auraient \u00e9t\u00e9 en contact avec le meurtrier pr\u00e9sum\u00e9. Ils sont \u00e9galement ressortissants alg\u00e9riens et sont tous \u00e9tant en situation irr\u00e9guli\u00e8re.<\/p>\n<\/div>\n<p><br \/>\n<br \/><a href=\"https:\/\/francais.rt.com\/france\/126662-meurtre-influenceur-chretien-lyon-daesh\" target=\"_blank\"\">Source link <\/a><\/p>\n","protected":false},"excerpt":{"rendered":"<p>Selon des informations publi\u00e9es ce 23 octobre par Le Figaro, le tueur d\u2019Ashur Sarnaya, r\u00e9fugi\u00e9 irakien de 45 ans, handicap\u00e9, \u00e9gorg\u00e9 le 10 septembre en plein live TikTok au pied&hellip; <\/p>\n","protected":false},"author":1,"featured_media":18150,"comment_status":"open","ping_status":"open","sticky":false,"template":"","format":"standard","meta":{"footnotes":""},"categories":[1],"tags":[],"class_list":["post-18149","post","type-post","status-publish","format-standard","has-post-thumbnail","hentry","category-non-classe"],"_links":{"self":[{"href":"https:\/\/monde25.info\/index.php\/wp-json\/wp\/v2\/posts\/18149","targetHints":{"allow":["GET"]}}],"collection":[{"href":"https:\/\/monde25.info\/index.php\/wp-json\/wp\/v2\/posts"}],"about":[{"href":"https:\/\/monde25.info\/index.php\/wp-json\/wp\/v2\/types\/post"}],"author":[{"embeddable":true,"href":"https:\/\/monde25.info\/index.php\/wp-json\/wp\/v2\/users\/1"}],"replies":[{"embeddable":true,"href":"https:\/\/monde25.info\/index.php\/wp-json\/wp\/v2\/comments?post=18149"}],"version-history":[{"count":0,"href":"https:\/\/monde25.info\/index.php\/wp-json\/wp\/v2\/posts\/18149\/revisions"}],"wp:featuredmedia":[{"embeddable":true,"href":"https:\/\/monde25.info\/index.php\/wp-json\/wp\/v2\/media\/18150"}],"wp:attachment":[{"href":"https:\/\/monde25.info\/index.php\/wp-json\/wp\/v2\/media?parent=18149"}],"wp:term":[{"taxonomy":"category","embeddable":true,"href":"https:\/\/monde25.info\/index.php\/wp-json\/wp\/v2\/categories?post=18149"},{"taxonomy":"post_tag","embeddable":true,"href":"https:\/\/monde25.info\/index.php\/wp-json\/wp\/v2\/tags?post=18149"}],"curies":[{"name":"wp","href":"https:\/\/api.w.org\/{rel}","templated":true}]}}