{"id":18151,"date":"2025-10-23T16:38:48","date_gmt":"2025-10-23T14:38:48","guid":{"rendered":"https:\/\/monde25.info\/index.php\/2025\/10\/23\/retraites-le-decalage-de-la-reforme-coutera-cher-aux-retraites\/"},"modified":"2025-10-23T16:38:48","modified_gmt":"2025-10-23T14:38:48","slug":"retraites-le-decalage-de-la-reforme-coutera-cher-aux-retraites","status":"publish","type":"post","link":"https:\/\/monde25.info\/index.php\/2025\/10\/23\/retraites-le-decalage-de-la-reforme-coutera-cher-aux-retraites\/","title":{"rendered":"Retraites: le d\u00e9calage de la r\u00e9forme co\u00fbtera cher\u2026 aux retrait\u00e9s"},"content":{"rendered":"<p> <br \/>\n<br \/>Le conseil des ministres a ent\u00e9rin\u00e9 l\u2019inscription de la suspension de la r\u00e9forme des retraites au projet de budget de la S\u00e9curit\u00e9 sociale. Son financement sur le dos des retrait\u00e9s et des compl\u00e9mentaires sant\u00e9 est tr\u00e8s critiqu\u00e9, notamment par la CGT et la CFDT.<br \/>\n<br \/><br \/>\n<br \/><a href=\"https:\/\/www.mediapart.fr\/journal\/economie-et-social\/231025\/retraites-le-decalage-de-la-reforme-coutera-cher-aux-retraites\" target=\"_blank\"\">Source link <\/a><\/p>\n","protected":false},"excerpt":{"rendered":"<p>Le conseil des ministres a ent\u00e9rin\u00e9 l\u2019inscription de la suspension de la r\u00e9forme des retraites au projet de budget de la S\u00e9curit\u00e9 sociale. Son financement sur le dos des retrait\u00e9s&hellip; <\/p>\n","protected":false},"author":1,"featured_media":18152,"comment_status":"open","ping_status":"open","sticky":false,"template":"","format":"standard","meta":{"footnotes":""},"categories":[1],"tags":[],"class_list":["post-18151","post","type-post","status-publish","format-standard","has-post-thumbnail","hentry","category-non-classe"],"_links":{"self":[{"href":"https:\/\/monde25.info\/index.php\/wp-json\/wp\/v2\/posts\/18151","targetHints":{"allow":["GET"]}}],"collection":[{"href":"https:\/\/monde25.info\/index.php\/wp-json\/wp\/v2\/posts"}],"about":[{"href":"https:\/\/monde25.info\/index.php\/wp-json\/wp\/v2\/types\/post"}],"author":[{"embeddable":true,"href":"https:\/\/monde25.info\/index.php\/wp-json\/wp\/v2\/users\/1"}],"replies":[{"embeddable":true,"href":"https:\/\/monde25.info\/index.php\/wp-json\/wp\/v2\/comments?post=18151"}],"version-history":[{"count":0,"href":"https:\/\/monde25.info\/index.php\/wp-json\/wp\/v2\/posts\/18151\/revisions"}],"wp:featuredmedia":[{"embeddable":true,"href":"https:\/\/monde25.info\/index.php\/wp-json\/wp\/v2\/media\/18152"}],"wp:attachment":[{"href":"https:\/\/monde25.info\/index.php\/wp-json\/wp\/v2\/media?parent=18151"}],"wp:term":[{"taxonomy":"category","embeddable":true,"href":"https:\/\/monde25.info\/index.php\/wp-json\/wp\/v2\/categories?post=18151"},{"taxonomy":"post_tag","embeddable":true,"href":"https:\/\/monde25.info\/index.php\/wp-json\/wp\/v2\/tags?post=18151"}],"curies":[{"name":"wp","href":"https:\/\/api.w.org\/{rel}","templated":true}]}}