{"id":18153,"date":"2025-10-23T17:11:47","date_gmt":"2025-10-23T15:11:47","guid":{"rendered":"https:\/\/monde25.info\/index.php\/2025\/10\/23\/le-maire-dalbas-lot-interdit-un-festival-de-solidarite-avec-la-palestine\/"},"modified":"2025-10-23T17:11:47","modified_gmt":"2025-10-23T15:11:47","slug":"le-maire-dalbas-lot-interdit-un-festival-de-solidarite-avec-la-palestine","status":"publish","type":"post","link":"https:\/\/monde25.info\/index.php\/2025\/10\/23\/le-maire-dalbas-lot-interdit-un-festival-de-solidarite-avec-la-palestine\/","title":{"rendered":"Le maire d&rsquo;Albas (Lot) interdit un festival de solidarit\u00e9 avec la Palestine"},"content":{"rendered":"<p> <br \/>\n<\/p>\n<div style=\"word-wrap:break-word;\">\n<p>Aussi, lorsque les organisateurs m\u2019ont propos\u00e9 d\u2019y projeter <strong>L\u2019Olivier <\/strong> un film que j\u2019ai cor\u00e9alis\u00e9 en 1975, j\u2019ai dit oui, sans aucune h\u00e9sitation parce que je pense qu\u2019il est devenu un cha\u00eenon utile pour aborder l\u2019histoire tragique de ce peuple. Le processus ne se donnant aucune limite, nous avons film\u00e9 en Europe, au Liban, en Syrie, \u00e0 J\u00e9rusalem, \u00e0 Gaza, en Cisjordanie et sur tout le territoire isra\u00e9lien. Cela fut tout simplement un chemin de rencontres et par cons\u00e9quent de d\u00e9couvertes, de mise \u00e0 jour de notre connaissance au point de voir ce film devenir une succession de questions qui nous a conduit \u00e0 choisir comme sous-titre\u00a0: Qui sont les Palestiniens\u00a0?<\/p>\n<p>Il faut bien l\u2019avouer, l\u2019image m\u00e9diatique des Palestiniens n\u2019avait pas, \u00e0 ce moment l\u00e0, les traits d\u2019un peuple r\u00e9el que le processus de r\u00e9alisation nous aura permis de tracer, imparfait certes, mais au c\u0153ur du vivant. Il a eu le m\u00e9rite de saisir des visages et des voix qui sont autant de preuves de la l\u00e9gitimit\u00e9 d\u2019une population sur sa terre. Dans une p\u00e9riode o\u00f9 le peuple est dispers\u00e9 en corps d\u00e9membr\u00e9s, \u00e9cras\u00e9s, emprisonn\u00e9s, tortur\u00e9s, il fallait un souffle de vie de ce peuple et le film le pouvait en prenant place au c\u0153ur d\u2019un programme de rencontres avec de la musique, des chants, des ateliers divers et de la gastronomie palestinienne.<\/p>\n<p>Le festival avait \u00e9t\u00e9 d\u00e9clar\u00e9 dans les d\u00e9lais pour la p\u00e9riode du 26 au 28 septembre, sa pr\u00e9paration se d\u00e9roulait paisiblement avec une affiche qui circulait depuis presque un mois, sans signe palpable d\u2019orages.<\/p>\n<p>Et, patatras\u00a0! A quelques heures du commencement, le maire d\u2019Albas, chef de la police municipale, faisait savoir, qu\u2019il \u00e9tait hors de question de laisser se tenir sur son territoire un \u00e9v\u00e9nement pro-palestinien. Il para\u00eet que l\u2019organisateur n\u2019avait pas pr\u00e9cis\u00e9 le v\u00e9ritable objet du festival\u00a0:  reverser la totalit\u00e9 de b\u00e9n\u00e9fices  aux associations et ONG qui travaillent \u00e0 Gaza et sur le reste de la Palestine. Un objectif stup\u00e9fiant, non\u00a0?<\/p>\n<div class=\"spip_document_39675 spip_document spip_documents spip_document_image spip_documents_center spip_document_center\">\n<figure class=\"spip_doc_inner\">\n<p>\t\t<img loading=\"lazy\" decoding=\"async\" src=\"https:\/\/www.legrandsoir.info\/local\/cache-vignettes\/L425xH201\/albas_sarrtasins-40dbd.png?1761230200\" width=\"425\" height=\"201\" alt=\"\"\/><br \/>\n<\/figure>\n<\/div>\n<p> Ce village de 529 habitants est pass\u00e9 tout pr\u00e8s d\u2019une sortie de route. Heureusement que le maire veillait. La Guinguette d\u2019Albas dont le propri\u00e9taire n\u2019est autre que l\u2019organisateur du festival ne sera pas le repaire d\u2019inqui\u00e9tants \u00e9trangers. L\u2019arr\u00eat\u00e9 d\u2019interdiction qui comporte une farandole de \u00ab\u00a0consid\u00e9rants\u00a0\u00bb sid\u00e9rants sonne comme une d\u00e9claration de guerre civile, contre ses propres administr\u00e9s\u00a0:<\/p>\n<p><i>Consid\u00e9rant qu\u2019il appartient au maire d\u2019exercer son pouvoir de police&#8230;<br class=\"autobr\"\/><br \/>\nConsid\u00e9rant que le rassemblement festif se d\u00e9roulera sur divers emplacements du domaine public &#8230;<br class=\"autobr\"\/><br \/>\nConsid\u00e9rant que l\u2019organisateur  sollicite la fermeture partielle de la rue de la Carri\u00e8re &#8230;<br class=\"autobr\"\/><br \/>\nConsid\u00e9rant que, dans le contexte international actuel, la tenue d\u2019une manifestation en faveur du peuple palestinien pourrait susciter des tensions, des conflits d\u2019int\u00e9r\u00eat ou des troubles au maintien de la paix mettant en cause la mission de maintien de l\u2019ordre qui rel\u00e8ve du maire.<br class=\"autobr\"\/><br \/>\nM.\u00a0XXXX, XX rue de la Carri\u00e8re, Albas 46140 n\u2019est pas autoris\u00e9 \u00e0 occuper le domaine public. Le maire de la commune d\u2019Albas et le commandant de la brigade de la gendarmerie de Puy l\u2019Ev\u00eaque sont charg\u00e9s, chacun en ce qui le concerne, de l\u2019ex\u00e9cution du pr\u00e9sent arr\u00eat\u00e9. <br class=\"autobr\"\/><br \/>\n<\/i><\/p>\n<p><strong>Fermez le ban, le maintien de l\u2019ordre est assur\u00e9 et les barbares peuvent passer leur chemin. <\/strong><\/p>\n<p><i>Faut-il pleurer, faut-\u00a0il en rire, fait-il envie ou bien piti\u00e9, je n\u2019ai pas le c\u0153ur \u00e0 le dire<\/i> on ne sent pas le maire aimer, ses prochains. Ses arguments sont affligeants, ses pr\u00e9cautions oratoires aussi.<i> \u00ab\u00a0Evidemment qu\u2019\u00e0 titre personnel ce qui se passe \u00e0 Gaza me d\u00e9sole\u00a0\u00bb<\/i>, dit-il. Mais il n\u2019en d\u00e9mord pas, il refuse que son village devienne une plateforme pro-palestinienne.<\/p>\n<p>Vous vous rendez compte de l\u2019horreur\u00a0? Il y a de quoi trembler devant une menace qui vient de partout et m\u00eame de la voix d\u2019Emmanuel Macron, le Pr\u00e9sident de la R\u00e9publique, qui vient de reconna\u00eetre la cr\u00e9ation d\u2019un Etat palestinien, sans oublier les millions d\u2019Espagnols descendus dans la rue pour r\u00e9clamer que justice soit rendue au peuple palestinien.<\/p>\n<p><strong> En tout cas, Albas vient de rejeter les Sarrasins, ouf\u00a0! <\/strong><\/p>\n<p>Pas bien loin cependant car, gr\u00e2ce \u00e0 la bienveillance du maire de Luzech, la commune voisine, le festival s\u2019est d\u00e9roul\u00e9 dans une ambiance de partage et de g\u00e9n\u00e9rosit\u00e9 qui faisait plaisir \u00e0 vivre. Le lieu a \u00e9t\u00e9 chang\u00e9 \u00e0 la derni\u00e8re minute, il \u00e9tait excentr\u00e9 en dehors du village, mais il a r\u00e9uni une centaine de participants chaque soir. Plus de 5000 euros r\u00e9colt\u00e9s avec le sentiment d\u2019avoir gagn\u00e9 une bataille certes picrocholine mais une victoire dont la port\u00e9e symbolique enthousiasma les participants et fait encore parler, sans doute pour longtemps.<\/p>\n<p>D\u2019autant qu\u2019une p\u00e9tition, qui reprend la forme de l\u2019arr\u00eat\u00e9, fait d\u00e9filer une suite de \u00ab\u00a0consid\u00e9rants\u00a0\u00bb protestataires soucieux d\u2019exposer l\u2019absurdit\u00e9 de l\u2019interdiction, le tout r\u00e9dig\u00e9 avec un bon sens politique \u00e0 la mesure de l\u2019incongruit\u00e9\u00a0: <br class=\"autobr\"\/><br \/>\n<i>Consid\u00e9rant enfin que cette d\u00e9cision prive Albas d\u2019un moment de solidarit\u00e9, d\u2019\u00e9change et de culture, et donne de notre commune l\u2019image injuste d\u2019une collectivit\u00e9 qui ferme ses portes \u00e0 la fraternit\u00e9, nous affirmons que l\u2019arr\u00eat\u00e9 municipal n\u00b0\u00a02025-72 est injustifi\u00e9, disproportionn\u00e9 et contraire \u00e0 l\u2019esprit d\u2019ouverture et d\u2019accueil qui a toujours fait la richesse de notre commune.<\/i><\/p>\n<p>Et puis, ce qui n\u2019\u00e9tait pas pr\u00e9vu a fait surgir un esprit de r\u00e9sistance tout \u00e0 l\u2019honneur des organisateurs et des participants qui n\u2019ont pas manqu\u00e9, en toute libert\u00e9, de cultiver la pratique du d\u00e9sordre notamment en m\u00e9langeant les plats palestiniens, Maqlouba, Falafels et le vin de Cahors, ce qui au cours de la d\u00e9gustation, a fait na\u00eetre la sensation d\u2019avoir trouv\u00e9 une superbe cr\u00e9ation composite grosse de promesses.<\/p>\n<p><strong>Guy CHAPOUILLIE<\/strong><\/p>\n<p>Cin\u00e9aste, r\u00e9alisateur de courts et longs m\u00e9trages, universitaire, fondateur de l\u2019ESAV (Ecole sup\u00e9rieure d\u2019audovisuel) de Toulouse (devenue \u00e9cole nationale), Guy Chapouilli\u00e9 est \u00e9galement un sp\u00e9cialiste de Marcel Pagnol et du peintre Jean-Fran\u00e7ais Millet. <br class=\"autobr\"\/><br \/>\n Le Grand Soir s\u2019honore de lui avoir ouvert 21 fois ses colonnes.<\/p>\n<\/div>\n<p><br \/>\n<br \/><a href=\"https:\/\/www.legrandsoir.info\/le-maire-d-albas-lot-interdit-un-festival-de-solidarite-avec-la-palestine.html\" target=\"_blank\"\">Source link <\/a><\/p>\n","protected":false},"excerpt":{"rendered":"<p>Aussi, lorsque les organisateurs m\u2019ont propos\u00e9 d\u2019y projeter L\u2019Olivier un film que j\u2019ai cor\u00e9alis\u00e9 en 1975, j\u2019ai dit oui, sans aucune h\u00e9sitation parce que je pense qu\u2019il est devenu un&hellip; <\/p>\n","protected":false},"author":1,"featured_media":18154,"comment_status":"open","ping_status":"open","sticky":false,"template":"","format":"standard","meta":{"footnotes":""},"categories":[1],"tags":[],"class_list":["post-18153","post","type-post","status-publish","format-standard","has-post-thumbnail","hentry","category-non-classe"],"_links":{"self":[{"href":"https:\/\/monde25.info\/index.php\/wp-json\/wp\/v2\/posts\/18153","targetHints":{"allow":["GET"]}}],"collection":[{"href":"https:\/\/monde25.info\/index.php\/wp-json\/wp\/v2\/posts"}],"about":[{"href":"https:\/\/monde25.info\/index.php\/wp-json\/wp\/v2\/types\/post"}],"author":[{"embeddable":true,"href":"https:\/\/monde25.info\/index.php\/wp-json\/wp\/v2\/users\/1"}],"replies":[{"embeddable":true,"href":"https:\/\/monde25.info\/index.php\/wp-json\/wp\/v2\/comments?post=18153"}],"version-history":[{"count":0,"href":"https:\/\/monde25.info\/index.php\/wp-json\/wp\/v2\/posts\/18153\/revisions"}],"wp:featuredmedia":[{"embeddable":true,"href":"https:\/\/monde25.info\/index.php\/wp-json\/wp\/v2\/media\/18154"}],"wp:attachment":[{"href":"https:\/\/monde25.info\/index.php\/wp-json\/wp\/v2\/media?parent=18153"}],"wp:term":[{"taxonomy":"category","embeddable":true,"href":"https:\/\/monde25.info\/index.php\/wp-json\/wp\/v2\/categories?post=18153"},{"taxonomy":"post_tag","embeddable":true,"href":"https:\/\/monde25.info\/index.php\/wp-json\/wp\/v2\/tags?post=18153"}],"curies":[{"name":"wp","href":"https:\/\/api.w.org\/{rel}","templated":true}]}}