{"id":18168,"date":"2025-10-23T22:43:35","date_gmt":"2025-10-23T20:43:35","guid":{"rendered":"https:\/\/monde25.info\/index.php\/2025\/10\/23\/nouvelle-carriere-dimerys-les-travaux-ont-commence-en-dordogne\/"},"modified":"2025-10-23T22:43:35","modified_gmt":"2025-10-23T20:43:35","slug":"nouvelle-carriere-dimerys-les-travaux-ont-commence-en-dordogne","status":"publish","type":"post","link":"https:\/\/monde25.info\/index.php\/2025\/10\/23\/nouvelle-carriere-dimerys-les-travaux-ont-commence-en-dordogne\/","title":{"rendered":"Nouvelle carri\u00e8re d&#039;Imerys\u00a0: les travaux ont commenc\u00e9 en Dordogne"},"content":{"rendered":"<p> <br \/>\n<br \/><img loading=\"lazy\" decoding=\"async\" src=\"https:\/\/reporterre.net\/local\/cache-vignettes\/L700xH467\/signal-2025-10-23-165325_015-9b64c.jpg?1761237644\" class=\"spip_logo\" width=\"700\" height=\"467\" alt=\"\" \/><\/p>\n<p>4 hectares de bois ont \u00e9t\u00e9 abattus, le 22\u00a0octobre, sur le chantier de la carri\u00e8re de quartz de l&rsquo;entreprise Imerys \u00e0 Razac, pr\u00e8s de Thiviers (Dordogne). L&rsquo;association d&rsquo;opposants Sauvegardons Razac et le bassin de la C\u00f4le avait mobilis\u00e9 une cinquantaine de personnes pour s&rsquo;opposer \u00e0 ces travaux, sans succ\u00e8s. <br class=\"autobr\" \/><br \/>\nAu petit matin, une abatteuse s&rsquo;est attaqu\u00e9e \u00e0 une pin\u00e8de, selon les militants interrog\u00e9s par Reporterre. \u00ab<small class=\"fine d-inline\">\u00a0<\/small>Une centaine de forces de l&rsquo;ordre ont quadrill\u00e9 les bois et contr\u00f4l\u00e9 les\u00a0(\u2026)<\/p>\n<p>                    <a target=\"_blank\" href=\"https:\/\/reporterre.net\/Nouvelle-carriere-d-Imerys-les-travaux-ont-commence-en-Dordogne?utm_source=RSS&amp;utm_medium=RSS\">Lire la suite<\/a><\/p>\n<p>                    &#8211;<br \/>\n                        <a target=\"_blank\" href=\"https:\/\/reporterre.net\/Breves-20\" rel=\"directory\">En bref<\/a><\/p>\n<p>                    \/<br \/>\n                        <a target=\"_blank\" href=\"https:\/\/reporterre.net\/Mines-et-Gaz-de-schiste\" rel=\"tag\">Mines et m\u00e9taux<\/a><br \/>\n<br \/><br \/>\n<br \/><a href=\"https:\/\/reporterre.net\/Nouvelle-carriere-d-Imerys-les-travaux-ont-commence-en-Dordogne\" target=\"_blank\"\">Source link <\/a><\/p>\n","protected":false},"excerpt":{"rendered":"<p>4 hectares de bois ont \u00e9t\u00e9 abattus, le 22\u00a0octobre, sur le chantier de la carri\u00e8re de quartz de l&rsquo;entreprise Imerys \u00e0 Razac, pr\u00e8s de Thiviers (Dordogne). L&rsquo;association d&rsquo;opposants Sauvegardons Razac&hellip; <\/p>\n","protected":false},"author":1,"featured_media":0,"comment_status":"open","ping_status":"open","sticky":false,"template":"","format":"standard","meta":{"footnotes":""},"categories":[1],"tags":[],"class_list":["post-18168","post","type-post","status-publish","format-standard","hentry","category-non-classe"],"_links":{"self":[{"href":"https:\/\/monde25.info\/index.php\/wp-json\/wp\/v2\/posts\/18168","targetHints":{"allow":["GET"]}}],"collection":[{"href":"https:\/\/monde25.info\/index.php\/wp-json\/wp\/v2\/posts"}],"about":[{"href":"https:\/\/monde25.info\/index.php\/wp-json\/wp\/v2\/types\/post"}],"author":[{"embeddable":true,"href":"https:\/\/monde25.info\/index.php\/wp-json\/wp\/v2\/users\/1"}],"replies":[{"embeddable":true,"href":"https:\/\/monde25.info\/index.php\/wp-json\/wp\/v2\/comments?post=18168"}],"version-history":[{"count":0,"href":"https:\/\/monde25.info\/index.php\/wp-json\/wp\/v2\/posts\/18168\/revisions"}],"wp:attachment":[{"href":"https:\/\/monde25.info\/index.php\/wp-json\/wp\/v2\/media?parent=18168"}],"wp:term":[{"taxonomy":"category","embeddable":true,"href":"https:\/\/monde25.info\/index.php\/wp-json\/wp\/v2\/categories?post=18168"},{"taxonomy":"post_tag","embeddable":true,"href":"https:\/\/monde25.info\/index.php\/wp-json\/wp\/v2\/tags?post=18168"}],"curies":[{"name":"wp","href":"https:\/\/api.w.org\/{rel}","templated":true}]}}