{"id":18189,"date":"2025-10-24T07:31:34","date_gmt":"2025-10-24T05:31:34","guid":{"rendered":"https:\/\/monde25.info\/index.php\/2025\/10\/24\/les-migrations-climatiques-le-nouveau-visage-dun-monde-en-surchauffe\/"},"modified":"2025-10-24T07:31:34","modified_gmt":"2025-10-24T05:31:34","slug":"les-migrations-climatiques-le-nouveau-visage-dun-monde-en-surchauffe","status":"publish","type":"post","link":"https:\/\/monde25.info\/index.php\/2025\/10\/24\/les-migrations-climatiques-le-nouveau-visage-dun-monde-en-surchauffe\/","title":{"rendered":"Les migrations climatiques, le nouveau visage d&#039;un monde en surchauffe"},"content":{"rendered":"<p> <br \/>\n<br \/><img loading=\"lazy\" decoding=\"async\" src=\"https:\/\/reporterre.net\/local\/cache-vignettes\/L700xH467\/2._j__beneyton__mauritania__petite_peche_1_-bcbe0.jpg?1761230869\" class=\"spip_logo\" width=\"700\" height=\"467\" alt=\"\" \/><\/p>\n<p>L&rsquo;exposition \u00ab<small class=\"fine d-inline\">\u00a0<\/small>Migrations et Climat<small class=\"fine d-inline\">\u00a0<\/small>\u00bb, \u00e0 Paris, invite \u00e0 d\u00e9couvrir le nouveau visage de notre monde, transform\u00e9 par le r\u00e9chauffement climatique. Elle le fait avec sensibilit\u00e9<small class=\"fine d-inline\">\u00a0<\/small>; dommage que le contexte politique reste flou. <br class=\"autobr\" \/> Quel visage a aujourd&rsquo;hui notre monde boulevers\u00e9 par le r\u00e9chauffement climatique<small class=\"fine d-inline\">\u00a0<\/small>? Il reste difficile de le saisir dans un contexte de d\u00e9sinformation massive et les flashs-info de la t\u00e9l\u00e9vision sur les canicules, inondations et autres glissements de terrain\u00a0(\u2026)<\/p>\n<p>                    <a target=\"_blank\" href=\"https:\/\/reporterre.net\/Les-migrations-climatiques-le-nouveau-visage-d-un-monde-en-surchauffe?utm_source=RSS&amp;utm_medium=RSS\">Lire la suite<\/a><\/p>\n<p>                    &#8211;<br \/>\n                        <a target=\"_blank\" href=\"https:\/\/reporterre.net\/Autres-infos\" rel=\"directory\">Info<\/a><\/p>\n<p>                    \/<br \/>\n                        <a target=\"_blank\" href=\"https:\/\/reporterre.net\/Climat-18\" rel=\"tag\">Climat <\/a><br \/>\n                    ,<br \/>\n                        <a target=\"_blank\" href=\"https:\/\/reporterre.net\/Culture-et-idees\" rel=\"tag\">Culture<\/a><br \/>\n                    ,<br \/>\n                        <a target=\"_blank\" href=\"https:\/\/reporterre.net\/Migrations\" rel=\"tag\">Migrations<\/a><br \/>\n<br \/><br \/>\n<br \/><a href=\"https:\/\/reporterre.net\/Les-migrations-climatiques-le-nouveau-visage-d-un-monde-en-surchauffe\" target=\"_blank\"\">Source link <\/a><\/p>\n","protected":false},"excerpt":{"rendered":"<p>L&rsquo;exposition \u00ab\u00a0Migrations et Climat\u00a0\u00bb, \u00e0 Paris, invite \u00e0 d\u00e9couvrir le nouveau visage de notre monde, transform\u00e9 par le r\u00e9chauffement climatique. Elle le fait avec sensibilit\u00e9\u00a0; dommage que le contexte politique&hellip; <\/p>\n","protected":false},"author":1,"featured_media":0,"comment_status":"open","ping_status":"open","sticky":false,"template":"","format":"standard","meta":{"footnotes":""},"categories":[1],"tags":[],"class_list":["post-18189","post","type-post","status-publish","format-standard","hentry","category-non-classe"],"_links":{"self":[{"href":"https:\/\/monde25.info\/index.php\/wp-json\/wp\/v2\/posts\/18189","targetHints":{"allow":["GET"]}}],"collection":[{"href":"https:\/\/monde25.info\/index.php\/wp-json\/wp\/v2\/posts"}],"about":[{"href":"https:\/\/monde25.info\/index.php\/wp-json\/wp\/v2\/types\/post"}],"author":[{"embeddable":true,"href":"https:\/\/monde25.info\/index.php\/wp-json\/wp\/v2\/users\/1"}],"replies":[{"embeddable":true,"href":"https:\/\/monde25.info\/index.php\/wp-json\/wp\/v2\/comments?post=18189"}],"version-history":[{"count":0,"href":"https:\/\/monde25.info\/index.php\/wp-json\/wp\/v2\/posts\/18189\/revisions"}],"wp:attachment":[{"href":"https:\/\/monde25.info\/index.php\/wp-json\/wp\/v2\/media?parent=18189"}],"wp:term":[{"taxonomy":"category","embeddable":true,"href":"https:\/\/monde25.info\/index.php\/wp-json\/wp\/v2\/categories?post=18189"},{"taxonomy":"post_tag","embeddable":true,"href":"https:\/\/monde25.info\/index.php\/wp-json\/wp\/v2\/tags?post=18189"}],"curies":[{"name":"wp","href":"https:\/\/api.w.org\/{rel}","templated":true}]}}