{"id":18190,"date":"2025-10-24T08:04:36","date_gmt":"2025-10-24T06:04:36","guid":{"rendered":"https:\/\/monde25.info\/index.php\/2025\/10\/24\/de-sage-femme-a-apicultrice-bio-caroline-aime-ses-abeilles\/"},"modified":"2025-10-24T08:04:36","modified_gmt":"2025-10-24T06:04:36","slug":"de-sage-femme-a-apicultrice-bio-caroline-aime-ses-abeilles","status":"publish","type":"post","link":"https:\/\/monde25.info\/index.php\/2025\/10\/24\/de-sage-femme-a-apicultrice-bio-caroline-aime-ses-abeilles\/","title":{"rendered":"De sage-femme \u00e0 apicultrice bio : Caroline aime ses abeilles"},"content":{"rendered":"<p> <br \/>\n<\/p>\n<div>\n<h4><strong>Caroline Porteau est une agricultrice biologique aux multiples casquettes. \u00c0 la fois apicultrice, productrice de plantes aromatiques et g\u00e9rante d\u2019une ferme p\u00e9dagogique, elle a \u00e0 c\u0153ur de sensibiliser \u00e0 la protection de l\u2019environnement. Rencontre avec une femme au parcours \u00e9tonnant.<\/strong><\/h4>\n<p><span style=\"font-weight: 400;\">Caroline Porteau vit dans<strong> les Ardennes, <\/strong>en pleine zone rurale. Avec son mari Thierry, elle g\u00e8re le <strong><a target=\"_blank\" href=\"https:\/\/www.lerucherdumarcassin.fr\/\" target=\"_blank\" rel=\"noopener\">Rucher du Marcassin<\/a> <\/strong>\u00e0 Seraincourt, o\u00f9 <strong>elle \u00e9l\u00e8ve des abeilles, g\u00e8re une ferme p\u00e9dagogique et produit des plantes aromatiques.<\/strong> <\/span><\/p>\n<p><span style=\"font-weight: 400;\">Alors qu\u2019elle travaillait dans le milieu m\u00e9dical, <strong>Caroline Porteau a d\u00e9cid\u00e9 de changer de vie<\/strong> en 2018 en se lan\u00e7ant pleinement dans <strong>l\u2019agriculture biologique. <\/strong><\/span><\/p>\n<p><span style=\"font-weight: 400;\">Cette nouvelle vocation est n\u00e9e lors d\u2019une visite<strong> au Mus\u00e9e de l\u2019abeille,<\/strong> dans le Tarn. Sur place, Caroline et Thierry ont rencontr\u00e9 des personnes passionn\u00e9es par l\u2019apiculture, qui leur ont transmis leur savoir et leur envie.<strong> En 2015, Thierry est devenu apiculteur professionnel et a \u00e9t\u00e9 rejoint par Caroline trois ans plus tard.<\/strong><\/span><\/p>\n<figure id=\"attachment_815790\" aria-describedby=\"caption-attachment-815790\" style=\"width: 1300px\" class=\"wp-caption alignnone\"><img fetchpriority=\"high\" decoding=\"async\" class=\"wp-image-815790 size-full\" src=\"https:\/\/mrmondialisation.org\/wp-content\/uploads\/2025\/07\/291989916-1091877645015949-3298454829351108832-n-e1760965034267.jpg\" alt=\"\" width=\"1300\" height=\"947\" srcset=\"https:\/\/mrmondialisation.org\/wp-content\/uploads\/2025\/07\/291989916-1091877645015949-3298454829351108832-n-e1760965034267.jpg 1300w, https:\/\/mrmondialisation.org\/wp-content\/uploads\/2025\/07\/291989916-1091877645015949-3298454829351108832-n-e1760965034267-1024x746.jpg 1024w, https:\/\/mrmondialisation.org\/wp-content\/uploads\/2025\/07\/291989916-1091877645015949-3298454829351108832-n-e1760965034267-768x559.jpg 768w, https:\/\/mrmondialisation.org\/wp-content\/uploads\/2025\/07\/291989916-1091877645015949-3298454829351108832-n-e1760965034267-696x507.jpg 696w, https:\/\/mrmondialisation.org\/wp-content\/uploads\/2025\/07\/291989916-1091877645015949-3298454829351108832-n-e1760965034267-1068x778.jpg 1068w, https:\/\/mrmondialisation.org\/wp-content\/uploads\/2025\/07\/291989916-1091877645015949-3298454829351108832-n-e1760965034267-577x420.jpg 577w, https:\/\/mrmondialisation.org\/wp-content\/uploads\/2025\/07\/291989916-1091877645015949-3298454829351108832-n-e1760965034267-324x235.jpg 324w\" sizes=\"(max-width: 1300px) 100vw, 1300px\"\/><figcaption id=\"caption-attachment-815790\" class=\"wp-caption-text\">En plus d\u2019\u00eatre apicultrice, Caroline Porteau produit des plantes aromatiques. @Caroline Porteau\/Avec toutes autorisations<\/figcaption><\/figure>\n<blockquote>\n<p><strong><em>\u00ab Si l\u2019environnement n\u2019est pas en bonne sant\u00e9, cela a des r\u00e9percussions sur notre sant\u00e9 \u00e0 nous \u00bb.<\/em><\/strong><\/p>\n<\/blockquote>\n<h2><strong>De sage-femme \u00e0 apicultrice : faire na\u00eetre le vivant<\/strong><\/h2>\n<p><span style=\"font-weight: 400;\">Avant de se lancer dans le monde de l\u2019apiculture, <strong>Caroline \u00e9tait sage-femme.<\/strong> Un changement de cap qui peut \u00e9tonner, mais qui n\u2019est pourtant pas si diff\u00e9rent.<\/span><\/p>\n<p><em><span style=\"font-weight: 400;\">\u00ab Quand tu es sage-femme, <strong>tu es une passeuse de vie, tu joues sur la g\u00e9n\u00e9ration d\u2019apr\u00e8s et sur l\u2019avenir.<\/strong> Et maintenant, qu\u2019est-ce que je fais en agriculture et en apiculture bio ? Exactement la m\u00eame chose.<strong> Je suis une protectrice du vivant dans tous les sens du terme.<\/strong> <\/span><\/em><\/p>\n<p><em><span style=\"font-weight: 400;\">Si l\u2019environnement n\u2019est pas en bonne sant\u00e9,<strong> cela a des r\u00e9percussions sur notre sant\u00e9 \u00e0 nous.<\/strong> Quand j\u2019\u00e9tais dans le corps m\u00e9dical et que je voyais <strong>la sant\u00e9 publique se d\u00e9grader<\/strong>, avec <a target=\"_blank\" href=\"https:\/\/mrmondialisation.org\/big-food-cie-les-industriels-nous-tuent-a-petit-feu\/\">le taux de diab\u00e8te qui explose,<\/a> les scl\u00e9roses en plaque et les cancers chez les jeunes, je me disais qu\u2019il y avait de quoi se poser des questions. Aujourd\u2019hui <strong>je reviens \u00e0 la base<\/strong>, je fais de la pr\u00e9vention. \u00bb<\/span><\/em><\/p>\n<h2><strong>Une ferme p\u00e9dagogique autour des abeilles<\/strong><\/h2>\n<blockquote>\n<p><strong><em>\u00ab <\/em>Caroline et Thierry poss\u00e8dent d\u00e9sormais 150 ruches <em>\u00bb<\/em>. <\/strong><\/p>\n<\/blockquote>\n<p><span style=\"font-weight: 400;\">Caroline et Thierry poss\u00e8dent d\u00e9sormais <strong>150 ruches. <\/strong>Ils \u00e9l\u00e8vent leurs abeilles en suivant <strong><a target=\"_blank\" href=\"https:\/\/mrmondialisation.org\/etude-lagriculture-bio-et-locale-capable-de-nourrir-leurope-dici-2050\/\" target=\"_blank\" rel=\"noopener\">les principes de l\u2019agriculture biologique,<\/a><\/strong> c\u2019est-\u00e0-dire en <strong>respectant leur cycle de vie naturel et en \u00e9vitant la surproduction de miel.<\/strong> <\/span><\/p>\n<p><span style=\"font-weight: 400;\">Pour compl\u00e9ter leur projet, ils ont ouvert <strong>une ferme p\u00e9dagogique<\/strong> qui sensibilise le public \u00e0 l\u2019agriculture biologique comme \u00e0 la protection de la biodiversit\u00e9.<\/span><\/p>\n<figure id=\"attachment_815789\" aria-describedby=\"caption-attachment-815789\" style=\"width: 1024px\" class=\"wp-caption alignnone\"><img loading=\"lazy\" decoding=\"async\" class=\"wp-image-815789 size-medium\" src=\"https:\/\/mrmondialisation.org\/wp-content\/uploads\/2025\/07\/1712234931733-1024x683.jpg\" alt=\"\" width=\"1024\" height=\"683\" srcset=\"https:\/\/mrmondialisation.org\/wp-content\/uploads\/2025\/07\/1712234931733-1024x683.jpg 1024w, https:\/\/mrmondialisation.org\/wp-content\/uploads\/2025\/07\/1712234931733-1524x1016.jpg 1524w, https:\/\/mrmondialisation.org\/wp-content\/uploads\/2025\/07\/1712234931733-768x512.jpg 768w, https:\/\/mrmondialisation.org\/wp-content\/uploads\/2025\/07\/1712234931733-1536x1024.jpg 1536w, https:\/\/mrmondialisation.org\/wp-content\/uploads\/2025\/07\/1712234931733-696x464.jpg 696w, https:\/\/mrmondialisation.org\/wp-content\/uploads\/2025\/07\/1712234931733-1068x712.jpg 1068w, https:\/\/mrmondialisation.org\/wp-content\/uploads\/2025\/07\/1712234931733-630x420.jpg 630w, https:\/\/mrmondialisation.org\/wp-content\/uploads\/2025\/07\/1712234931733.jpg 1950w\" sizes=\"auto, (max-width: 1024px) 100vw, 1024px\"\/><figcaption id=\"caption-attachment-815789\" class=\"wp-caption-text\"><em>Abrit\u00e9s derri\u00e8re un chalet vitr\u00e9, les visiteurs peuvent observer les ruches de tr\u00e8s pr\u00e8s. @Caroline Porteau<\/em><\/figcaption><\/figure>\n<p><em>\u00ab Les abeilles font partie d\u2019un monde fascinant, <strong>plein de le\u00e7ons sur la vie en communaut\u00e9.<\/strong> On voulait ouvrir notre ferme pour que les gens d\u00e9couvrent ce monde vivant et pour qu\u2019ils d\u00e9couvrent notre pratique agricole. <\/em><\/p>\n<div class=\"td-a-rec td-a-rec-id-content_inline  tdi_1 td_block_template_1\">\n<span class=\"td-adspot-title\">&#8211; Pour une information libre ! &#8211;<\/span><a target=\"_blank\" href=\"https:\/\/fr.tipeee.com\/mr-mondialisation\" class=\"tipeee-project-small\">Soutenir Mr Japanization sur Tipeee<\/a>\n<\/div>\n<p><em>G\u00e9n\u00e9ralement, <strong>le public ne sait pas comment est fabriqu\u00e9 le miel.<\/strong> Il y a beaucoup de fa\u00e7ons de produire du miel : on peut opter pour une <strong>agriculture hyper intensive<\/strong>, alors qu\u2019il existe aussi <strong>d\u2019autres m\u00e9thodes o\u00f9 l\u2019on respecte les abeilles et leur cycle de vie.<\/strong> On r\u00e9fl\u00e9chit aux besoins de l\u2019abeille et on s\u2019adapte \u00e0 elle, et non l\u2019inverse. On n\u2019adapte pas l\u2019abeille \u00e0 nos besoins de production \u00bb<\/em>, nous a expliqu\u00e9 Caroline Porteau.<\/p>\n<h2><strong>Une exp\u00e9rience immersive<\/strong><\/h2>\n<p><span style=\"font-weight: 400;\">Dans sa ferme p\u00e9dagogique, Caroline Porteau accueille <strong>des familles, des touristes, des associations, des IME, des centres scolaires ou encore des centres de loisirs.<\/strong> Au sein de la ferme, le public peut choisir entre <strong>trois visites : d\u00e9couvrir les abeilles, les plantes aromatiques ou les insectes pollinisateurs.\u00a0<\/strong><\/span><\/p>\n<p><span style=\"font-weight: 400;\">La visite concernant les abeilles dure 45 minutes. Pendant ce laps de temps, Caroline aborde <strong>la vie de l\u2019abeille et l\u2019histoire de l\u2019apiculture.<\/strong><\/span><\/p>\n<p><em><span style=\"font-weight: 400;\">\u00ab Je leur explique que <strong style=\"font-weight: 400;\">c\u2019est la vie d\u2019un peuple qui est dans une ruche, qu\u2019une ruche est une ville de 50 000 habitants o\u00f9 tout le monde travaille\u2026 sauf les m\u00e2les !<\/strong> J\u2019explique le fonctionnement d\u2019une ruche mais aussi <strong style=\"font-weight: 400;\">la pollinisation<\/strong>, l\u2019utilit\u00e9 de l\u2019abeille quand elle transporte le pollen de fleur en fleur. Une fois que les visiteurs ont compris comment naissent les abeilles, quels sont leurs besoins \u2013 et quelle est leur vie parfois tragique \u2013 <strong>je les emm\u00e8ne dans un chalet qui est compl\u00e8tement vitr\u00e9 et qui surplombe les ruches \u00bb.<\/strong><\/span><\/em><\/p>\n<p><span style=\"font-weight: 400;\">Abrit\u00e9s derri\u00e8re les vitres, les visiteurs vivent <strong>une exp\u00e9rience inoubliable et immersive.<\/strong> Sous leurs yeux, Caroline rev\u00eat sa tenue d\u2019apicultrice et leur d\u00e9voile le fonctionnement de la ruche.<\/span><\/p>\n<blockquote>\n<p><span style=\"font-weight: 400;\"><em><strong>\u00ab ils plongent le doigt directement dans le cadre pour go\u00fbter le miel \u00bb.<\/strong> <\/em><\/span><\/p>\n<\/blockquote>\n<p><span style=\"font-weight: 400;\"><em>\u00ab Les visiteurs participent \u00e0 <strong>un spectacle vivant.<\/strong> Je sors les abeilles de la ruche, cadre par cadre. Ils peuvent observer le miel et, quand les abeilles sont sympathiques et qu\u2019il fait beau, je fais le tour et <strong>ils plongent le doigt directement dans le cadre pour go\u00fbter le miel.<\/strong> Ils observent les abeilles na\u00eetre, mais aussi la reine. Les visiteurs voient vraiment ce que je fais dans les ruches et comment nos abeilles travaillent tous les jours \u00bb<\/em>, a expliqu\u00e9 Caroline Porteau.<\/span><\/p>\n<figure id=\"attachment_815793\" aria-describedby=\"caption-attachment-815793\" style=\"width: 1024px\" class=\"wp-caption alignnone\"><img loading=\"lazy\" decoding=\"async\" class=\"wp-image-815793 size-medium\" src=\"https:\/\/mrmondialisation.org\/wp-content\/uploads\/2025\/07\/fb-img-1654669632335-1024x768.jpg\" alt=\"\" width=\"1024\" height=\"768\" srcset=\"https:\/\/mrmondialisation.org\/wp-content\/uploads\/2025\/07\/fb-img-1654669632335-1024x768.jpg 1024w, https:\/\/mrmondialisation.org\/wp-content\/uploads\/2025\/07\/fb-img-1654669632335-1524x1143.jpg 1524w, https:\/\/mrmondialisation.org\/wp-content\/uploads\/2025\/07\/fb-img-1654669632335-768x576.jpg 768w, https:\/\/mrmondialisation.org\/wp-content\/uploads\/2025\/07\/fb-img-1654669632335-1536x1152.jpg 1536w, https:\/\/mrmondialisation.org\/wp-content\/uploads\/2025\/07\/fb-img-1654669632335-696x522.jpg 696w, https:\/\/mrmondialisation.org\/wp-content\/uploads\/2025\/07\/fb-img-1654669632335-1068x801.jpg 1068w, https:\/\/mrmondialisation.org\/wp-content\/uploads\/2025\/07\/fb-img-1654669632335-560x420.jpg 560w, https:\/\/mrmondialisation.org\/wp-content\/uploads\/2025\/07\/fb-img-1654669632335-80x60.jpg 80w, https:\/\/mrmondialisation.org\/wp-content\/uploads\/2025\/07\/fb-img-1654669632335-265x198.jpg 265w, https:\/\/mrmondialisation.org\/wp-content\/uploads\/2025\/07\/fb-img-1654669632335.jpg 1733w\" sizes=\"auto, (max-width: 1024px) 100vw, 1024px\"\/><figcaption id=\"caption-attachment-815793\" class=\"wp-caption-text\">Lors d\u2019une visite, les familles observent le fonctionnement d\u2019une ruche et peuvent go\u00fbter le miel. @Caroline Porteau<\/figcaption><\/figure>\n<p><span style=\"font-weight: 400;\">En France, tr\u00e8s peu d\u2019apiculteurs proposent une exp\u00e9rience aussi immersive. Caroline et Thierry sont <strong>les premiers \u00e0 organiser ce genre de visites dans le Grand-Est.<\/strong> Ils n\u2019accueillent le public que pendant la <strong>p\u00e9riode de production des abeilles et des plantes<\/strong>, qui au lieu au printemps et en \u00e9t\u00e9. Un moment inoubliable pour les visiteurs qui d\u00e9couvrent la vie des abeilles et <a target=\"_blank\" href=\"https:\/\/mrmondialisation.org\/etude-la-reproduction-des-abeilles-gravement-atteinte\/\" target=\"_blank\" rel=\"noopener\"><strong>leur r\u00f4le indispensable dans l\u2019environnement.\u00a0<\/strong><\/a><\/span><\/p>\n<h2><strong>D\u00e9couvrir les plantes aromatiques<\/strong><\/h2>\n<p><span style=\"font-weight: 400;\">Par ailleurs, Caroline est <strong>productrice de plantes aromatiques<\/strong> car <em>\u00ab <\/em><em>une abeille sans fleur n\u2019est rien \u00bb<\/em>. Ainsi, elle propose aux visiteurs de <em>\u00ab <\/em><em>d\u00e9couvrir des plantes que tout le monde connaissait autrefois et que tout le monde a oubli\u00e9 \u00bb<\/em>. <\/span><\/p>\n<p><span style=\"font-weight: 400;\">Quand elle \u00e9tait sage-femme, Caroline s\u2019est int\u00e9ress\u00e9e aux <strong>vertus apaisantes des plantes<span style=\"color: #000000;\"> comme la camomille, la sauge ou encore le thym <\/span><\/strong><span style=\"color: #000000;\">dont elle partage les bienfaits.<\/span> Au d\u00e9tour de son jardin, Caroline \u00e9voque \u00e9galement <strong>les autres pollinisateurs et petites b\u00eates<\/strong> qui peuplent le riche \u00e9cosyst\u00e8me.\u00a0<\/span><\/p>\n<p><img loading=\"lazy\" decoding=\"async\" class=\"alignnone size-full wp-image-815794\" src=\"https:\/\/mrmondialisation.org\/wp-content\/uploads\/2025\/07\/1712234931800.jpg\" alt=\"\" width=\"1500\" height=\"1500\" srcset=\"https:\/\/mrmondialisation.org\/wp-content\/uploads\/2025\/07\/1712234931800.jpg 1500w, https:\/\/mrmondialisation.org\/wp-content\/uploads\/2025\/07\/1712234931800-1024x1024.jpg 1024w, https:\/\/mrmondialisation.org\/wp-content\/uploads\/2025\/07\/1712234931800-150x150.jpg 150w, https:\/\/mrmondialisation.org\/wp-content\/uploads\/2025\/07\/1712234931800-768x768.jpg 768w, https:\/\/mrmondialisation.org\/wp-content\/uploads\/2025\/07\/1712234931800-696x696.jpg 696w, https:\/\/mrmondialisation.org\/wp-content\/uploads\/2025\/07\/1712234931800-1068x1068.jpg 1068w, https:\/\/mrmondialisation.org\/wp-content\/uploads\/2025\/07\/1712234931800-420x420.jpg 420w\" sizes=\"auto, (max-width: 1500px) 100vw, 1500px\"\/><\/p>\n<p><span style=\"font-weight: 400;\">Pendant la visite, le public d\u00e9couvre <strong>une trentaine de plantes aromatiques diff\u00e9rentes.<\/strong> \u00c0 la fin, les visiteurs re\u00e7oivent <strong>les<\/strong> <strong>productions de fleurs s\u00e9ch\u00e9es<\/strong> de l\u2019agricultrice. Selon leurs besoins et leurs go\u00fbts, ils peuvent repartir avec les plantes qu\u2019ils souhaitent pour concocter des <strong>tisanes saines et savoureuses.<\/strong><\/span><\/p>\n<p><em><span style=\"font-weight: 400;\">\u00ab J\u2019adore quand je rencontre des grands-m\u00e8res qui me disent : \u201cC\u2019est vrai que <strong><span style=\"color: #000000;\">mes parents faisaient des<\/span> tisanes avec des plantes s\u00e9ch\u00e9es\u2026\u00a0\u00bb<\/strong>\u00a0Il y a <strong>un go\u00fbt de retour en enfance.<\/strong> Je me dis que c\u2019est bien car leur m\u00e9moire allait peut-\u00eatre se perdre, et je suis l\u00e0 pour la r\u00e9animer \u00bb.<\/span><\/em><\/p>\n<p><span style=\"font-weight: 400;\">La ferme p\u00e9dagogique de Caroline conna\u00eet un grand succ\u00e8s gr\u00e2ce <strong>au bouche-\u00e0-oreille.<\/strong> Les visites sont payantes, au prix de <strong>8 euros par adulte et 5 euros par enfant.<\/strong> L\u2019acc\u00e8s au jardin pour d\u00e9couvrir les insectes pollinisateurs est quant \u00e0 lui <strong>gratuit.\u00a0<\/strong><\/span><\/p>\n<h2><strong>Une production en vente directe<\/strong><\/h2>\n<blockquote>\n<p><strong><em>\u00ab <\/em><em>on veut rester ma\u00eetre de notre produit et ne pas produire pour produire<\/em><em> \u00bb<\/em><em>.<\/em><\/strong><\/p>\n<\/blockquote>\n<p><span style=\"font-weight: 400;\">Au sein de sa ferme, Caroline vend de nombreux produits <strong>faits maison <\/strong>comme : <strong>du miel, des tisanes, de l\u2019hydromel, du pain d\u2019\u00e9pice, du nougat, du vinaigre, des sirops compos\u00e9s de seulement 55% de sucre ou encore des confitures.<\/strong> <\/span><\/p>\n<p><span style=\"font-weight: 400;\">Toute la production est <strong>en vente directe et en circuit court.\u00a0<\/strong><\/span><\/p>\n<p><span style=\"font-weight: 400;\"><em>\u00ab C\u2019est quelque chose d\u2019important pour nous, <strong>rien ne part chez des grossistes.<\/strong> On veut rester <strong>ma\u00eetre de notre produit et ne pas produire pour produire.<\/strong> On reste fid\u00e8le \u00e0 nos valeurs \u00bb<\/em>, affirme Caroline Porteau.<\/span><\/p>\n<figure id=\"attachment_815792\" aria-describedby=\"caption-attachment-815792\" style=\"width: 1024px\" class=\"wp-caption alignnone\"><img loading=\"lazy\" decoding=\"async\" class=\"wp-image-815792 size-medium\" src=\"https:\/\/mrmondialisation.org\/wp-content\/uploads\/2025\/07\/fb-img-1641631620032-1024x684.jpg\" alt=\"\" width=\"1024\" height=\"684\" srcset=\"https:\/\/mrmondialisation.org\/wp-content\/uploads\/2025\/07\/fb-img-1641631620032-1024x684.jpg 1024w, https:\/\/mrmondialisation.org\/wp-content\/uploads\/2025\/07\/fb-img-1641631620032-1524x1019.jpg 1524w, https:\/\/mrmondialisation.org\/wp-content\/uploads\/2025\/07\/fb-img-1641631620032-768x513.jpg 768w, https:\/\/mrmondialisation.org\/wp-content\/uploads\/2025\/07\/fb-img-1641631620032-1536x1027.jpg 1536w, https:\/\/mrmondialisation.org\/wp-content\/uploads\/2025\/07\/fb-img-1641631620032-696x465.jpg 696w, https:\/\/mrmondialisation.org\/wp-content\/uploads\/2025\/07\/fb-img-1641631620032-1068x714.jpg 1068w, https:\/\/mrmondialisation.org\/wp-content\/uploads\/2025\/07\/fb-img-1641631620032-628x420.jpg 628w, https:\/\/mrmondialisation.org\/wp-content\/uploads\/2025\/07\/fb-img-1641631620032.jpg 1945w\" sizes=\"auto, (max-width: 1024px) 100vw, 1024px\"\/><figcaption id=\"caption-attachment-815792\" class=\"wp-caption-text\">Dans sa ferme, Caroline Porteau vend du miel et de l\u2019hydromel, mais aussi de nombreux produits faits maison. Photo : Caroline Porteau<\/figcaption><\/figure>\n<p><span style=\"font-weight: 400;\">Depuis pr\u00e8s de 10 ans, Caroline et Thierry proposent \u00e9galement de <strong>former des futurs apiculteurs amateurs<\/strong>, \u00e0 raison d\u2019une fois par an. En parall\u00e8le de son m\u00e9tier, Caroline est <strong>militante<\/strong> au sein de la <a target=\"_blank\" href=\"https:\/\/www.fnab.org\/\" target=\"_blank\" rel=\"noopener\">F\u00e9d\u00e9ration Nationale d\u2019Agriculture Biologique<\/a> (FNAB) et vice-pr\u00e9sidente du <a target=\"_blank\" href=\"https:\/\/biograndest.org\/bio-des-ardennes\/#:~:text=Bio%20des%20Ardennes%20est%20l,les%20agriculteurs%20bio%20du%20d%C3%A9partement.\" target=\"_blank\" rel=\"noopener\">groupement national bio des Ardennes<\/a>.\u00a0<\/span><\/p>\n<p><em><span style=\"font-weight: 400;\">\u00ab Aujourd\u2019hui, <a target=\"_blank\" href=\"https:\/\/mrmondialisation.org\/lagroecologie-pourrait-nourrir-95-milliards-dhumains\/\" target=\"_blank\" rel=\"noopener\"><strong>l\u2019agro\u00e9cologie<\/strong><\/a> est un mot ray\u00e9 du dictionnaire. On ne cherche qu\u2019\u00e0 pousser l\u2019agriculture dans une seule direction, <strong>une agriculture de plus en plus intensive et industrielle,<\/strong> afin de r\u00e9pondre \u00e0 des normes de comp\u00e9titivit\u00e9 bien souvent internationales. Les agriculteurs bios sont l\u00e0 pour rappeler qu\u2019il existe <strong>des solutions qui reposent sur le vivant et sur un syst\u00e8me naturel,<\/strong> loin de la chimie et des rendements surdimensionn\u00e9s et surdop\u00e9s \u00bb.<\/span><\/em><\/p>\n<p><span style=\"font-weight: 400;\">Par la suite, le couple envisage de mettre en place un syst\u00e8me <strong>de ferme auberge <\/strong>et d\u2019organiser <strong>une guinguette champ\u00eatre.<\/strong> L\u2019occasion pour les agriculteurs de toucher de nouvelles personnes et de <strong>leur faire d\u00e9couvrir leur pratique et leurs valeurs.<\/strong><\/span><\/p>\n<p style=\"text-align: right;\"><em>\u2013 Lisa Guinot<\/em><\/p>\n<div class=\"td-a-rec td-a-rec-id-content_bottom  tdi_2 td_block_template_1\">\n<span class=\"td-adspot-title\">&#8211; Cet article gratuit et ind\u00e9pendant existe gr\u00e2ce \u00e0 vous &#8211;<\/span><\/p>\n<div class=\"td-all-devices\">\n    <a target=\"_blank\" href=\"https:\/\/mrmondialisation.org\/donation\/\" title=\"Faire_un_don\"><img decoding=\"async\" class=\"donationArticle\" src=\"https:\/\/mrmondialisation.org\/wp-content\/uploads\/2022\/12\/220405-flikalicious-final.jpg\" alt=\"Donation\"\/><\/a>\n<\/div>\n<\/div><\/div>\n<p><br \/>\n<br \/><a href=\"https:\/\/mrmondialisation.org\/ardennes-apicultrice-bio-abeilles\/\" target=\"_blank\"\">Source link <\/a><\/p>\n","protected":false},"excerpt":{"rendered":"<p>Caroline Porteau est une agricultrice biologique aux multiples casquettes. \u00c0 la fois apicultrice, productrice de plantes aromatiques et g\u00e9rante d\u2019une ferme p\u00e9dagogique, elle a \u00e0 c\u0153ur de sensibiliser \u00e0 la&hellip; <\/p>\n","protected":false},"author":1,"featured_media":18191,"comment_status":"open","ping_status":"open","sticky":false,"template":"","format":"standard","meta":{"footnotes":""},"categories":[1],"tags":[],"class_list":["post-18190","post","type-post","status-publish","format-standard","has-post-thumbnail","hentry","category-non-classe"],"_links":{"self":[{"href":"https:\/\/monde25.info\/index.php\/wp-json\/wp\/v2\/posts\/18190","targetHints":{"allow":["GET"]}}],"collection":[{"href":"https:\/\/monde25.info\/index.php\/wp-json\/wp\/v2\/posts"}],"about":[{"href":"https:\/\/monde25.info\/index.php\/wp-json\/wp\/v2\/types\/post"}],"author":[{"embeddable":true,"href":"https:\/\/monde25.info\/index.php\/wp-json\/wp\/v2\/users\/1"}],"replies":[{"embeddable":true,"href":"https:\/\/monde25.info\/index.php\/wp-json\/wp\/v2\/comments?post=18190"}],"version-history":[{"count":0,"href":"https:\/\/monde25.info\/index.php\/wp-json\/wp\/v2\/posts\/18190\/revisions"}],"wp:featuredmedia":[{"embeddable":true,"href":"https:\/\/monde25.info\/index.php\/wp-json\/wp\/v2\/media\/18191"}],"wp:attachment":[{"href":"https:\/\/monde25.info\/index.php\/wp-json\/wp\/v2\/media?parent=18190"}],"wp:term":[{"taxonomy":"category","embeddable":true,"href":"https:\/\/monde25.info\/index.php\/wp-json\/wp\/v2\/categories?post=18190"},{"taxonomy":"post_tag","embeddable":true,"href":"https:\/\/monde25.info\/index.php\/wp-json\/wp\/v2\/tags?post=18190"}],"curies":[{"name":"wp","href":"https:\/\/api.w.org\/{rel}","templated":true}]}}