{"id":18216,"date":"2025-10-24T15:48:51","date_gmt":"2025-10-24T13:48:51","guid":{"rendered":"https:\/\/monde25.info\/index.php\/2025\/10\/24\/croyant-a-une-attaque-la-police-bavaroise-ouvre-le-feu-sur-des-militaires-participant-a-un-exercice-rt-en-francais\/"},"modified":"2025-10-24T15:48:51","modified_gmt":"2025-10-24T13:48:51","slug":"croyant-a-une-attaque-la-police-bavaroise-ouvre-le-feu-sur-des-militaires-participant-a-un-exercice-rt-en-francais","status":"publish","type":"post","link":"https:\/\/monde25.info\/index.php\/2025\/10\/24\/croyant-a-une-attaque-la-police-bavaroise-ouvre-le-feu-sur-des-militaires-participant-a-un-exercice-rt-en-francais\/","title":{"rendered":"croyant \u00e0 une attaque, la police bavaroise ouvre le feu sur des militaires participant \u00e0 un exercice \u2014 RT en fran\u00e7ais"},"content":{"rendered":"<p> <br \/>\n<br \/><img decoding=\"async\" src=\"https:\/\/mf.b37mrtl.ru\/french\/images\/2025.10\/thumbnail\/68fb6d5b87f3ec3fb17d3928.jpg\" \/><\/p>\n<div>\n<p class=\"text__summary\">\n                                        Le 22 octobre, alert\u00e9s par des habitants d&rsquo;Erding, au nord-est de Munich, signalant un homme arm\u00e9 et cagoul\u00e9, des policiers ont ouvert le feu et bless\u00e9 un membre de la police militaire de la Bundeswehr qui participait \u00e0 \u00abMarshall Power\u00bb, un exercice de grande envergure cens\u00e9 pr\u00e9parer cette unit\u00e9 de l\u2019arm\u00e9e \u00ab\u00e0 son r\u00f4le dans la d\u00e9fense\u00bb de l\u2019OTAN.\n                                    <\/p>\n<p>\u00ab Marshall Power \u00bb, un exercice impliquant la police militaire (Feldj\u00e4ger) allemande, a mal tourn\u00e9, apr\u00e8s que des habitants d\u2019Erding, une ville \u00e0 l&rsquo;est de Munich (Bavi\u00e8re), ont pris peur. Le 22 octobre, vers 17 h, l&rsquo;un d\u2019entre eux a appel\u00e9 la police pour signaler la pr\u00e9sence d\u2019un homme \u00ab en tenue de camouflage \u00bb et arm\u00e9 d\u2019\u00ab un fusil \u00bb aux alentours d\u2019une grange. Des \u00e9quipages de police ont \u00e9t\u00e9 d\u00e9p\u00each\u00e9s sur place et\u2026 tout a d\u00e9rap\u00e9.<\/p>\n<p>Face \u00e0 cette arriv\u00e9e inopin\u00e9e, qu\u2019ils ont cru faire partie de leur exercice, les soldats ont tir\u00e9 sur les policiers avec leurs armes charg\u00e9es \u00e0 blanc. En face, pensant \u00eatre sous le feu d\u2019un commando arm\u00e9, les policiers ont r\u00e9pliqu\u00e9 \u00e0 balles r\u00e9elles, blessant l\u2019un des militaires.<\/p>\n<p>Aux alentours, c\u2019est la panique. De nombreux riverains \u00ab se sont imm\u00e9diatement enferm\u00e9s dans leurs maisons, par peur, apr\u00e8s la fusillade \u00bb, a relat\u00e9 <em>Bild<\/em>, qui \u00e9voque un h\u00e9licopt\u00e8re de la police tournant dans les airs. Selon la m\u00eame source, une demande d\u2019intervention de commandos d&rsquo;intervention sp\u00e9ciaux (SEK) aurait \u00e9galement \u00e9t\u00e9 pass\u00e9e.<\/p>\n<p>Aupr\u00e8s du quotidien allemand, l&rsquo;arm\u00e9e (Bundeswehr) assure que toutes les autorit\u00e9s civiles avaient \u00e9t\u00e9 pr\u00e9venues de la tenue de ces man\u0153uvres, \u00ab mais je ne peux pas encore dire exactement de quelle mani\u00e8re \u00bb, a confi\u00e9 un porte-parole de l\u2019arm\u00e9e. Du c\u00f4t\u00e9 de la police, on ne s\u2019attendait pas \u00e0 ce que les exercices d\u00e9butent d\u00e8s le 22 octobre. Quant au soldat bless\u00e9, touch\u00e9 au visage par ricochet, il a \u00e9t\u00e9 h\u00e9liport\u00e9 vers un h\u00f4pital militaire.<\/p>\n<p>Pr\u00e9sent\u00e9 par la Bundeswehr comme \u00ab le plus important de l&rsquo;ann\u00e9e \u00bb, l\u2019exercice \u00ab Marshall Power \u00bb visait \u00e0 pr\u00e9parer la police militaire allemande \u00e0 \u00ab son r\u00f4le dans la d\u00e9fense \u00bb de l\u2019OTAN et \u00e0 tester la r\u00e9activit\u00e9 conjointe des militaires, de leurs homologues civils et des services de secours en cas d\u2019attaque de forces irr\u00e9guli\u00e8res ou de saboteurs \u00ab derri\u00e8re une ligne de front fictive \u00bb.<\/p>\n<p>L\u2019arm\u00e9e allemande aspirait \u00e0 ce que cet exercice de grande envergure, pr\u00e9vu du 22 au 29 octobre et mobilisant jusqu\u2019\u00e0 500 membres des Feldj\u00e4ger, ainsi que 300 policiers et membres des services de secours, se d\u00e9roule dans les conditions les plus r\u00e9alistes possibles.<\/p>\n<\/div>\n<p><br \/>\n<br \/><a href=\"https:\/\/francais.rt.com\/international\/126692-allemagne-police-bavaroise-ouvre-feu\" target=\"_blank\"\">Source link <\/a><\/p>\n","protected":false},"excerpt":{"rendered":"<p>Le 22 octobre, alert\u00e9s par des habitants d&rsquo;Erding, au nord-est de Munich, signalant un homme arm\u00e9 et cagoul\u00e9, des policiers ont ouvert le feu et bless\u00e9 un membre de la&hellip; <\/p>\n","protected":false},"author":1,"featured_media":18217,"comment_status":"open","ping_status":"open","sticky":false,"template":"","format":"standard","meta":{"footnotes":""},"categories":[1],"tags":[],"class_list":["post-18216","post","type-post","status-publish","format-standard","has-post-thumbnail","hentry","category-non-classe"],"_links":{"self":[{"href":"https:\/\/monde25.info\/index.php\/wp-json\/wp\/v2\/posts\/18216","targetHints":{"allow":["GET"]}}],"collection":[{"href":"https:\/\/monde25.info\/index.php\/wp-json\/wp\/v2\/posts"}],"about":[{"href":"https:\/\/monde25.info\/index.php\/wp-json\/wp\/v2\/types\/post"}],"author":[{"embeddable":true,"href":"https:\/\/monde25.info\/index.php\/wp-json\/wp\/v2\/users\/1"}],"replies":[{"embeddable":true,"href":"https:\/\/monde25.info\/index.php\/wp-json\/wp\/v2\/comments?post=18216"}],"version-history":[{"count":0,"href":"https:\/\/monde25.info\/index.php\/wp-json\/wp\/v2\/posts\/18216\/revisions"}],"wp:featuredmedia":[{"embeddable":true,"href":"https:\/\/monde25.info\/index.php\/wp-json\/wp\/v2\/media\/18217"}],"wp:attachment":[{"href":"https:\/\/monde25.info\/index.php\/wp-json\/wp\/v2\/media?parent=18216"}],"wp:term":[{"taxonomy":"category","embeddable":true,"href":"https:\/\/monde25.info\/index.php\/wp-json\/wp\/v2\/categories?post=18216"},{"taxonomy":"post_tag","embeddable":true,"href":"https:\/\/monde25.info\/index.php\/wp-json\/wp\/v2\/tags?post=18216"}],"curies":[{"name":"wp","href":"https:\/\/api.w.org\/{rel}","templated":true}]}}