{"id":1823,"date":"2024-12-09T12:06:54","date_gmt":"2024-12-09T11:06:54","guid":{"rendered":"https:\/\/monde25.info\/index.php\/2024\/12\/09\/violemment-arretes-des-paysans-denoncent-le-deux-poids-deux-mesures-entre-syndicats-agricoles\/"},"modified":"2024-12-09T12:06:54","modified_gmt":"2024-12-09T11:06:54","slug":"violemment-arretes-des-paysans-denoncent-le-deux-poids-deux-mesures-entre-syndicats-agricoles","status":"publish","type":"post","link":"https:\/\/monde25.info\/index.php\/2024\/12\/09\/violemment-arretes-des-paysans-denoncent-le-deux-poids-deux-mesures-entre-syndicats-agricoles\/","title":{"rendered":"Violemment arr\u00eat\u00e9s, des paysans d\u00e9noncent le \u00ab\u00a0deux poids, deux mesures\u00a0\u00bb entre syndicats agricoles"},"content":{"rendered":"<p> <br \/>\n<\/p>\n<div>\n<p>    <span class=\"date\">9 d\u00e9cembre 2024  \u00e0 10h14<\/span><\/p>\n<p>    <span class=\"date_modif\">Mis \u00e0 jour le 9 d\u00e9cembre 2024 \u00e0 10h59<\/span>      <\/p>\n<p class=\"duree_lecture\">\n        Dur\u00e9e de lecture : 4 minutes\n      <\/p>\n<\/p><\/div>\n<div>\n<p><i>\u00ab<small class=\"fine d-inline\">\u00a0<\/small>On se fait traiter comme des terroristes<small class=\"fine d-inline\">\u00a0<\/small>!<small class=\"fine d-inline\">\u00a0<\/small>\u00bb<\/i> Dimanche 8\u00a0d\u00e9cembre, quelques jours apr\u00e8s la manifestation de son syndicat agricole, la Conf\u00e9d\u00e9ration paysanne, la col\u00e8re du mara\u00eecher et c\u00e9r\u00e9alier bio Daniel \u00c9vain ne retombe pas. Trois jours plus t\u00f4t, le 5\u00a0d\u00e9cembre, cinq militants ont \u00e9t\u00e9 violemment interpell\u00e9s, et deux d\u2019entre eux ont \u00e9t\u00e9 d\u00e9f\u00e9r\u00e9s au tribunal de Paris apr\u00e8s le blocage du Grand Palais (8\u1d49\u00a0arrondissement de Paris) \u00e0 l\u2019occasion de la 64\u1d49\u00a0Bourse du commerce pour d\u00e9noncer <i>\u00ab<small class=\"fine d-inline\">\u00a0<\/small>l\u2019exploitation des paysans par le commerce international<small class=\"fine d-inline\">\u00a0<\/small>\u00bb<\/i>.<\/p>\n<p>Dans leur ligne de mire notamment, l\u2019accord de libre-\u00e9change entre l\u2019Union europ\u00e9enne et les pays du Mercosur, en Am\u00e9rique du Sud \u2014\u00a0le trait\u00e9 <a target=\"_blank\" href=\"https:\/\/reporterre.net\/Finalise-l-accord-UE-Mercosur-est-une-bombe-environnementale-et-sociale\" class=\"spip_in\">a \u00e9t\u00e9 valid\u00e9 le lendemain<\/a> par les deux parties, au grand dam des agriculteurs qui protestent contre ces n\u00e9gociations depuis mi-novembre. Les syndicalistes ont <a target=\"_blank\" href=\"https:\/\/reporterre.net\/Action-anti-Mercosur-pour-sauver-les-paysans-mangez-un-trader\" class=\"spip_in\">d\u00e9ploy\u00e9 une banderole<\/a> et \u00e9parpill\u00e9 de la paille devant l\u2019entr\u00e9e du b\u00e2timent, et un groupe <a target=\"_blank\" href=\"https:\/\/x.com\/ArnaudCesarV\/status\/1864663021525651696\" class=\"spip_out\" rel=\"external\">a parcouru l\u2019int\u00e9rieur du salon en chahutant quelques stands<\/a>.<\/p>\n<blockquote class=\"spip\">\n<p>\u00ab<small class=\"fine d-inline\">\u00a0<\/small>Violence inou\u00efe<small class=\"fine d-inline\">\u00a0<\/small>\u00bb<\/p>\n<\/blockquote>\n<p>Cette mobilisation <i>\u00ab<small class=\"fine d-inline\">\u00a0<\/small>bon enfant<small class=\"fine d-inline\">\u00a0<\/small>\u00bb<\/i> a vite tourn\u00e9 au vinaigre apr\u00e8s l\u2019arriv\u00e9e des policiers et des gendarmes, relate Daniel \u00c9vain. Tout a d\u00e9rap\u00e9 alors que les manifestants \u00e9taient sur le d\u00e9part. Ils ont alors \u00e9t\u00e9 encercl\u00e9s par les forces de police. Des coups ont \u00e9t\u00e9 donn\u00e9s et des personnes jet\u00e9es \u00e0 terre. Daniel \u00c9vain, coinc\u00e9 \u00e0 ce moment-l\u00e0 dans la foule, s\u2019est fait pousser et \u00e9craser le visage par un policier.<\/p>\n<p>Au m\u00eame moment, lors de son interpellation par la Brigade de r\u00e9pression de l\u2019action violente motoris\u00e9e (Brav-M), une femme de 60\u00a0ans a \u00e9t\u00e9 plaqu\u00e9e au sol si fort qu\u2019elle s\u2019est \u00e9vanouie, t\u00e9moignent les syndicalistes. Un moment de <i>\u00ab<small class=\"fine d-inline\">\u00a0<\/small>violence inou\u00efe<\/i>, t\u00e9moigne Laurence Marandola, porte-parole de la Conf\u00e9d\u00e9ration paysanne. <i>Cela faisait tr\u00e8s longtemps qu\u2019on n\u2019avait pas subi une r\u00e9pression de ce niveau-l\u00e0.<small class=\"fine d-inline\">\u00a0<\/small>\u00bb<\/i><\/p>\n<h2 class=\"spip\">Un proc\u00e8s en f\u00e9vrier<\/h2>\n<p>Daniel \u00c9vain et d\u2019autres repr\u00e9sentants de la Conf\u00e9d\u00e9ration paysanne se disent <i>\u00ab<small class=\"fine d-inline\">\u00a0<\/small>sid\u00e9r\u00e9s<small class=\"fine d-inline\">\u00a0<\/small>\u00bb<\/i>, <i>\u00ab<small class=\"fine d-inline\">\u00a0<\/small>indign\u00e9s<small class=\"fine d-inline\">\u00a0<\/small>\u00bb<\/i>, par la brutalit\u00e9 des policiers pendant le rassemblement du 5\u00a0d\u00e9cembre. Les interpell\u00e9s <i>\u00ab<small class=\"fine d-inline\">\u00a0<\/small>ont pass\u00e9 30 heures au commissariat. Pour rien<small class=\"fine d-inline\">\u00a0<\/small>! C\u2019est compl\u00e8tement d\u00e9ment, c\u2019\u00e9tait une manifestation pacifique<small class=\"fine d-inline\">\u00a0<\/small>\u00bb<\/i>, s\u2019offusque le cultivateur.<\/p>\n<p>Lib\u00e9r\u00e9es le samedi 7\u00a0d\u00e9cembre dans la soir\u00e9e apr\u00e8s avoir refus\u00e9 la comparution imm\u00e9diate, les deux personnes d\u00e9ferr\u00e9es ont \u00e9t\u00e9 accueillies sous les cris de joie et le soulagement de leurs coll\u00e8gues venus en soutien. <i>\u00ab<small class=\"fine d-inline\">\u00a0<\/small>Ils sont secou\u00e9s, fatigu\u00e9s, mais ils vont bien<small class=\"fine d-inline\">\u00a0<\/small>\u00bb<\/i>, rapporte Gaspard Manesse, de la Conf\u00e9d\u00e9ration paysanne \u00cele-de-France. Leur proc\u00e8s a \u00e9t\u00e9 report\u00e9 au 4\u00a0f\u00e9vrier. On leur reproche des <i>\u00ab<small class=\"fine d-inline\">\u00a0<\/small>violences et tentatives d\u2019intrusion<\/i>, <a target=\"_blank\" href=\"https:\/\/www.francetvinfo.fr\/economie\/emploi\/metiers\/agriculture\/crise-agricole-cinq-agriculteurs-de-la-confederation-paysanne-qui-manifestaient-a-paris-devant-le-grand-palais-places-en-garde-a-vue_6938099.html\" class=\"spip_out\" rel=\"external\">a fait savoir une source polici\u00e8re \u00e0 Franceinfo<\/a>. Contact\u00e9e, la pr\u00e9fecture de police de Paris n\u2019a pour l\u2019heure pas r\u00e9pondu \u00e0 nos sollicitations.<\/p>\n<blockquote class=\"spip\">\n<p>\u00ab<small class=\"fine d-inline\">\u00a0<\/small>Deux poids, deux mesures<small class=\"fine d-inline\">\u00a0<\/small>\u00bb<\/p>\n<\/blockquote>\n<p>La f\u00e9rocit\u00e9 des arrestations et le d\u00e9ferrement <i>\u00ab<small class=\"fine d-inline\">\u00a0<\/small>injustifi\u00e9<small class=\"fine d-inline\">\u00a0<\/small>\u00bb<\/i> de deux de leurs <i>\u00ab<small class=\"fine d-inline\">\u00a0<\/small>camarades<small class=\"fine d-inline\">\u00a0<\/small>\u00bb<\/i>, illustre la diff\u00e9rence de traitement entre la Conf\u00e9d\u00e9ration paysanne et la <span class=\"caps\">FNSEA<\/span> et la Coordination rurale, estime Laurence Marandola.<\/p>\n<p>De fait, un peu partout en France ces derni\u00e8res semaines, des permanences parlementaires, <a target=\"_blank\" href=\"https:\/\/reporterre.net\/L-Office-francais-de-la-biodiversite-bouc-emissaire-facile-de-la-crise-agricole\" class=\"spip_in\">des locaux de l\u2019Office fran\u00e7ais de la biodiversit\u00e9<\/a> et <a target=\"_blank\" href=\"https:\/\/reporterre.net\/La-vague-de-violences-et-d-intimidations-se\" class=\"spip_in\">des bureaux d\u2019associations environnementales<\/a> ont \u00e9t\u00e9 emmur\u00e9s, voire d\u00e9grad\u00e9s, des v\u00e9hicules de service ont \u00e9t\u00e9 endommag\u00e9s, du fumier, de la paille et des d\u00e9tritus ont \u00e9t\u00e9 d\u00e9vers\u00e9s, par les membres de ces deux syndicats.<\/p>\n<p><a target=\"_blank\" href=\"https:\/\/www.huffingtonpost.fr\/france\/video\/crise-des-agriculteurs-on-a-suivi-le-murage-de-l-inrae-par-la-fnsea-qui-reclame-des-solutions-a-l-institut_242873.html\" class=\"spip_out\" rel=\"external\">Des actions<\/a> r\u00e9alis\u00e9es dans leur quasi-totalit\u00e9<a target=\"_blank\" href=\"https:\/\/www.ouest-france.fr\/economie\/agriculture\/crise-agricole\/mobilisation-des-agriculteurs-de-la-fnsea-a-nantes-un-mur-de-parpaings-face-a-la-prefecture-122b776a-acca-11ef-9b54-3c56a96f72e2\" class=\"spip_out\" rel=\"external\">sous l\u2019\u0153il bienveillant des gendarmes et policiers<\/a>, et sans aucune cons\u00e9quence judiciaire. <i>\u00ab<small class=\"fine d-inline\">\u00a0<\/small>Si des militants \u00e9cologistes faisaient un dixi\u00e8me des violences qu\u2019ils commettent, ils feraient face \u00e0 une s\u00e9v\u00e8re r\u00e9pression polici\u00e8re. C\u2019est absolument inadmissible et tr\u00e8s r\u00e9v\u00e9lateur du deux poids, deux mesures<small class=\"fine d-inline\">\u00a0<\/small>\u00bb<\/i>, r\u00e9agit Antoine Gatet, \u00e0 la t\u00eate de France Nature Environnement.<\/p>\n<h2 class=\"spip\">Le prix de la remise en cause du syst\u00e8me \u00e9conomique<\/h2>\n<p>Gaspard Manesse dresse un constat similaire. <i>\u00ab<small class=\"fine d-inline\">\u00a0<\/small>Dans un cas, il y a des d\u00e9gradations qui valent des dizaines de milliers d\u2019euros, des actes caract\u00e9ris\u00e9s d\u2019un point de vue judiciaire, et il ne se passe rien. Dans l\u2019autre, on parle d\u2019une manifestation symbolique, sans violence, et la r\u00e9ponse est brutale<small class=\"fine d-inline\">\u00a0<\/small>\u00bb<\/i>, compare l\u2019exploitant en bio dans le sud des Yvelines.<\/p>\n<p>La raison tiendrait au fait que, contrairement aux autres syndicats, la Conf\u00e9d\u00e9ration paysanne <i>\u00ab<small class=\"fine d-inline\">\u00a0<\/small>appuie l\u00e0 o\u00f9 \u00e7a fait mal<small class=\"fine d-inline\">\u00a0<\/small>\u00bb<\/i>. <i>\u00ab<small class=\"fine d-inline\">\u00a0<\/small>Lors de leurs actions, la Coordination rurale et la <span class=\"caps\">FNSEA<\/span> ne remettent pas en cause le syst\u00e8me \u00e9conomique et agro-industriel \u00e9tabli. Nous, on pointe du doigt les responsables effectifs de la disparition des paysans, de la destruction du vivant et des conditions de la vie sur Terre<\/i>, dit-il. <i>C\u2019est pour cela qu\u2019ils r\u00e9agissent de mani\u00e8re compl\u00e8tement disproportionn\u00e9e.<small class=\"fine d-inline\">\u00a0<\/small>\u00bb<\/i><\/p>\n<aside class=\"boite_encarts\">\n<div class=\"encart encart_gris noprint\">\n<p><strong>Il est de retour.<\/strong><\/p>\n<p>Dans quelques semaines, Donald Trump se r\u00e9-installera \u00e0 la Maison Blanche.<\/p>\n<p>Un milliardaire, pour qui le r\u00e9chauffement climatique est \u00ab<small class=\"fine d-inline\">\u00a0<\/small>un canular<small class=\"fine d-inline\">\u00a0<\/small>\u00bb, sera \u00e0 la t\u00eate de la plus grande puissance mondiale.<\/p>\n<p>Dans une d\u00e9cennie cruciale pour l\u2019\u00e9cologie, nous ne pouvons pas nous permettre de perdre plus de temps.<\/p>\n<p>La soci\u00e9t\u00e9 civile doit continuer de se soulever, de se mobiliser et de faire pression sur les puissants.<\/p>\n<p>Mais pour agir, il faut savoir.<\/p>\n<p><strong>Depuis 11 ans, nous publions des articles de qualit\u00e9 sur l\u2019\u00e9cologie, en acc\u00e8s libre et sans publicit\u00e9, pour tous.<\/strong><\/p>\n<p>Nous avons la conviction que l\u2019urgence \u00e9cologique est l\u2019enjeu majeur de notre \u00e9poque.<br class=\"autobr\"\/><br \/>\n Et comme plus de 2 millions de lectrices et lecteurs chaque mois, vous partagez sans doute cette conviction&#8230;<\/p>\n<p>Alors si vous en avez les moyens, sachez qu\u2019un don, m\u00eame d\u20191\u20ac, est un acte de soutien fort pour l\u2019\u00e9cologie et le journalisme ind\u00e9pendant.<br class=\"autobr\"\/><br \/>\n (Et \u00e7a vous prendra moins de temps que la lecture de ce texte).<\/p>\n<p><strong>Si vous le pouvez, choisissez un soutien mensuel. Merci.<\/strong><\/p>\n<p><a target=\"_blank\" href=\"https:\/\/reporterre.net\/dons\" class=\"bt_soutenir\">Je soutiens <i>Reporterre<\/i><\/a><\/p>\n<\/p><\/div>\n<div class=\"encart encart_vert noprint montre_1023\">\n<div class=\"infolettre-form-container noprint\">\n<p>Abonnez-vous \u00e0 la lettre d\u2019info de Reporterre<\/p>\n<\/div><\/div>\n<\/aside>\n<aside class=\"boite_apresarticle encart_note\">\n<h4>Apr\u00e8s cet article<\/h4>\n<p>      <a target=\"_blank\" href=\"https:\/\/reporterre.net\/Derriere-les-manifestations-agricoles-un-combat-de-coqs-entre-syndicats\" class=\"lien_article\">\n      <picture class=\"vignette_gauche\"><source type=\"image\/webp\" srcset=\"https:\/\/reporterre.net\/local\/cache-gd2\/81\/7021f34d817d6bdfcc717e22f64668.jpg@.webp?1732035617\"><img decoding=\"async\" src=\"https:\/\/reporterre.net\/local\/cache-gd2\/81\/7021f34d817d6bdfcc717e22f64668.jpg?1732035617\" width=\"450\" height=\"300\" alt=\"\" class=\"marge12\" loading=\"lazy\"\/><br \/>\n<\/source><\/picture>\n<p class=\"libelle\">\n<p>      Agriculture\n    <\/p>\n<p class=\"titre pol20\">Derri\u00e8re les manifestations agricoles, \u00ab<small class=\"fine d-inline\">\u00a0<\/small>un combat de coqs<small class=\"fine d-inline\">\u00a0<\/small>\u00bb entre syndicats<\/p>\n<p>      <\/a><br \/>\n    <\/aside>\n<aside class=\"boite_complement texte\">\n<p>      <!-- zone_forum --><br \/>\n          <\/aside>\n<aside class=\"boite_lireaussi noprint\">\n<\/aside>\n<aside class=\"colonne\">\n<div class=\"article_info cache_1023 noprint\">\n<p>    <span class=\"date\">9 d\u00e9cembre 2024  \u00e0 10h14<\/span><\/p>\n<p>    <span class=\"date_modif\">Mis \u00e0 jour le 9 d\u00e9cembre 2024 \u00e0 10h59<\/span>      <\/p>\n<p class=\"duree_lecture\">\n        Dur\u00e9e de lecture : 4 minutes\n      <\/p>\n<\/p><\/div>\n<div class=\"bloc_infolettre\">\n<div class=\"infolettre-form-container noprint\">\n<p>Abonnez-vous \u00e0 la lettre d\u2019info de Reporterre<\/p>\n<\/div><\/div>\n<\/aside>\n<div id=\"galerie\">\n  <img decoding=\"async\" src=\"\" class=\"principale\" id=\"principale\"\/><\/p>\n<p id=\"legende\">legende<\/p>\n<\/div>\n<footer class=\"noprint\">\n<\/footer>\n<\/div>\n<p><br \/>\n<br \/><a href=\"https:\/\/reporterre.net\/Violemment-arretes-des-paysans-denoncent-le-deux-poids-deux-mesures-entre-syndicats\" target=\"_blank\"\">Source link <\/a><\/p>\n","protected":false},"excerpt":{"rendered":"<p>9 d\u00e9cembre 2024 \u00e0 10h14 Mis \u00e0 jour le 9 d\u00e9cembre 2024 \u00e0 10h59 Dur\u00e9e de lecture : 4 minutes \u00ab\u00a0On se fait traiter comme des terroristes\u00a0!\u00a0\u00bb Dimanche 8\u00a0d\u00e9cembre, quelques&hellip; <\/p>\n","protected":false},"author":1,"featured_media":1824,"comment_status":"open","ping_status":"open","sticky":false,"template":"","format":"standard","meta":{"footnotes":""},"categories":[1],"tags":[],"class_list":["post-1823","post","type-post","status-publish","format-standard","has-post-thumbnail","hentry","category-non-classe"],"_links":{"self":[{"href":"https:\/\/monde25.info\/index.php\/wp-json\/wp\/v2\/posts\/1823","targetHints":{"allow":["GET"]}}],"collection":[{"href":"https:\/\/monde25.info\/index.php\/wp-json\/wp\/v2\/posts"}],"about":[{"href":"https:\/\/monde25.info\/index.php\/wp-json\/wp\/v2\/types\/post"}],"author":[{"embeddable":true,"href":"https:\/\/monde25.info\/index.php\/wp-json\/wp\/v2\/users\/1"}],"replies":[{"embeddable":true,"href":"https:\/\/monde25.info\/index.php\/wp-json\/wp\/v2\/comments?post=1823"}],"version-history":[{"count":0,"href":"https:\/\/monde25.info\/index.php\/wp-json\/wp\/v2\/posts\/1823\/revisions"}],"wp:featuredmedia":[{"embeddable":true,"href":"https:\/\/monde25.info\/index.php\/wp-json\/wp\/v2\/media\/1824"}],"wp:attachment":[{"href":"https:\/\/monde25.info\/index.php\/wp-json\/wp\/v2\/media?parent=1823"}],"wp:term":[{"taxonomy":"category","embeddable":true,"href":"https:\/\/monde25.info\/index.php\/wp-json\/wp\/v2\/categories?post=1823"},{"taxonomy":"post_tag","embeddable":true,"href":"https:\/\/monde25.info\/index.php\/wp-json\/wp\/v2\/tags?post=1823"}],"curies":[{"name":"wp","href":"https:\/\/api.w.org\/{rel}","templated":true}]}}