{"id":18244,"date":"2025-10-25T00:03:37","date_gmt":"2025-10-24T22:03:37","guid":{"rendered":"https:\/\/monde25.info\/index.php\/2025\/10\/25\/le-fonctionnement-de-france-televisions-etrille-par-un-rapport-rt-en-francais\/"},"modified":"2025-10-25T00:03:37","modified_gmt":"2025-10-24T22:03:37","slug":"le-fonctionnement-de-france-televisions-etrille-par-un-rapport-rt-en-francais","status":"publish","type":"post","link":"https:\/\/monde25.info\/index.php\/2025\/10\/25\/le-fonctionnement-de-france-televisions-etrille-par-un-rapport-rt-en-francais\/","title":{"rendered":"le fonctionnement de France T\u00e9l\u00e9visions \u00e9trill\u00e9 par un rapport \u2014 RT en fran\u00e7ais"},"content":{"rendered":"<p> <br \/>\n<br \/><img decoding=\"async\" src=\"https:\/\/mf.b37mrtl.ru\/french\/images\/2025.10\/thumbnail\/68fbc5316f7ccc307b592ef3.png\" \/><\/p>\n<div>\n<p class=\"text__summary\">\n                                        Un rapport du cabinet Cedaet accable le fonctionnement au sein du groupe audiovisuel public fran\u00e7ais, dont des salari\u00e9s ont notamment fait \u00e9tat de pratiques manag\u00e9riales jug\u00e9es toxiques, en particulier \u00e0 l\u2019encontre d\u2019anciens journalistes de France 3. D\u00e9non\u00e7ant une \u00ablogique quasi sectaire\u00bb, la CGT du groupe a r\u00e9clam\u00e9 des r\u00e9formes.\n                                    <\/p>\n<p>Les nuages s\u2019amonc\u00e8lent dans le ciel de France T\u00e9l\u00e9visions. Apr\u00e8s un rapport au vitriol sur sa gestion financi\u00e8re r\u00e9cemment dress\u00e9 par la <a target=\"_blank\" href=\"https:\/\/www.ccomptes.fr\/fr\/publications\/france-televisions\">Cour des comptes<\/a> qui alertait sur une situation \u00ab\u00a0critique\u00a0\u00bb, c\u2019est au tour de sa culture d\u2019entreprise d\u2019\u00eatre \u00e9pingl\u00e9e.<\/p>\n<p>Dans un rapport remis au CSE de France T\u00e9l\u00e9visions et <a target=\"_blank\" href=\"https:\/\/www.lalettre.fr\/fr\/medias_audiovisuel\/2025\/10\/23\/france-televisions--un-rapport-tire-la-sonnette-l-alarme-sur-la-situation-de-la-direction-de-l-info,110538847-art\">r\u00e9v\u00e9l\u00e9<\/a>\u00a0notamment par <em>La Lettre<\/em> le 23 octobre, le cabinet Cedaet d\u00e9peint une organisation \u00ab\u00a0autoritaire et \u00e9litiste\u00a0\u00bb, o\u00f9 le climat de travail serait \u00ab\u00a0brutal\u00a0\u00bb. Ce cabinet ind\u00e9pendant, saisi par le CSE apr\u00e8s des t\u00e9moignages de salari\u00e9s faisant part d\u2019un \u00ab\u00a0<a target=\"_blank\" href=\"https:\/\/www.valeursactuelles.com\/societe\/une-organisation-autoritaire-et-elitiste-un-rapport-accablant-pointe-le-fonctionnement-de-france-televisions\">mal-\u00eatre profond<\/a>, \u00e0 grande \u00e9chelle\u00a0\u00bb, pointe \u00e9galement des tensions entre journalistes ainsi que des in\u00e9galit\u00e9s de traitement.<\/p>\n<p>Blast, qui a \u00e9galement eu acc\u00e8s \u00e0 ce rapport \u00ab\u00a0tr\u00e8s instructif\u00a0\u00bb, a \u00e9voqu\u00e9 la trentaine de t\u00e9moignages de salari\u00e9s publi\u00e9s par la Soci\u00e9t\u00e9 des journalistes (SDJ) de France 3, publi\u00e9s fin 2024. \u00ab\u00a0Les mots prononc\u00e9s par ces t\u00e9moins sont forts : m\u00e9pris des exp\u00e9riences pass\u00e9es, d\u00e9classement, stagiaire de luxe apr\u00e8s 30 ans de journalisme, maltraitance manag\u00e9riale, placardisation, perte de sens du travail \u00e0 effectuer, ambiance d\u00e9testable, etc. \u00bb, a <a target=\"_blank\" href=\"https:\/\/www.blast-info.fr\/articles\/2025\/souffrance-au-travail-le-rapport-qui-accable-france-televisions-nUjW-FMSSIGNXTWgYj3DTg\">r\u00e9sum\u00e9<\/a> l\u2019auteur de l\u2019article.<\/p>\n<p>Ce document de 160 pages \u00ab\u00a0fait aussi \u00e9tat d\u2019un climat d\u00e9l\u00e9t\u00e8re au travail, avec un v\u00e9cu de violence et des effets sur la sant\u00e9 des salari\u00e9s, essentiellement des anciens journalistes de France 3\u00a0\u00bb, rapporte \u00e9galement le m\u00e9dia fran\u00e7ais, qui a notamment relay\u00e9 un t\u00e9moignage pointant du doigt Delphine Ernotte, qui pr\u00e9side le groupe depuis 2015.<\/p>\n<p>\u00ab\u00a0En arrivant \u00e0 France T\u00e9l\u00e9visions, il semble que la pr\u00e9sidente ait install\u00e9 un management toxique peut-\u00eatre inspir\u00e9 de France Telecom d\u2019o\u00f9 elle venait\u00a0\u00bb, peut-on ainsi lire.<\/p>\n<h3>\u00ab\u00a0Voici venu le temps de la r\u00e9forme\u00a0\u00bb, estime la CGT<\/h3>\n<p>\u00ab\u00a0Le rapport Cedaet est une nouvelle bombe qui fait d\u00e9finitivement vaciller la forteresse b\u00e2tie depuis des ann\u00e9es par une bande organis\u00e9e dans une logique quasi sectaire. Voici venu le temps de la r\u00e9forme\u00a0\u00bb, <a target=\"_blank\" href=\"https:\/\/www.snrt-cgt-ftv.org\/liste-communiques\/1601-risque-grave-confirme-a-la-redaction-nationale\">a r\u00e9agi<\/a> la CGT dans un communiqu\u00e9.<\/p>\n<p>Ce nouveau rapport, accablant, tombe au moment o\u00f9 le groupe audiovisuel public s\u2019est d\u00e9marqu\u00e9 au travers de l\u2019affaire Legrand-Cohen et de la \u2013 double \u2013 bourde sur le JT de France 2 au sujet de l\u2019assassinat de Dominique Bernard.<\/p>\n<p>Quant \u00e0 son co\u00fbt et <a target=\"_blank\" href=\"https:\/\/www.lefigaro.fr\/medias\/tresorerie-au-plus-bas-capitaux-propres-en-chute-libre-la-cour-des-comptes-alerte-sur-l-etat-critique-des-finances-de-france-televisions-20250923\">ses errements<\/a> constat\u00e9s par les sages de la rue Cambon, <a target=\"_blank\" href=\"https:\/\/fr.irefeurope.org\/\">certains<\/a> appellent \u00e0 la <a target=\"_blank\" href=\"https:\/\/www.ojim.fr\/entretien-exclusif-un-gouffre-a-argent-public-la-charge-au-vitriol-de-sarah-knafo-contre-laudiovisuel-publi\/\">privatisation de l\u2019audiovisuel public<\/a>, \u00e0 l\u2019instar de l\u2019eurod\u00e9put\u00e9e Reconqu\u00eate\u00a0! Sarah Knafo qui fustigeait en mai, au micro de Sud Radio, \u00ab\u00a0<a target=\"_blank\" href=\"https:\/\/www.youtube.com\/watch?v=Ur7cOAmp7oQ\">l\u2019abonnement forc\u00e9<\/a>\u00a0\u00bb \u00e0 \u00ab\u00a083 euros\u00a0\u00bb qui serait indirectement r\u00e9gl\u00e9 par les contribuables.<\/p>\n<\/div>\n<p><br \/>\n<br \/><a href=\"https:\/\/francais.rt.com\/france\/126704-autoritaire-elitiste-fonctionnement-france-television\" target=\"_blank\"\">Source link <\/a><\/p>\n","protected":false},"excerpt":{"rendered":"<p>Un rapport du cabinet Cedaet accable le fonctionnement au sein du groupe audiovisuel public fran\u00e7ais, dont des salari\u00e9s ont notamment fait \u00e9tat de pratiques manag\u00e9riales jug\u00e9es toxiques, en particulier \u00e0&hellip; <\/p>\n","protected":false},"author":1,"featured_media":18245,"comment_status":"open","ping_status":"open","sticky":false,"template":"","format":"standard","meta":{"footnotes":""},"categories":[1],"tags":[],"class_list":["post-18244","post","type-post","status-publish","format-standard","has-post-thumbnail","hentry","category-non-classe"],"_links":{"self":[{"href":"https:\/\/monde25.info\/index.php\/wp-json\/wp\/v2\/posts\/18244","targetHints":{"allow":["GET"]}}],"collection":[{"href":"https:\/\/monde25.info\/index.php\/wp-json\/wp\/v2\/posts"}],"about":[{"href":"https:\/\/monde25.info\/index.php\/wp-json\/wp\/v2\/types\/post"}],"author":[{"embeddable":true,"href":"https:\/\/monde25.info\/index.php\/wp-json\/wp\/v2\/users\/1"}],"replies":[{"embeddable":true,"href":"https:\/\/monde25.info\/index.php\/wp-json\/wp\/v2\/comments?post=18244"}],"version-history":[{"count":0,"href":"https:\/\/monde25.info\/index.php\/wp-json\/wp\/v2\/posts\/18244\/revisions"}],"wp:featuredmedia":[{"embeddable":true,"href":"https:\/\/monde25.info\/index.php\/wp-json\/wp\/v2\/media\/18245"}],"wp:attachment":[{"href":"https:\/\/monde25.info\/index.php\/wp-json\/wp\/v2\/media?parent=18244"}],"wp:term":[{"taxonomy":"category","embeddable":true,"href":"https:\/\/monde25.info\/index.php\/wp-json\/wp\/v2\/categories?post=18244"},{"taxonomy":"post_tag","embeddable":true,"href":"https:\/\/monde25.info\/index.php\/wp-json\/wp\/v2\/tags?post=18244"}],"curies":[{"name":"wp","href":"https:\/\/api.w.org\/{rel}","templated":true}]}}