{"id":18248,"date":"2025-10-25T03:21:40","date_gmt":"2025-10-25T01:21:40","guid":{"rendered":"https:\/\/monde25.info\/index.php\/2025\/10\/25\/resistance-invention-collective-par-evelyne-pieiller-le-monde-diplomatique-octobre-2025\/"},"modified":"2025-10-25T03:21:40","modified_gmt":"2025-10-25T01:21:40","slug":"resistance-invention-collective-par-evelyne-pieiller-le-monde-diplomatique-octobre-2025","status":"publish","type":"post","link":"https:\/\/monde25.info\/index.php\/2025\/10\/25\/resistance-invention-collective-par-evelyne-pieiller-le-monde-diplomatique-octobre-2025\/","title":{"rendered":"R\u00e9sistance, invention collective, par Evelyne Pieiller (Le Monde diplomatique, octobre 2025)"},"content":{"rendered":"<p> <br \/>\n<\/p>\n<div couleurfade=\"eae7e5\" couleurclaire=\"ebe4df\" couleurpale=\"e8c8af\" couleurmi=\"7f624c\" couleurfoncee=\"724826\" couleursombre=\"1f1813\" couleurfond=\"57514c\" couleurtexte=\"ffffff\">\n<p><span class=\"mot-lettrine\"><span class=\"lettrine\">I<\/span>l<\/span> aimait la nuit, celle des rencontres et des plaisirs illicites. Homosexuel et toxicomane, oui. Il ne le dissimula jamais. L\u2019imaginer comme l\u2019un de ces dandys qui brillent dans les films et s\u00e9ries hant\u00e9s par les cabarets berlinois ne serait pas faux, mais pire. Ce serait effacer, sous le clich\u00e9 de ce que le petit-bourgeois charm\u00e9 nomme transgression, ce qui va \u00eatre le plus remarquable de l\u2019existence de Klaus Mann (1906-1949)\u00a0: le refus actif du fascisme, au nom d\u2019un humanisme intransigeant, revendiquant l\u2019\u00e9quilibre entre la part intime, accueil des ombres de l\u2019\u00e2me, et la part collective, combat contre le pouvoir de la force exterminant les droits humains.<\/p>\n<figure class=\"spip_document_34986 spip_documents spip_documents_right\" style=\"float:right; width:200px;\">\n<div class=\"limage\">\n<p>            <img loading=\"lazy\" decoding=\"async\" src=\"https:\/\/www.monde-diplomatique.fr\/\/local\/cache-vignettes\/L200xH303\/klaus-15bd6.jpg?1759230694\" width=\"200\" alt=\"\" height=\"303\"\/><\/p><\/div>\n<\/figure>\n<p>Portant pour l\u2019essentiel sur les ann\u00e9es\u00a01930, le portrait mental que dessine Gilles Collard permet, de fa\u00e7on assez saisissante, de situer Klaus Mann dans le paysage intellectuel du temps, dont il est l\u2019un des acteurs<span class=\"spip_note_ref\">\u00a0(<a target=\"_blank\" href=\"http:\/\/www.monde-diplomatique.fr\/2025\/10\/PIEILLER\/68819#nb1\" class=\"spip_note\" rel=\"appendix\" title=\"Gilles Collard, Klaus. Une vie antifasciste, Climats, Castelnau-le-Lez,\u00a0(...)\" id=\"nh1\">1<\/a>)<\/span>. Fils d\u2019une ic\u00f4ne, Thomas, et neveu de Heinrich, plus \u00ab<small class=\"fine\">\u00a0<\/small>rouge<small class=\"fine\">\u00a0<\/small>\u00bb et audacieux, le jeune Klaus n\u2019aura pourtant pas peur de prendre la plume pour raconter son monde et le monde. Dans ses romans, dans les journaux. Et il n\u2019est pas un ti\u00e8de. Tr\u00e8s t\u00f4t, il prend position contre le nazisme. Une part des intellectuels et des artistes divaguent alors autour de l\u2019\u00ab<small class=\"fine\">\u00a0<\/small>essence<small class=\"fine\">\u00a0<\/small>\u00bb allemande, et ils ne sont pas toujours d\u2019extr\u00eame droite. Les notables d\u00e9licieusement civilis\u00e9s sont lents \u00e0 mesurer ce qu\u2019il se passe. Il quitte l\u2019Allemagne le 5\u00a0mars\u00a01933. Il n\u2019y a pas pour lui d\u2019accommodement possible. Il va fonder une revue, destin\u00e9e \u00e0 faire entendre les exil\u00e9s et les antinazis, <i>Die Sammlung,<\/i> accueillie par les toutes jeunes \u00e9ditions n\u00e9erlandaises Querido. De septembre\u00a01933 \u00e0 ao\u00fbt\u00a01935, elle publie Bertolt Brecht, Ernst Bloch, Albert Einstein, Joseph Roth, Andr\u00e9 Gide\u2026 Pour son lancement, Stefan Zweig d\u00e9cline, Thomas Mann aussi\u00a0: trop \u00ab<small class=\"fine\">\u00a0<\/small>politique<small class=\"fine\">\u00a0<\/small>\u00bb. C\u2019est magnifique de franchise. Klaus ne cessera pas de se battre, par ses \u00e9crits, ses interventions, son engagement dans l\u2019arm\u00e9e am\u00e9ricaine. L\u2019Allemagne \u00ab<small class=\"fine\">\u00a0<\/small>lib\u00e9r\u00e9e<small class=\"fine\">\u00a0<\/small>\u00bb ne le lui pardonnera pas. Son roman <i>Mephisto<\/i> (1936) met en sc\u00e8ne, sous un masque peu \u00e9garant, une personnalit\u00e9 c\u00e9l\u00e8bre, le com\u00e9dien Gustaf Gr\u00fcndgens, qui, un temps communiste, devint sans h\u00e9siter un soutien du r\u00e9gime et en fut bien r\u00e9compens\u00e9. Apr\u00e8s-guerre, l\u2019acteur \u00e9tait toujours l\u00e0, et toujours ch\u00e9ri de tous. <i>M\u00e9phisto,<\/i> blessant pour ces braves gens et pour leur star, fut interdit. Il fut r\u00e9\u00e9dit\u00e9, quoique toujours sans autorisation, en 1981. Klaus s\u2019est suicid\u00e9 en 1949.<\/p>\n<figure class=\"spip_document_34987 spip_documents spip_documents_right\" style=\"float:right; width:200px;\">\n<div class=\"limage\">\n<p>            <img loading=\"lazy\" decoding=\"async\" src=\"https:\/\/www.monde-diplomatique.fr\/\/local\/cache-vignettes\/L200xH293\/marseille1940-4d46f.jpg?1759230694\" width=\"200\" alt=\"\" height=\"293\"\/><\/p><\/div>\n<\/figure>\n<figure class=\"spip_document_34988 spip_documents spip_documents_right\" style=\"float:right; width:200px;\">\n<div class=\"limage\">\n<p>            <img loading=\"lazy\" decoding=\"async\" src=\"https:\/\/www.monde-diplomatique.fr\/\/local\/cache-vignettes\/L200xH323\/livrersurdemande-730bb.jpg?1759230694\" width=\"200\" alt=\"\" height=\"323\"\/><\/p><\/div>\n<\/figure>\n<p>Uwe Wittstock retrace l\u2019\u00e9quip\u00e9e, l\u2019h\u00e9ro\u00efsme, le d\u00e9sespoir, la t\u00e9nacit\u00e9 de nombre des \u00ab<small class=\"fine\">\u00a0<\/small>confr\u00e8res<small class=\"fine\">\u00a0<\/small>\u00bb de Klaus, de mai-juin\u00a01940 \u00e0 juin\u00a01941, jour par jour, ou presque<span class=\"spip_note_ref\">\u00a0(<a target=\"_blank\" href=\"http:\/\/www.monde-diplomatique.fr\/2025\/10\/PIEILLER\/68819#nb2\" class=\"spip_note\" rel=\"appendix\" title=\"Uwe Wittstock, Marseille 1940. Quand la litt\u00e9rature s\u2019\u00e9vade, Grasset, Paris,\u00a0(...)\" id=\"nh2\">2<\/a>)<\/span>. \u00c9crivains, artistes pi\u00e9g\u00e9s en France, Juifs, communistes, \u00ab<small class=\"fine\">\u00a0<\/small>d\u00e9g\u00e9n\u00e9r\u00e9s<small class=\"fine\">\u00a0<\/small>\u00bb, antinazis identifi\u00e9s. C\u2019est stup\u00e9fiant et bouleversant. Anna Seghers, Hannah Arendt, Lion Feuchtwanger, Walter Benjamin, Franz Werfel, tant d\u2019autres. Ils n\u2019ont pas les papiers qu\u2019il faut, les r\u00e8gles changent brutalement entre la d\u00e9claration de guerre et l\u2019armistice, ils se cachent, ils cherchent \u00e0 partir, ils sont intern\u00e9s\u2026 Tout est rocambolesque, tout est menace, mais le hasard et le coup de main de Fran\u00e7ais non p\u00e9tainistes changent parfois la donne. Avec l\u2019arriv\u00e9e de l\u2019Am\u00e9ricain Varian Fry en ao\u00fbt\u00a01940 \u00e0 Marseille, l\u2019espoir est plus vif. Mandat\u00e9 par l\u2019Emergency Rescue Committee, il est porteur d\u2019une liste de gens dont il doit organiser le d\u00e9part. Il va, avec son \u00e9quipe, largement d\u00e9passer les consignes<span class=\"spip_note_ref\">\u00a0(<a target=\"_blank\" href=\"http:\/\/www.monde-diplomatique.fr\/2025\/10\/PIEILLER\/68819#nb3\" class=\"spip_note\" rel=\"appendix\" title=\"Varian Fry, \u00ab\u00a0Livrer sur demande\u00a0\u00bb, Agone, Marseille, 2017. Cf. \u00e9galement Anna\u00a0(...)\" id=\"nh3\">3<\/a>)<\/span>. Invention collective d\u2019une r\u00e9sistance. Faux papiers, passeurs, rapports tendus avec le Comit\u00e9, le consulat et Vichy, passages toujours risqu\u00e9s, par les Pyr\u00e9n\u00e9es, attente du bateau qui conduira en Am\u00e9rique\u2026 L\u2019histoire s\u2019ach\u00e8ve un an plus tard, avec l\u2019expulsion de Fry. Tout, le courage, la dignit\u00e9, la camaraderie, tout est inoubliable.<\/p>\n<\/p><\/div>\n<p><br \/>\n<br \/><a href=\"https:\/\/www.monde-diplomatique.fr\/2025\/10\/PIEILLER\/68819\" target=\"_blank\"\">Source link <\/a><\/p>\n","protected":false},"excerpt":{"rendered":"<p>Il aimait la nuit, celle des rencontres et des plaisirs illicites. Homosexuel et toxicomane, oui. Il ne le dissimula jamais. L\u2019imaginer comme l\u2019un de ces dandys qui brillent dans les&hellip; <\/p>\n","protected":false},"author":1,"featured_media":18249,"comment_status":"open","ping_status":"open","sticky":false,"template":"","format":"standard","meta":{"footnotes":""},"categories":[1],"tags":[],"class_list":["post-18248","post","type-post","status-publish","format-standard","has-post-thumbnail","hentry","category-non-classe"],"_links":{"self":[{"href":"https:\/\/monde25.info\/index.php\/wp-json\/wp\/v2\/posts\/18248","targetHints":{"allow":["GET"]}}],"collection":[{"href":"https:\/\/monde25.info\/index.php\/wp-json\/wp\/v2\/posts"}],"about":[{"href":"https:\/\/monde25.info\/index.php\/wp-json\/wp\/v2\/types\/post"}],"author":[{"embeddable":true,"href":"https:\/\/monde25.info\/index.php\/wp-json\/wp\/v2\/users\/1"}],"replies":[{"embeddable":true,"href":"https:\/\/monde25.info\/index.php\/wp-json\/wp\/v2\/comments?post=18248"}],"version-history":[{"count":0,"href":"https:\/\/monde25.info\/index.php\/wp-json\/wp\/v2\/posts\/18248\/revisions"}],"wp:featuredmedia":[{"embeddable":true,"href":"https:\/\/monde25.info\/index.php\/wp-json\/wp\/v2\/media\/18249"}],"wp:attachment":[{"href":"https:\/\/monde25.info\/index.php\/wp-json\/wp\/v2\/media?parent=18248"}],"wp:term":[{"taxonomy":"category","embeddable":true,"href":"https:\/\/monde25.info\/index.php\/wp-json\/wp\/v2\/categories?post=18248"},{"taxonomy":"post_tag","embeddable":true,"href":"https:\/\/monde25.info\/index.php\/wp-json\/wp\/v2\/tags?post=18248"}],"curies":[{"name":"wp","href":"https:\/\/api.w.org\/{rel}","templated":true}]}}