{"id":1825,"date":"2024-12-09T12:40:05","date_gmt":"2024-12-09T11:40:05","guid":{"rendered":"https:\/\/monde25.info\/index.php\/2024\/12\/09\/un-lieu-autogere-au-service-des-luttes\/"},"modified":"2024-12-09T12:40:05","modified_gmt":"2024-12-09T11:40:05","slug":"un-lieu-autogere-au-service-des-luttes","status":"publish","type":"post","link":"https:\/\/monde25.info\/index.php\/2024\/12\/09\/un-lieu-autogere-au-service-des-luttes\/","title":{"rendered":"un lieu autog\u00e9r\u00e9 au service des luttes"},"content":{"rendered":"<p> <br \/>\n<\/p>\n<div>\n<h4 class=\"p1\"><strong><a target=\"_blank\" href=\"https:\/\/mrmondialisation.org\/sabotage-dun-golf-a-toulouse-une-strategie-expliquee\/\">Au c\u0153ur de Toulouse,<\/a> une vieille chapelle accueille et f\u00e9d\u00e8re des dynamiques associatives et militantes. Occup\u00e9 depuis 1993, cet espace autog\u00e9r\u00e9 d\u2019exp\u00e9rimentation sociale, politique et culturelle est en voie d\u2019\u00eatre achet\u00e9 collectivement par ses usagers et usag\u00e8res dans l\u2019objectif de le soustraire d\u00e9finitivement \u00e0 la sp\u00e9culation immobili\u00e8re et p\u00e9renniser ainsi un espace au service de la solidarit\u00e9. Immersion.<\/strong><\/h4>\n<h4 align=\"JUSTIFY\"><span id=\"more-689326\"\/><\/h4>\n<p class=\"p1\"><a target=\"_blank\" href=\"https:\/\/lachapelletoulouse.com\/\"><strong>L\u2019histoire de la Chapelle commence en 1993<\/strong> <\/a>quand le collectif anti-nucl\u00e9aire Plan\u00e8te en Danger l\u2019occupe \u00e0 l\u2019issue d\u2019une action de rue. <strong>Le b\u00e2timent, qui appartient \u00e0 l\u2019Ev\u00each\u00e9, est alors \u00e0 l\u2019abandon.<\/strong> Les membres de l\u2019association entreprennent un grand nettoyage et en font un laboratoire o\u00f9 <strong><a target=\"_blank\" href=\"https:\/\/mrmondialisation.org\/menace-dexpropriations-la-resistance-a-la-poubelle-nucleaire-sorganise\/\">pr\u00e9parer des actions pour d\u00e9noncer la mise en route des r\u00e9acteurs<\/a> de la centrale nucl\u00e9aire de Golfech<\/strong> ou la reprise des essais nucl\u00e9aires dans le pacifique en 1995 par l\u2019\u00c9tat fran\u00e7ais. <strong>Cette premi\u00e8re occupation fut le point de d\u00e9part d\u2019une longue histoire militante.<\/strong><\/p>\n<figure id=\"attachment_689328\" aria-describedby=\"caption-attachment-689328\" style=\"width: 1024px\" class=\"wp-caption alignnone\"><img fetchpriority=\"high\" decoding=\"async\" class=\"wp-image-689328 size-medium\" src=\"https:\/\/mrmondialisation.org\/wp-content\/uploads\/2024\/12\/p1cleaned-1024x462.jpg\" alt=\"\" width=\"1024\" height=\"462\" srcset=\"https:\/\/mrmondialisation.org\/wp-content\/uploads\/2024\/12\/p1cleaned-1024x462.jpg 1024w, https:\/\/mrmondialisation.org\/wp-content\/uploads\/2024\/12\/p1cleaned-1524x687.jpg 1524w, https:\/\/mrmondialisation.org\/wp-content\/uploads\/2024\/12\/p1cleaned-768x346.jpg 768w, https:\/\/mrmondialisation.org\/wp-content\/uploads\/2024\/12\/p1cleaned-1536x693.jpg 1536w, https:\/\/mrmondialisation.org\/wp-content\/uploads\/2024\/12\/p1cleaned-2048x924.jpg 2048w, https:\/\/mrmondialisation.org\/wp-content\/uploads\/2024\/12\/p1cleaned-696x314.jpg 696w, https:\/\/mrmondialisation.org\/wp-content\/uploads\/2024\/12\/p1cleaned-1068x482.jpg 1068w, https:\/\/mrmondialisation.org\/wp-content\/uploads\/2024\/12\/p1cleaned-931x420.jpg 931w\" sizes=\"(max-width: 1024px) 100vw, 1024px\"\/><figcaption id=\"caption-attachment-689328\" class=\"wp-caption-text\">\u00a9 La Chapelle<\/figcaption><\/figure>\n<h2 class=\"p1\"><strong>Du squat au bail emphyt\u00e9otique\u00a0: 30 ans de luttes et de n\u00e9gociations.<\/strong><\/h2>\n<p class=\"p1\"><strong>L\u2019association dioc\u00e9saine, propri\u00e9taire de La Chapelle,<\/strong> ne l\u2019entretient plus mais, pour elle, ces nouveaux occupants sont malvenus, car <strong>elle cherche \u00e0 vendre ce bel espace situ\u00e9 au c\u0153ur de la ville.<\/strong> Pendant des ann\u00e9es, l\u2019association devenue l\u2019Atelier Id\u00e9al s\u2019opposera \u00e0 divers projets de vente \u00e0 des priv\u00e9s.<\/p>\n<p class=\"p1\">En 2009, l\u2019Archev\u00each\u00e9 parvient \u00e0 vendre la Chapelle \u00e0 un tiers, mais<strong> la Mairie de Toulouse d\u00e9cide de faire pr\u00e9emption afin de pr\u00e9server \u00ab\u00a0l\u2019exp\u00e9rience associative qui est men\u00e9e sur le lieu\u00a0\u00bb<\/strong>. Pour autant, aucune modalit\u00e9 de contractualisation n\u2019est sign\u00e9e et la Chapelle reste un lieu occup\u00e9.<\/p>\n<p class=\"p1\">En 2018, pour \u00e9viter de subir le m\u00eame sort que de nombreux squats toulousains expuls\u00e9s, <strong>l\u2019association lance une campagne de soutien qui recueille plus de 5 000 signatures.<\/strong> Elle peut ainsi n\u00e9gocier avec la nouvelle \u00e9quipe municipale un <a target=\"_blank\" href=\"https:\/\/mrmondialisation.org\/en-bretagne-un-lieu-partage-prouve-quun-autre-monde-est-possible\/\"><strong>bail emphyt\u00e9otique de 40 ans<\/strong> <\/a>(qui lui conf\u00e8re les droits et les devoirs d\u2019un propri\u00e9taire) et une promesse de vente conditionn\u00e9e \u00e0 la restauration et \u00e0 la mise aux normes du b\u00e2timent. Apr\u00e8s 25 ans de squat la Chapelle perds ce statut, mais garde ses principes et son fonctionnement : l\u2019autogestion.<\/p>\n<p><iframe loading=\"lazy\" title=\"La Chapelle, du squat au rachat collectif, la derni\u00e8re ligne droite.\" src=\"https:\/\/player.vimeo.com\/video\/1014369825?dnt=1&amp;app_id=122963\" width=\"696\" height=\"392\" frameborder=\"0\" allow=\"autoplay; fullscreen; picture-in-picture; clipboard-write\"><\/iframe><\/p>\n<h2 class=\"p1\"><strong>La Chapelle, un lieu autonome comme outil collectif.<\/strong><\/h2>\n<p class=\"p1\">Depuis le d\u00e9but, l\u2019association qui g\u00e8re le lieu construit ses r\u00e8gles de fonctionnement pour faire de La Chapelle <strong>un outil au service d\u2019autres associations, collectifs, de compagnies de th\u00e9\u00e2tre en mettant \u00e0 disposition son vaste espace, sa nef et son jardin.<\/strong> Les utilisateurs sont libres de s\u2019approprier et de reconfigurer le lieu \u00e0 condition de le restituer dans son \u00e9tat initial.<\/p>\n<p class=\"p1\">La Chapelle est aujourd\u2019hui <strong>le centre n\u00e9vralgique du monde associatif et militant toulousain.<\/strong> Conf\u00e9rences-d\u00e9bats, spectacles, distributions de paniers d\u2019AMAP, assembl\u00e9es de lutte\u2026 L\u2019association accueille tout ceci mais organise aussi elle-m\u00eame <strong>des soir\u00e9es conviviales hebdomadaires avec cantine autog\u00e9r\u00e9e, les lundis de la Rel\u00e2che, ou, plus ponctuellement, des d\u00e9bats, des lectures-marathon, des festivals,<\/strong> cherchant toujours \u00e0 lier artistique et politique pour rompre avec l\u2019entre-soi militant.<\/p>\n<hr\/>\n<p><a target=\"_blank\" href=\"https:\/\/fr.tipeee.com\/mr-mondialisation\"><strong>Gratuit, sans subvention et ind\u00e9pendant depuis 10 ans, nous avons besoin de vous pour continuer ce travail en 2024. Sens-toi libre d\u2019activer un abonnement volontaire sur ce lien en offrant un th\u00e9 \u00e0 l\u2019\u00e9quipe. Merci infiniment.<\/strong><\/a><\/p>\n<hr\/>\n<p class=\"p1\">\u00c0 titre d\u2019exemple, <strong>une lecture int\u00e9grale du roman Les Mis\u00e9rables de Victor Hugo rassemblera 200 lecteurs amateurs et professionnels sur 48 heures non-stop,<\/strong> tout en int\u00e9grant des interventions d\u2019associations locales sur des probl\u00e9matiques telles que la prison, <a target=\"_blank\" href=\"https:\/\/mrmondialisation.org\/toulouse-des-benevoles-offrent-un-camion-douche-aux-sans-abris\/\">la pr\u00e9carit\u00e9,<\/a> les enfants \u00e0 la rue\u2026 Ces grands \u00e9v\u00e8nements qui accueillent un large public et requi\u00e8rent une importante logistique sont aussi l\u2019occasion d\u2019initier les nouveaux usagers \u00e0 l\u2019autogestion.<\/p>\n<p class=\"p1\">\u00c0 la Chapelle, la sensibilisation aux causes sociales passe aussi par le livre. <strong>La Kiosk, une librairie autog\u00e9r\u00e9e y a \u00e9lu domicile en 2018<\/strong> et y a b\u00e2ti son propre espace dans le jardin : <strong>une cabane de bois et de terre-paille pour accueillir des livres de maisons d\u2019\u00e9dition ind\u00e9pendantes<\/strong>. Outre une permanence bi-hebdomadaire, elle organise r\u00e9guli\u00e8rement des rencontres avec des auteur\u00b7trices ainsi qu\u2019une f\u00eate du livre chaque d\u00e9but d\u2019\u00e9t\u00e9.<\/p>\n<div class=\"td-a-rec td-a-rec-id-content_inlineright  tdi_1 td_block_template_1\">\n<span class=\"td-adspot-title\">&#8211; Pour une information libre ! &#8211;<\/span><a target=\"_blank\" href=\"https:\/\/fr.tipeee.com\/mr-mondialisation\" class=\"tipeee-project-small\">Soutenir Mr Japanization sur Tipeee<\/a>\n<\/div>\n<figure id=\"attachment_689330\" aria-describedby=\"caption-attachment-689330\" style=\"width: 1024px\" class=\"wp-caption alignnone\"><img loading=\"lazy\" decoding=\"async\" class=\"wp-image-689330 size-medium\" src=\"https:\/\/mrmondialisation.org\/wp-content\/uploads\/2024\/12\/p3cleaned-1024x576.jpg\" alt=\"\" width=\"1024\" height=\"576\" srcset=\"https:\/\/mrmondialisation.org\/wp-content\/uploads\/2024\/12\/p3cleaned-1024x576.jpg 1024w, https:\/\/mrmondialisation.org\/wp-content\/uploads\/2024\/12\/p3cleaned-1524x858.jpg 1524w, https:\/\/mrmondialisation.org\/wp-content\/uploads\/2024\/12\/p3cleaned-768x432.jpg 768w, https:\/\/mrmondialisation.org\/wp-content\/uploads\/2024\/12\/p3cleaned-1536x864.jpg 1536w, https:\/\/mrmondialisation.org\/wp-content\/uploads\/2024\/12\/p3cleaned-2048x1152.jpg 2048w, https:\/\/mrmondialisation.org\/wp-content\/uploads\/2024\/12\/p3cleaned-696x392.jpg 696w, https:\/\/mrmondialisation.org\/wp-content\/uploads\/2024\/12\/p3cleaned-1068x601.jpg 1068w, https:\/\/mrmondialisation.org\/wp-content\/uploads\/2024\/12\/p3cleaned-746x420.jpg 746w\" sizes=\"auto, (max-width: 1024px) 100vw, 1024px\"\/><figcaption id=\"caption-attachment-689330\" class=\"wp-caption-text\">F\u00eate du livre \u00a9 La Chapelle<\/figcaption><\/figure>\n<p class=\"p1\">Mais la Chapelle, ce n\u2019est pas qu\u2019un espace de sensibilisation aux questions politique, c\u2019est aussi un espace d\u2019organisation. Certains viennent y pr\u00e9parer des banderoles pour des rassemblements devant le conseil d\u00e9partementale afin de d\u00e9noncer la situation des jeunes mineurs isol\u00e9s, dont le statut et les s\u00e9curit\u00e9s qui vont avec, n\u2019est pas reconnu par l\u2019\u00c9tat. D\u2019autres y organisent <strong>des cr\u00e8ches autog\u00e9r\u00e9es les jours de manifestation afin que les parents puissent grossir les rangs des cort\u00e8ges.<\/strong><\/p>\n<p class=\"p1\">Plus prosa\u00efquement, <strong>une poign\u00e9e d\u2019associations toulousaines d\u00e9pourvues de locaux b\u00e9n\u00e9ficie de l\u2019espace pour entreposer \u00e9quipements et stock de mat\u00e9riels.<\/strong> Il est \u00e9galement courant que des r\u00e9seaux associatifs nationaux empruntent les murs pour y organiser leurs rencontres internes \u00e0 vis\u00e9e d\u2019auto-formation de leurs membres. Il en est de m\u00eame des rencontres th\u00e9matiques nationales comme<strong> les sixi\u00e8mes rencontres nationales de L\u2019Heureux Cyclage, le r\u00e9seau des ateliers v\u00e9lo participatifs et solidaires,<\/strong> en 2014 ou des rencontres nationales anticarc\u00e9rales en 2023.<\/p>\n<figure id=\"attachment_689335\" aria-describedby=\"caption-attachment-689335\" style=\"width: 1024px\" class=\"wp-caption alignnone\"><img loading=\"lazy\" decoding=\"async\" class=\"wp-image-689335 size-medium\" src=\"https:\/\/mrmondialisation.org\/wp-content\/uploads\/2024\/12\/mashupaffichesevenements3-0af3fd9be3df49dbb464738ed8fce92f-1024x704.jpg\" alt=\"\" width=\"1024\" height=\"704\" srcset=\"https:\/\/mrmondialisation.org\/wp-content\/uploads\/2024\/12\/mashupaffichesevenements3-0af3fd9be3df49dbb464738ed8fce92f-1024x704.jpg 1024w, https:\/\/mrmondialisation.org\/wp-content\/uploads\/2024\/12\/mashupaffichesevenements3-0af3fd9be3df49dbb464738ed8fce92f-1524x1048.jpg 1524w, https:\/\/mrmondialisation.org\/wp-content\/uploads\/2024\/12\/mashupaffichesevenements3-0af3fd9be3df49dbb464738ed8fce92f-768x528.jpg 768w, https:\/\/mrmondialisation.org\/wp-content\/uploads\/2024\/12\/mashupaffichesevenements3-0af3fd9be3df49dbb464738ed8fce92f-1536x1057.jpg 1536w, https:\/\/mrmondialisation.org\/wp-content\/uploads\/2024\/12\/mashupaffichesevenements3-0af3fd9be3df49dbb464738ed8fce92f-2048x1409.jpg 2048w, https:\/\/mrmondialisation.org\/wp-content\/uploads\/2024\/12\/mashupaffichesevenements3-0af3fd9be3df49dbb464738ed8fce92f-218x150.jpg 218w, https:\/\/mrmondialisation.org\/wp-content\/uploads\/2024\/12\/mashupaffichesevenements3-0af3fd9be3df49dbb464738ed8fce92f-696x479.jpg 696w, https:\/\/mrmondialisation.org\/wp-content\/uploads\/2024\/12\/mashupaffichesevenements3-0af3fd9be3df49dbb464738ed8fce92f-1068x735.jpg 1068w, https:\/\/mrmondialisation.org\/wp-content\/uploads\/2024\/12\/mashupaffichesevenements3-0af3fd9be3df49dbb464738ed8fce92f-610x420.jpg 610w, https:\/\/mrmondialisation.org\/wp-content\/uploads\/2024\/12\/mashupaffichesevenements3-0af3fd9be3df49dbb464738ed8fce92f-100x70.jpg 100w\" sizes=\"auto, (max-width: 1024px) 100vw, 1024px\"\/><figcaption id=\"caption-attachment-689335\" class=\"wp-caption-text\">Les affiches des \u00e9v\u00e8nements \u00e0 la Chapelle \u00a9 La Chapelle<\/figcaption><\/figure>\n<h2 class=\"p1\"><strong>Une propri\u00e9t\u00e9 pour tous et pour longtemps<\/strong><\/h2>\n<p class=\"p1\">Aujourd\u2019hui, apr\u00e8s des ann\u00e9es de colossaux chantiers collectifs, les travaux de mise aux normes sont termin\u00e9s\u00a0: <strong>le toit est enti\u00e8rement r\u00e9nov\u00e9, de nouvelles toilettes ont \u00e9t\u00e9 construites<\/strong> et une majestueuse all\u00e9e de pav\u00e9s blancs fait maintenant office d\u2019acc\u00e8s pour personnes \u00e0 mobilit\u00e9 r\u00e9duite. Cette mise aux normes conditionnait la promesse de vente de la mairie qui va maintenant pouvoir \u00eatre accept\u00e9e. <strong>Les associations r\u00e9sidents sur le lieu ont donc lanc\u00e9 <a target=\"_blank\" href=\"https:\/\/www.helloasso.com\/associations\/la-chapelle\/collectes\/rachetons-collectivement-la-chapelle\">un \ufb01nancement participatif afin de r\u00e9colter les 150\u00a0000 euros n\u00e9cessaires.<\/a><\/strong><\/p>\n<figure id=\"attachment_689331\" aria-describedby=\"caption-attachment-689331\" style=\"width: 1024px\" class=\"wp-caption alignnone\"><img loading=\"lazy\" decoding=\"async\" class=\"wp-image-689331 size-medium\" src=\"https:\/\/mrmondialisation.org\/wp-content\/uploads\/2024\/12\/p4cleaned-1024x683.jpg\" alt=\"\" width=\"1024\" height=\"683\"\/><figcaption id=\"caption-attachment-689331\" class=\"wp-caption-text\">Entr\u00e9e de la Chapelle \u00a9 La Chapelle<\/figcaption><\/figure>\n<p class=\"p1\">La Chapelle est maintenant r\u00e9ouverte, <strong>chaque lundis des cantines y sont organis\u00e9es<\/strong> et les demandes d\u2019utilisation du lieu se bousculent. Lors des prochaines semaines se tiendrons<strong> des concerts pour r\u00e9colter des fonds pour les personnes d\u00e9plac\u00e9es au Liban, des rencontres sur le th\u00e8me de la sant\u00e9 et des moyens d\u2019organisation collective au sein de l\u2019h\u00f4pital et <a target=\"_blank\" href=\"https:\/\/mrmondialisation.org\/ligne-bordeaux-toulouse-un-collectif-denonce-les-degats-ecologiques\/\">un festival d\u2019\u00e9cologie<\/a><\/strong> port\u00e9e par des associations \u00e9tudiantes. Le soir du 24 d\u00e9cembre, lors du traditionnel \u00ab\u00a0No\u00ebl des enfants perdus\u00a0\u00bb, La Chapelle ouvrira ses portes \u00e0 tous ceux et celles qui souhaitent se retrouver autour d\u2019un repas chaud et d\u2019un peu de musique.<\/p>\n<p class=\"p1\"><strong>Les membres de la Chapelle on fait le choix de la propri\u00e9t\u00e9 d\u2019usage en s\u2019inspirant des r\u00e9seaux de lieux autog\u00e9r\u00e9s<\/strong> qui ont adopt\u00e9 ce principe. L\u2019association La Chapelle deviendra propri\u00e9taire du lieu. Elle aura pour membres ses associations r\u00e9sidentes, ainsi qu\u2019une derni\u00e8re association qui regroupera les membres de soutien du lieu et jouera un r\u00f4le de m\u00e9diation et de contre-pouvoir en cas de d\u00e9naturation du projet initial ou de vell\u00e9it\u00e9 de revente. En se projetant au-del\u00e0 de leurs seuls collectifs,<strong> les membres de la Chapelle entendent pr\u00e9server l\u2019autonomie mat\u00e9rielle et politique des milieux associatifs et militants toulousains \u00e0 tr\u00e8s long terme.<\/strong><\/p>\n<p class=\"p1\">Pour participer \u00e0 la campagne de financement : <a target=\"_blank\" href=\"http:\/\/lachapelletoulouse.com\/financement\">lachapelletoulouse.com\/financement<\/a><\/p>\n<p style=\"text-align: right;\"><strong><em>\u2013 Des ami\u00b7es de la Chapelle<\/em><\/strong><\/p>\n<hr\/>\n<p>Photo de couverture : \u00a9 La Chapelle<\/p>\n<div class=\"td-a-rec td-a-rec-id-content_bottom  tdi_2 td_block_template_1\">\n<span class=\"td-adspot-title\">&#8211; Cet article gratuit et ind\u00e9pendant existe gr\u00e2ce \u00e0 vous &#8211;<\/span><\/p>\n<div class=\"td-all-devices\">\n    <a target=\"_blank\" href=\"https:\/\/mrmondialisation.org\/donation\/\" title=\"Faire_un_don\"><img decoding=\"async\" class=\"donationArticle\" src=\"https:\/\/mrmondialisation.org\/wp-content\/uploads\/2022\/12\/220405-flikalicious-final.jpg\" alt=\"Donation\"\/><\/a>\n<\/div>\n<\/div><\/div>\n<p><br \/>\n<br \/><a href=\"https:\/\/mrmondialisation.org\/chapelle-toulouse-lieu-luttes\/\" target=\"_blank\"\">Source link <\/a><\/p>\n","protected":false},"excerpt":{"rendered":"<p>Au c\u0153ur de Toulouse, une vieille chapelle accueille et f\u00e9d\u00e8re des dynamiques associatives et militantes. Occup\u00e9 depuis 1993, cet espace autog\u00e9r\u00e9 d\u2019exp\u00e9rimentation sociale, politique et culturelle est en voie d\u2019\u00eatre&hellip; <\/p>\n","protected":false},"author":1,"featured_media":1826,"comment_status":"open","ping_status":"open","sticky":false,"template":"","format":"standard","meta":{"footnotes":""},"categories":[1],"tags":[],"class_list":["post-1825","post","type-post","status-publish","format-standard","has-post-thumbnail","hentry","category-non-classe"],"_links":{"self":[{"href":"https:\/\/monde25.info\/index.php\/wp-json\/wp\/v2\/posts\/1825","targetHints":{"allow":["GET"]}}],"collection":[{"href":"https:\/\/monde25.info\/index.php\/wp-json\/wp\/v2\/posts"}],"about":[{"href":"https:\/\/monde25.info\/index.php\/wp-json\/wp\/v2\/types\/post"}],"author":[{"embeddable":true,"href":"https:\/\/monde25.info\/index.php\/wp-json\/wp\/v2\/users\/1"}],"replies":[{"embeddable":true,"href":"https:\/\/monde25.info\/index.php\/wp-json\/wp\/v2\/comments?post=1825"}],"version-history":[{"count":0,"href":"https:\/\/monde25.info\/index.php\/wp-json\/wp\/v2\/posts\/1825\/revisions"}],"wp:featuredmedia":[{"embeddable":true,"href":"https:\/\/monde25.info\/index.php\/wp-json\/wp\/v2\/media\/1826"}],"wp:attachment":[{"href":"https:\/\/monde25.info\/index.php\/wp-json\/wp\/v2\/media?parent=1825"}],"wp:term":[{"taxonomy":"category","embeddable":true,"href":"https:\/\/monde25.info\/index.php\/wp-json\/wp\/v2\/categories?post=1825"},{"taxonomy":"post_tag","embeddable":true,"href":"https:\/\/monde25.info\/index.php\/wp-json\/wp\/v2\/tags?post=1825"}],"curies":[{"name":"wp","href":"https:\/\/api.w.org\/{rel}","templated":true}]}}