{"id":18253,"date":"2025-10-25T05:00:34","date_gmt":"2025-10-25T03:00:34","guid":{"rendered":"https:\/\/monde25.info\/index.php\/2025\/10\/25\/dermatose-bovine-la-coordination-rurale-evacuee-des-services-de-letat-a-toulouse\/"},"modified":"2025-10-25T05:00:34","modified_gmt":"2025-10-25T03:00:34","slug":"dermatose-bovine-la-coordination-rurale-evacuee-des-services-de-letat-a-toulouse","status":"publish","type":"post","link":"https:\/\/monde25.info\/index.php\/2025\/10\/25\/dermatose-bovine-la-coordination-rurale-evacuee-des-services-de-letat-a-toulouse\/","title":{"rendered":"Dermatose bovine, la Coordination rurale \u00e9vacu\u00e9e des services de l&rsquo;Etat \u00e0 Toulouse"},"content":{"rendered":"<p> <br \/>\n<\/p>\n<div>\n<p><span class=\"cf0\">Une cinquantaine d&rsquo;agriculteurs de la Coordination rurale (CR) ont \u00e9t\u00e9 \u00e9vacu\u00e9s dans le calme, jeudi, des locaux de l&rsquo;\u00c9tat \u00e0 Toulouse qu&rsquo;ils refusaient de quitter avant d&rsquo;avoir joint la ministre de l&rsquo;Agriculture \u00e0 propos de la dermatose nodulaire contagieuse.<\/span><\/p>\n<p><span class=\"cf0\">Ces repr\u00e9sentants de la CR dans le sud-ouest ont \u00e9t\u00e9 \u00e9vacu\u00e9s par des CRS peu avant 18H00, selon un photographe et un JRI de l&rsquo;AFP, apr\u00e8s avoir \u00e9chang\u00e9 pendant environ deux heures au si\u00e8ge de la Direction d\u00e9partementale de la protection des populations de Haute-Garonne (DDPP) avec le directeur de ce service notamment charg\u00e9 de la surveillance sanitaire des \u00e9levages, ainsi que celui de la Direction r\u00e9gionale de l&rsquo;alimentation de l&rsquo;agriculture et de la for\u00eat (DRAAF).<\/span><\/p>\n<p><span class=\"cf0\">Les deux directeurs avaient pu quitter vers 17h30 le b\u00e2timent, autour duquel \u00e9taient post\u00e9s plusieurs dizaines de CRS, mais les syndicalistes entendaient rester sur place.<\/span><\/p>\n<p><span class=\"cf0\">Le pr\u00e9fet de la r\u00e9gion Occitanie et de la Haute-Garonne, Pierre-Andr\u00e9 Durand, a dans un communiqu\u00e9 \u00ab\u00a0condamn\u00e9 fermement le mode d&rsquo;action employ\u00e9, d&rsquo;autant plus qu&rsquo;un dialogue avait d\u00e9j\u00e0 eu lieu avec la Coordination rurale de la Haute-Garonne, re\u00e7ue en pr\u00e9fecture la semaine derni\u00e8re\u00a0\u00bb.<\/span><\/p>\n<p><span class=\"cf0\">\u00ab\u00a0On exige l&rsquo;arr\u00eat de l&rsquo;abattage des cheptels en lien avec la dermatose nodulaire car cette maladie tue moins de 5\u00a0% des animaux infect\u00e9s. Pour nous \u00e7a n&rsquo;a pas de sens\u00a0\u00bb, a expliqu\u00e9 avant l&rsquo;\u00e9vacuation par t\u00e9l\u00e9phone \u00e0 l&rsquo;AFP Pierre-Guillaume Mercadal, le porte-parole de la Coordination rurale du Tarn-et-Garonne (CR82), assurant ne vouloir que \u00ab\u00a0trois minutes\u00a0\u00bb de temps de la ministre Annie Genevard par t\u00e9l\u00e9phone.<\/span><\/p>\n<p><span class=\"cf0\">Sollicit\u00e9 par l&rsquo;AFP, le minist\u00e8re n&rsquo;a pas souhait\u00e9 faire de commentaire.<\/span><\/p>\n<p><span class=\"cf0\">La pr\u00e9sidente du syndicat agricole V\u00e9ronique Le Floc&rsquo;h, ainsi que son secr\u00e9taire g\u00e9n\u00e9ral Christian Convers, devaient justement \u00eatre re\u00e7us jeudi en fin d&rsquo;apr\u00e8s-midi par Annie Genevard, un entretien inscrit \u00e0 l&rsquo;agenda de la ministre, a indiqu\u00e9 \u00e0 l&rsquo;AFP M. Convers, qui a dit ne pas avoir eu connaissance de l&rsquo;action men\u00e9e \u00e0 Toulouse.<\/span><\/p>\n<p><span class=\"cf0\">\u00ab\u00a0Notre but, c&rsquo;est qu&rsquo;il n&rsquo;y ait pas de violence\u00a0\u00bb, a assur\u00e9 M. Mercadal, coutumier d&rsquo;actions coup de poing, pr\u00e9cisant toutefois que \u00ab\u00a0si jamais \u00e7a doit d\u00e9g\u00e9n\u00e9rer et qu&rsquo;ils veulent forcer un \u00e9leveur \u00e0 abattre son cheptel, on sera des centaines de la Coordination rurale \u00e0 aller chez cet \u00e9leveur\u00a0\u00bb et \u00ab\u00a0on se battra si n\u00e9cessaire\u00a0\u00bb.<\/span><\/p>\n<p><span class=\"cf0\">La Coordination rurale a d\u00e9j\u00e0 particip\u00e9 \u00e0 des blocages d&rsquo;abattage en Savoie et en Haute-Savoie, o\u00f9 la maladie a \u00e9merg\u00e9 fin juin. Si elle a \u00e9t\u00e9 circonscrite depuis dans cette r\u00e9gion, des foyers ont \u00e9t\u00e9 recens\u00e9s ensuite dans le Jura mais aussi dans les Pyr\u00e9n\u00e9es-Orientales.<\/span><\/p>\n<p><span class=\"cf0\">La CR, comme la Conf\u00e9d\u00e9ration paysanne, s&rsquo;oppose \u00e0 l&rsquo;abattage total des foyers infect\u00e9s, qui fait partie de la strat\u00e9gie d&rsquo;\u00e9radication totale de la maladie lanc\u00e9e par le gouvernement.<\/span><\/p>\n<p><span class=\"cf0\">La ministre Annie Genevard affirme que ces abattages sont n\u00e9cessaires bien que psychologiquement tr\u00e8s \u00e9prouvants pour les \u00e9leveurs, que le gouvernement a promis d&rsquo;accompagner.<\/span><\/p>\n<\/div>\n<p><script>(function(d, s, id) {  var js, fjs = d.getElementsByTagName(s)[0];  if (d.getElementById(id)) return;  js = d.createElement(s); js.id = id;  js.src = \"\/\/connect.facebook.net\/fr_FR\/sdk.js#xfbml=1&version=v2.3\";  fjs.parentNode.insertBefore(js, fjs);}(document, \"script\", \"facebook-jssdk\"));<\/script><br \/>\n<br \/><br \/>\n<br \/><a href=\"https:\/\/www.francesoir.fr\/politique-france\/dermatose-bovine-la-coordination-rurale-evacuee-de-services-de-l-etat-toulouse\" target=\"_blank\"\">Source link <\/a><\/p>\n","protected":false},"excerpt":{"rendered":"<p>Une cinquantaine d&rsquo;agriculteurs de la Coordination rurale (CR) ont \u00e9t\u00e9 \u00e9vacu\u00e9s dans le calme, jeudi, des locaux de l&rsquo;\u00c9tat \u00e0 Toulouse qu&rsquo;ils refusaient de quitter avant d&rsquo;avoir joint la ministre&hellip; <\/p>\n","protected":false},"author":1,"featured_media":18254,"comment_status":"open","ping_status":"open","sticky":false,"template":"","format":"standard","meta":{"footnotes":""},"categories":[1],"tags":[],"class_list":["post-18253","post","type-post","status-publish","format-standard","has-post-thumbnail","hentry","category-non-classe"],"_links":{"self":[{"href":"https:\/\/monde25.info\/index.php\/wp-json\/wp\/v2\/posts\/18253","targetHints":{"allow":["GET"]}}],"collection":[{"href":"https:\/\/monde25.info\/index.php\/wp-json\/wp\/v2\/posts"}],"about":[{"href":"https:\/\/monde25.info\/index.php\/wp-json\/wp\/v2\/types\/post"}],"author":[{"embeddable":true,"href":"https:\/\/monde25.info\/index.php\/wp-json\/wp\/v2\/users\/1"}],"replies":[{"embeddable":true,"href":"https:\/\/monde25.info\/index.php\/wp-json\/wp\/v2\/comments?post=18253"}],"version-history":[{"count":0,"href":"https:\/\/monde25.info\/index.php\/wp-json\/wp\/v2\/posts\/18253\/revisions"}],"wp:featuredmedia":[{"embeddable":true,"href":"https:\/\/monde25.info\/index.php\/wp-json\/wp\/v2\/media\/18254"}],"wp:attachment":[{"href":"https:\/\/monde25.info\/index.php\/wp-json\/wp\/v2\/media?parent=18253"}],"wp:term":[{"taxonomy":"category","embeddable":true,"href":"https:\/\/monde25.info\/index.php\/wp-json\/wp\/v2\/categories?post=18253"},{"taxonomy":"post_tag","embeddable":true,"href":"https:\/\/monde25.info\/index.php\/wp-json\/wp\/v2\/tags?post=18253"}],"curies":[{"name":"wp","href":"https:\/\/api.w.org\/{rel}","templated":true}]}}